{"id":443252,"date":"2023-12-11T09:45:23","date_gmt":"2023-12-11T02:45:23","guid":{"rendered":"https:\/\/www.ivivu.com\/blog\/?p=443252"},"modified":"2025-11-19T15:17:26","modified_gmt":"2025-11-19T08:17:26","slug":"ky-nghi-don-nam-moi-ruc-ro-tai-ville-de-mont-mountain-sapa","status":"publish","type":"post","link":"https:\/\/www.ivivu.com\/blog\/2023\/12\/ky-nghi-don-nam-moi-ruc-ro-tai-ville-de-mont-mountain-sapa\/","title":{"rendered":"K\u1ef3 ngh\u1ec9 \u0111\u00f3n n\u0103m m\u1edbi r\u1ef1c r\u1ee1 t\u1ea1i Ville De Mont Mountain Sapa"},"content":{"rendered":"<p style=\"text-align: justify;\"><strong><em><a href=\"https:\/\/www.ivivu.com\/khach-san-sapa\/ville-de-mont-mountain-sapa?utm_source=blog_ivivu&amp;utm_medium=post_link&amp;utm_campaign=internal\" target=\"_blank\" rel=\"noopener\">Ville De Mont Mountain Sapa<\/a> l\u00e0 khu ngh\u1ec9 d\u01b0\u1ee1ng tr\u00ean n\u00fai cao nh\u1ea5t Vi\u1ec7t Nam, g\u00e2y \u1ea5n t\u01b0\u1ee3ng v\u1edbi thi\u1ebft k\u1ebf m\u00e3n nh\u00e3n. C\u00f9ng iVIVU t\u1eadn h\u01b0\u1edfng k\u1ef3 ngh\u1ec9 cu\u1ed1i n\u0103m t\u1ea1i resort v\u1edbi nh\u1eefng tr\u1ea3i nghi\u1ec7m \u0111\u1ed9c \u0111\u00e1o ch\u01b0a t\u1eebng c\u00f3!<\/em><\/strong><!--more--><\/p>\n<p style=\"text-align: justify;\"><div class=\"ltt-contentbox white\"><\/span><strong>Xem th\u00eam: <a href=\"https:\/\/www.ivivu.com\/blog\/category\/viet-nam\/sapa-viet-nam\/\" target=\"_blank\" rel=\"noopener\">Du l\u1ecbch Sapa <\/a><\/strong><\/div><\/p>\n<h2 style=\"text-align: justify;\">K\u1ef3 ngh\u1ec9 \u0111\u00f3n n\u0103m m\u1edbi r\u1ef1c r\u1ee1 t\u1ea1i Ville De Mont Mountain Sapa<\/h2>\n<p><a href=\"https:\/\/cdn3.ivivu.com\/2023\/12\/ville-de-mont-mountain-resort-ivivu25.jpg\"><img loading=\"lazy\" decoding=\"async\" class=\"aligncenter size-full wp-image-443281\" src=\"https:\/\/cdn3.ivivu.com\/2023\/12\/ville-de-mont-mountain-resort-ivivu25.jpg\" alt=\"ville-de-mont-mountain-resort-ivivu25\" width=\"1282\" height=\"800\" srcset=\"https:\/\/cdn3.ivivu.com\/2023\/12\/ville-de-mont-mountain-resort-ivivu25.jpg 1282w, https:\/\/cdn3.ivivu.com\/2023\/12\/ville-de-mont-mountain-resort-ivivu25-489x305.jpg 489w, https:\/\/cdn3.ivivu.com\/2023\/12\/ville-de-mont-mountain-resort-ivivu25-1024x639.jpg 1024w\" sizes=\"(max-width: 1282px) 100vw, 1282px\" \/><\/a><\/p>\n<p style=\"text-align: justify;\"><a href=\"https:\/\/cdn3.ivivu.com\/2023\/12\/Ville-De-Mont-Mountain-Sapa-ivivu-min.png\"><img loading=\"lazy\" decoding=\"async\" class=\"alignnone size-full wp-image-443329\" src=\"https:\/\/cdn3.ivivu.com\/2023\/12\/Ville-De-Mont-Mountain-Sapa-ivivu-min.png\" alt=\"Ville- De- Mont -Mountain- Sapa-ivivu-min\" width=\"1360\" height=\"800\" srcset=\"https:\/\/cdn3.ivivu.com\/2023\/12\/Ville-De-Mont-Mountain-Sapa-ivivu-min.png 1360w, https:\/\/cdn3.ivivu.com\/2023\/12\/Ville-De-Mont-Mountain-Sapa-ivivu-min-519x305.png 519w, https:\/\/cdn3.ivivu.com\/2023\/12\/Ville-De-Mont-Mountain-Sapa-ivivu-min-1024x602.png 1024w, https:\/\/cdn3.ivivu.com\/2023\/12\/Ville-De-Mont-Mountain-Sapa-ivivu-min-50x28.png 50w\" sizes=\"(max-width: 1360px) 100vw, 1360px\" \/><\/a>H\u00e0nh tr\u00ecnh \u0111\u1ebfn v\u1edbi <strong>Ville De Mont Mountain Sapa<\/strong> l\u00e0 h\u00e0nh tr\u00ecnh c\u1ee7a s\u1ef1 kh\u00e1m ph\u00e1 nh\u1eefng \u0111i\u1ec1u ch\u01b0a t\u1eebng c\u00f3. Kh\u00e1m ph\u00e1 thi\u00ean nhi\u00ean k\u00ec v\u0129 c\u1ee7a T\u00e2y B\u1eafc \u0111\u1ea1i ng\u00e0n, kh\u00e1m ph\u00e1 v\u0103n h\u00f3a b\u1ea3n \u0111\u1ecba \u0111\u1ed9c \u0111\u00e1o c\u1ee7a 6 d\u00e2n t\u1ed9c thi\u1ec3u s\u1ed1 t\u1ea1i Sapa v\u00e0 \u0111\u1ed3ng th\u1eddi kh\u00e1m ph\u00e1 ch\u00ednh b\u1ea3n th\u00e2n m\u00ecnh. Kh\u00f4ng g\u00ec b\u1eb1ng c\u1ea3m gi\u00e1c th\u1ee9c d\u1eady trong m\u1ed9t khu r\u1eebng s\u1edf h\u1eefu \u0111\u1ed9 cao \u0111\u1eb7c bi\u1ec7t \u2013 \u00e2m thanh, c\u1ea3m gi\u00e1c v\u00e0 s\u1ef1 k\u00edch th\u00edch tuy\u1ec7t \u0111\u1ed1i c\u1ee7a nh\u1eefng c\u1ea3nh quan \u0111a d\u1ea1ng sinh h\u1ecdc \u0111\u01b0\u1ee3c xem nh\u01b0 m\u1ed9t l\u1eddi nh\u1eafc nh\u1edf k\u00ec di\u1ec7u v\u1ec1 s\u1ef1 k\u00ec v\u0129 c\u1ee7a thi\u00ean nhi\u00ean.<\/p>\n<p style=\"text-align: justify;\"><a href=\"https:\/\/cdn3.ivivu.com\/2023\/12\/ville-de-mont-mountain-resort-ivivu5.jpg\"><img loading=\"lazy\" decoding=\"async\" class=\"aligncenter size-full wp-image-443270\" src=\"https:\/\/cdn3.ivivu.com\/2023\/12\/ville-de-mont-mountain-resort-ivivu5.jpg\" alt=\"ville-de-mont-mountain-resort-ivivu5\" width=\"2048\" height=\"1367\" srcset=\"https:\/\/cdn3.ivivu.com\/2023\/12\/ville-de-mont-mountain-resort-ivivu5.jpg 2048w, https:\/\/cdn3.ivivu.com\/2023\/12\/ville-de-mont-mountain-resort-ivivu5-457x305.jpg 457w, https:\/\/cdn3.ivivu.com\/2023\/12\/ville-de-mont-mountain-resort-ivivu5-1024x684.jpg 1024w\" sizes=\"(max-width: 2048px) 100vw, 2048px\" \/><\/a><\/p>\n<p style=\"text-align: justify;\"><a href=\"https:\/\/cdn3.ivivu.com\/2023\/12\/ville-de-mont-mountain-resort-ivivu4.jpg\"><img loading=\"lazy\" decoding=\"async\" class=\"aligncenter size-full wp-image-443271\" src=\"https:\/\/cdn3.ivivu.com\/2023\/12\/ville-de-mont-mountain-resort-ivivu4.jpg\" alt=\"ville-de-mont-mountain-resort-ivivu4\" width=\"2048\" height=\"1365\" srcset=\"https:\/\/cdn3.ivivu.com\/2023\/12\/ville-de-mont-mountain-resort-ivivu4.jpg 2048w, https:\/\/cdn3.ivivu.com\/2023\/12\/ville-de-mont-mountain-resort-ivivu4-458x305.jpg 458w, https:\/\/cdn3.ivivu.com\/2023\/12\/ville-de-mont-mountain-resort-ivivu4-1024x683.jpg 1024w\" sizes=\"(max-width: 2048px) 100vw, 2048px\" \/><\/a>Tu\u00e2n theo tri\u1ebft l\u00fd b\u1ea3o t\u1ed3n thi\u00ean nhi\u00ean v\u00e0 b\u1ea3o t\u1ed3n v\u0103n h\u00f3a b\u1ea3n \u0111\u1ecba, khu ngh\u1ec9 d\u01b0\u1ee1ng v\u1edbi 39 c\u0103n bi\u1ec7t th\u1ef1 bao g\u1ed3m: premium villa by the samu, executive villa on the rock. L\u1ea5y c\u1ea3m h\u1ee9ng thi\u1ebft k\u1ebf t\u1eeb nh\u1eefng bi\u1ec7t th\u1ef1 Ph\u00e1p c\u1ed5 k\u1ebft h\u1ee3p v\u1edbi ki\u1ebfn tr\u00fac b\u1ea3n \u0111\u1ecba Sapa, m\u1ed7i bi\u1ec7t th\u1ef1 l\u00e0 m\u1ed9t ki\u1ec7t t\u00e1c \u0111\u1ed9c b\u1ea3n n\u01b0\u01a1ng theo \u0111\u1ecba h\u00ecnh t\u1ef1 nhi\u00ean, gi\u1eef tr\u1ecdn v\u1ebb \u0111\u1eb9p c\u1ee7a m\u1ed9t Sapa nguy\u00ean b\u1ea3n. N\u1ed9i th\u1ea5t \u0111\u01b0\u1ee3c thi\u1ebft k\u1ebf h\u00e0i h\u00f2a t\u1eeb c\u00e1c nguy\u00ean li\u1ec7u t\u1ef1 nhi\u00ean nh\u01b0 \u0111\u00e1, g\u1ed7 b\u1ea3n \u0111\u1ecba m\u00e0u tr\u1ea7m, k\u1ebft h\u1ee3p h\u00e0i h\u00f2a v\u1edbi c\u00e1c \u0111\u1ed3 th\u1ed5 c\u1ea9m th\u1ee7 c\u00f4ng \u0111\u01b0\u1ee3c c\u00e1c b\u00e0, c\u00e1c c\u00f4 ng\u01b0\u1eddi d\u00e2n t\u1ed9c b\u1ea3n \u0111\u1ecba l\u00e0m ri\u00eang cho resort.<\/p>\n<p style=\"text-align: justify;\"><a href=\"https:\/\/cdn3.ivivu.com\/2023\/12\/Ville-De-Mont-Mountain-Sapa-ivivu-3.png\"><img loading=\"lazy\" decoding=\"async\" class=\"alignnone size-full wp-image-443330\" src=\"https:\/\/cdn3.ivivu.com\/2023\/12\/Ville-De-Mont-Mountain-Sapa-ivivu-3.png\" alt=\"Ville- De- Mont -Mountain- Sapa-ivivu-3\" width=\"720\" height=\"800\" srcset=\"https:\/\/cdn3.ivivu.com\/2023\/12\/Ville-De-Mont-Mountain-Sapa-ivivu-3.png 720w, https:\/\/cdn3.ivivu.com\/2023\/12\/Ville-De-Mont-Mountain-Sapa-ivivu-3-275x305.png 275w\" sizes=\"(max-width: 720px) 100vw, 720px\" \/><\/a><\/p>\n<p style=\"text-align: justify;\"><a href=\"https:\/\/cdn3.ivivu.com\/2023\/12\/ville-de-mont-mountain-resort-ivivu10.jpg\"><img loading=\"lazy\" decoding=\"async\" class=\"aligncenter size-full wp-image-443265\" src=\"https:\/\/cdn3.ivivu.com\/2023\/12\/ville-de-mont-mountain-resort-ivivu10.jpg\" alt=\"ville-de-mont-mountain-resort-ivivu10\" width=\"2048\" height=\"1365\" srcset=\"https:\/\/cdn3.ivivu.com\/2023\/12\/ville-de-mont-mountain-resort-ivivu10.jpg 2048w, https:\/\/cdn3.ivivu.com\/2023\/12\/ville-de-mont-mountain-resort-ivivu10-458x305.jpg 458w, https:\/\/cdn3.ivivu.com\/2023\/12\/ville-de-mont-mountain-resort-ivivu10-1024x683.jpg 1024w\" sizes=\"(max-width: 2048px) 100vw, 2048px\" \/><\/a><\/p>\n<p style=\"text-align: justify;\"><a href=\"https:\/\/cdn3.ivivu.com\/2023\/12\/ville-de-mont-mountain-resort-ivivu11.jpg\"><img loading=\"lazy\" decoding=\"async\" class=\"aligncenter size-full wp-image-443264\" src=\"https:\/\/cdn3.ivivu.com\/2023\/12\/ville-de-mont-mountain-resort-ivivu11.jpg\" alt=\"ville-de-mont-mountain-resort-ivivu11\" width=\"2048\" height=\"1365\" srcset=\"https:\/\/cdn3.ivivu.com\/2023\/12\/ville-de-mont-mountain-resort-ivivu11.jpg 2048w, https:\/\/cdn3.ivivu.com\/2023\/12\/ville-de-mont-mountain-resort-ivivu11-458x305.jpg 458w, https:\/\/cdn3.ivivu.com\/2023\/12\/ville-de-mont-mountain-resort-ivivu11-1024x683.jpg 1024w\" sizes=\"(max-width: 2048px) 100vw, 2048px\" \/><\/a><\/p>\n<p style=\"text-align: justify;\"><a href=\"https:\/\/cdn3.ivivu.com\/2023\/12\/ville-de-mont-mountain-resort-ivivu12.jpg\"><img loading=\"lazy\" decoding=\"async\" class=\"aligncenter size-full wp-image-443263\" src=\"https:\/\/cdn3.ivivu.com\/2023\/12\/ville-de-mont-mountain-resort-ivivu12.jpg\" alt=\"ville-de-mont-mountain-resort-ivivu12\" width=\"2048\" height=\"1365\" srcset=\"https:\/\/cdn3.ivivu.com\/2023\/12\/ville-de-mont-mountain-resort-ivivu12.jpg 2048w, https:\/\/cdn3.ivivu.com\/2023\/12\/ville-de-mont-mountain-resort-ivivu12-458x305.jpg 458w, https:\/\/cdn3.ivivu.com\/2023\/12\/ville-de-mont-mountain-resort-ivivu12-1024x683.jpg 1024w\" sizes=\"(max-width: 2048px) 100vw, 2048px\" \/><\/a>\u1ea8m th\u1ef1c \u0111\u1ed9c \u0111\u00e1o \u1edf <strong><em>Ville De Mont Mountain Sapa<\/em> <\/strong>mang h\u01b0\u01a1ng v\u1ecb \u0111\u1ecba ph\u01b0\u01a1ng kh\u00f3 qu\u00ean. M\u1ed7i m\u00f3n \u0103n l\u00e0 m\u1ed9t t\u00e1c ph\u1ea9m ngh\u1ec7 thu\u1eadt v\u1edbi nguy\u00ean li\u1ec7u \u0111\u1ecba ph\u01b0\u01a1ng, c\u00e1ch ch\u1ebf bi\u1ebfn kh\u00e9o l\u00e9o, mang \u0111\u1ebfn cho th\u1ef1c kh\u00e1ch tr\u1ea3i nghi\u1ec7m d\u00f9ng b\u1eefa tuy\u1ec7t v\u1eddi. Nh\u1eefng c\u00f4ng th\u1ee9c b\u1ea3n \u0111\u1ecba \u0111\u01b0\u1ee3c c\u00e1c \u0111\u1ea7u b\u1ebfp k\u1ebf th\u1eeba v\u00e0 n\u00e2ng t\u1ea7m th\u00e0nh nh\u1eefng m\u00f3n \u0103n c\u1ea7u k\u1ef3, sang tr\u1ecdng hay nh\u1eefng b\u1eefa ti\u1ec7c BBQ ngon mi\u1ec7ng.<\/p>\n<p style=\"text-align: justify;\"><a href=\"https:\/\/cdn3.ivivu.com\/2023\/12\/Ville-De-Mont-Mountain-Sapa-ivivu-16.jpg\"><img loading=\"lazy\" decoding=\"async\" class=\"alignnone size-full wp-image-443336\" src=\"https:\/\/cdn3.ivivu.com\/2023\/12\/Ville-De-Mont-Mountain-Sapa-ivivu-16.jpg\" alt=\"Ville- De- Mont -Mountain- Sapa-ivivu-16\" width=\"1200\" height=\"900\" srcset=\"https:\/\/cdn3.ivivu.com\/2023\/12\/Ville-De-Mont-Mountain-Sapa-ivivu-16.jpg 1200w, https:\/\/cdn3.ivivu.com\/2023\/12\/Ville-De-Mont-Mountain-Sapa-ivivu-16-407x305.jpg 407w, https:\/\/cdn3.ivivu.com\/2023\/12\/Ville-De-Mont-Mountain-Sapa-ivivu-16-1024x768.jpg 1024w\" sizes=\"(max-width: 1200px) 100vw, 1200px\" \/><\/a><\/p>\n<p style=\"text-align: justify;\"><a href=\"https:\/\/cdn3.ivivu.com\/2023\/12\/Ville-De-Mont-Mountain-Sapa-ivivu-15.jpg\"><img loading=\"lazy\" decoding=\"async\" class=\"alignnone size-full wp-image-443337\" src=\"https:\/\/cdn3.ivivu.com\/2023\/12\/Ville-De-Mont-Mountain-Sapa-ivivu-15.jpg\" alt=\"Ville- De- Mont -Mountain- Sapa-ivivu-15\" width=\"2048\" height=\"1365\" srcset=\"https:\/\/cdn3.ivivu.com\/2023\/12\/Ville-De-Mont-Mountain-Sapa-ivivu-15.jpg 2048w, https:\/\/cdn3.ivivu.com\/2023\/12\/Ville-De-Mont-Mountain-Sapa-ivivu-15-458x305.jpg 458w, https:\/\/cdn3.ivivu.com\/2023\/12\/Ville-De-Mont-Mountain-Sapa-ivivu-15-1024x683.jpg 1024w\" sizes=\"(max-width: 2048px) 100vw, 2048px\" \/><\/a> <a href=\"https:\/\/cdn3.ivivu.com\/2023\/12\/Ville-De-Mont-Mountain-Sapa-ivivu-14.jpg\"><img loading=\"lazy\" decoding=\"async\" class=\"alignnone size-full wp-image-443338\" src=\"https:\/\/cdn3.ivivu.com\/2023\/12\/Ville-De-Mont-Mountain-Sapa-ivivu-14.jpg\" alt=\"Ville- De- Mont -Mountain- Sapa-ivivu-14\" width=\"2048\" height=\"1367\" srcset=\"https:\/\/cdn3.ivivu.com\/2023\/12\/Ville-De-Mont-Mountain-Sapa-ivivu-14.jpg 2048w, https:\/\/cdn3.ivivu.com\/2023\/12\/Ville-De-Mont-Mountain-Sapa-ivivu-14-457x305.jpg 457w, https:\/\/cdn3.ivivu.com\/2023\/12\/Ville-De-Mont-Mountain-Sapa-ivivu-14-1024x684.jpg 1024w\" sizes=\"(max-width: 2048px) 100vw, 2048px\" \/><\/a>Khu v\u1ef1c spa v\u1edbi t\u1ea7m nh\u00ecn ra thung l\u0169ng M\u01b0\u1eddng Hoa, n\u01a1i kh\u00e1ch h\u00e0ng \u0111\u01b0\u1ee3c th\u01b0 gi\u00e3n b\u1edfi c\u00e1c b\u00e0i thu\u1ed1c tr\u1ecb li\u1ec7u b\u1ea3n \u0111\u1ecba nh\u01b0 t\u1eafm l\u00e1 thu\u1ed1c Dao \u0111\u1ecf, massage b\u1ea5m huy\u1ec7t th\u1ea3i \u0111\u1ed9c b\u1eb1ng th\u1ea3o d\u01b0\u1ee3c, \u0111\u00e1 n\u00f3ng,.. Kh\u00f4ng gian \u1ea5m \u00e1p h\u00f2a m\u00ecnh c\u00f9ng thi\u00ean nhi\u00ean gi\u00fap du kh\u00e1ch c\u00f3 th\u00eam nh\u1eefng ph\u00fat gi\u00e2y th\u1ea3nh th\u01a1i v\u00e0 th\u01b0 gi\u00e3n tuy\u1ec7t v\u1eddi trong k\u1ef3 ngh\u1ec9 d\u01b0\u1ee1ng t\u1ea1i <em>Ville De Mont Mountain Sapa.<\/em><\/p>\n<p style=\"text-align: justify;\"><a href=\"https:\/\/cdn3.ivivu.com\/2023\/12\/Ville-De-Mont-Mountain-Sapa-ivivu-17.jpg\"><img loading=\"lazy\" decoding=\"async\" class=\"alignnone size-full wp-image-443340\" src=\"https:\/\/cdn3.ivivu.com\/2023\/12\/Ville-De-Mont-Mountain-Sapa-ivivu-17.jpg\" alt=\"Ville- De- Mont -Mountain- Sapa-ivivu-17\" width=\"2048\" height=\"1367\" srcset=\"https:\/\/cdn3.ivivu.com\/2023\/12\/Ville-De-Mont-Mountain-Sapa-ivivu-17.jpg 2048w, https:\/\/cdn3.ivivu.com\/2023\/12\/Ville-De-Mont-Mountain-Sapa-ivivu-17-457x305.jpg 457w, https:\/\/cdn3.ivivu.com\/2023\/12\/Ville-De-Mont-Mountain-Sapa-ivivu-17-1024x684.jpg 1024w\" sizes=\"(max-width: 2048px) 100vw, 2048px\" \/><\/a> <a href=\"https:\/\/cdn3.ivivu.com\/2023\/12\/Ville-De-Mont-Mountain-Sapa-ivivu-18.jpg\"><img loading=\"lazy\" decoding=\"async\" class=\"alignnone size-full wp-image-443339\" src=\"https:\/\/cdn3.ivivu.com\/2023\/12\/Ville-De-Mont-Mountain-Sapa-ivivu-18.jpg\" alt=\"Ville- De- Mont -Mountain- Sapa-ivivu-18\" width=\"2048\" height=\"1365\" srcset=\"https:\/\/cdn3.ivivu.com\/2023\/12\/Ville-De-Mont-Mountain-Sapa-ivivu-18.jpg 2048w, https:\/\/cdn3.ivivu.com\/2023\/12\/Ville-De-Mont-Mountain-Sapa-ivivu-18-458x305.jpg 458w, https:\/\/cdn3.ivivu.com\/2023\/12\/Ville-De-Mont-Mountain-Sapa-ivivu-18-1024x683.jpg 1024w\" sizes=\"(max-width: 2048px) 100vw, 2048px\" \/><\/a>B\u00ean c\u1ea1nh \u0111\u00f3, khu ngh\u1ec9 d\u01b0\u1ee1ng c\u00f2n cung c\u1ea5p c\u00e1c ti\u1ec7n \u00edch &#8211; d\u1ecbch v\u1ee5 nh\u01b0: h\u1ed3 b\u01a1i; t\u1ed5 ch\u1ee9c nhi\u1ec1u ho\u1ea1t \u0111\u1ed9ng tr\u1ea3i nghi\u1ec7m th\u00fa v\u1ecb nh\u01b0 \u0111\u1ea1p xe, hiking, trekking v\u00e0 h\u1ecdc l\u00e0m ngh\u1ec1 truy\u1ec1n th\u1ed1ng c\u1ee7a ng\u01b0\u1eddi b\u1ea3n \u0111\u1ecba: nhu\u1ed9m ch\u00e0m, v\u1ebd s\u00e1p ong, l\u00e0m b\u00e1nh d\u00e0y,\u2026; tour kh\u00e1m ph\u00e1 v\u0103n h\u00f3a b\u1ea3n \u0111\u1ecba; ho\u1ea1t \u0111\u1ed9ng kh\u00e1m ph\u00e1 thi\u00ean nhi\u00ean; r\u1ea1p chi\u1ebfu phim ngo\u00e0i tr\u1eddi; h\u00e1i hoa v\u00e0 c\u1eafm hoa ngh\u1ec7 thu\u1eadt; h\u1ecdc l\u00e0m tr\u00e0 hoa \u0111\u1eadu bi\u1ebfc&#8230;<\/p>\n<p style=\"text-align: justify;\"><a href=\"https:\/\/cdn3.ivivu.com\/2023\/12\/Ville-De-Mont-Mountain-Sapa-ivivu-23-min.png\"><img loading=\"lazy\" decoding=\"async\" class=\"alignnone size-full wp-image-443346\" src=\"https:\/\/cdn3.ivivu.com\/2023\/12\/Ville-De-Mont-Mountain-Sapa-ivivu-23-min.png\" alt=\"Ville- De- Mont -Mountain- Sapa-ivivu-23-min\" width=\"1244\" height=\"1878\" srcset=\"https:\/\/cdn3.ivivu.com\/2023\/12\/Ville-De-Mont-Mountain-Sapa-ivivu-23-min.png 1244w, https:\/\/cdn3.ivivu.com\/2023\/12\/Ville-De-Mont-Mountain-Sapa-ivivu-23-min-202x305.png 202w, https:\/\/cdn3.ivivu.com\/2023\/12\/Ville-De-Mont-Mountain-Sapa-ivivu-23-min-678x1024.png 678w\" sizes=\"(max-width: 1244px) 100vw, 1244px\" \/><\/a> <a href=\"https:\/\/cdn3.ivivu.com\/2023\/12\/Ville-De-Mont-Mountain-Sapa-ivivu-24-min.png\"><img loading=\"lazy\" decoding=\"async\" class=\"alignnone size-full wp-image-443347\" src=\"https:\/\/cdn3.ivivu.com\/2023\/12\/Ville-De-Mont-Mountain-Sapa-ivivu-24-min.png\" alt=\"Ville- De- Mont -Mountain- Sapa-ivivu-24-min\" width=\"1247\" height=\"1881\" srcset=\"https:\/\/cdn3.ivivu.com\/2023\/12\/Ville-De-Mont-Mountain-Sapa-ivivu-24-min.png 1247w, https:\/\/cdn3.ivivu.com\/2023\/12\/Ville-De-Mont-Mountain-Sapa-ivivu-24-min-202x305.png 202w, https:\/\/cdn3.ivivu.com\/2023\/12\/Ville-De-Mont-Mountain-Sapa-ivivu-24-min-679x1024.png 679w\" sizes=\"(max-width: 1247px) 100vw, 1247px\" \/><\/a>\u0110\u1eb7c bi\u1ec7t k\u1ec3 t\u1eeb ng\u00e0y 22\/12, h\u00e3y c\u00f9ng ng\u01b0\u1eddi th\u01b0\u01a1ng v\u00e0 gia \u0111\u00ecnh \u0111\u1ebfn Ville De Mont Mountain Sapa \u0111\u1ec3 t\u1eadn h\u01b0\u1edfng kh\u00f4ng kh\u00ed cu\u1ed1i n\u0103m tuy\u1ec7t v\u1eddi v\u1edbi s\u1ef1 ki\u1ec7n \u0111\u00f3n Gi\u00e1ng sinh v\u00e0 n\u0103m m\u1edbi \u0111\u1eb7c s\u1eafc. Trong \u0111\u00f3, ch\u01b0\u01a1ng tr\u00ecnh \u0111\u00f3n Gi\u00e1ng sinh 2023 v\u1edbi chu\u1ed7i c\u00e1c ho\u1ea1t \u0111\u1ed9ng di\u1ec5n ra t\u1eeb ng\u00e0y 22\/12 \u0111\u1ebfn 24\/12 nh\u01b0: show nh\u1ea1c Twilight by the Valley, ti\u1ec7c BBQ buffet phi\u00ean ch\u1ee3 v\u00f9ng cao, ti\u1ec7c tr\u00e0 chi\u1ec1u, dinner show, r\u1ea1p chi\u1ebfu phim ngo\u00e0i tr\u1eddi, tr\u1ea3i nghi\u1ec7m v\u1ebd mi\u1ebfng g\u1ed7 Gi\u00e1ng sinh. Ch\u01b0\u01a1ng tr\u00ecnh \u0111\u00f3n n\u0103m m\u1edbi 2024 v\u1edbi chu\u1ed7i c\u00e1c ho\u1ea1t \u0111\u1ed9ng di\u1ec5n ra v\u00e0o ng\u00e0y 31\/12 nh\u01b0: ti\u1ec7c \u0111\u00f3n n\u0103m m\u1edbi, r\u1ea1p chi\u1ebfu phim ngo\u00e0i tr\u1eddi, ti\u1ec7c cocktail &#8211; countdown ch\u00e0o n\u0103m m\u1edbi c\u00f9ng ban nh\u1ea1c, ng\u1eafm ph\u00e1o hoa m\u1eebng n\u0103m m\u1edbi t\u1ea1i khu ngh\u1ec9 d\u01b0\u1ee1ng.<\/p>\n<div id=\"attachment_443342\" style=\"width: 2058px\" class=\"wp-caption alignnone\"><a href=\"https:\/\/cdn3.ivivu.com\/2023\/12\/Ville-De-Mont-Mountain-Sapa-ivivu-19.jpg\"><img loading=\"lazy\" decoding=\"async\" aria-describedby=\"caption-attachment-443342\" class=\"wp-image-443342 size-full\" src=\"https:\/\/cdn3.ivivu.com\/2023\/12\/Ville-De-Mont-Mountain-Sapa-ivivu-19.jpg\" alt=\"Ville- De- Mont -Mountain- Sapa-ivivu-19\" width=\"2048\" height=\"1365\" srcset=\"https:\/\/cdn3.ivivu.com\/2023\/12\/Ville-De-Mont-Mountain-Sapa-ivivu-19.jpg 2048w, https:\/\/cdn3.ivivu.com\/2023\/12\/Ville-De-Mont-Mountain-Sapa-ivivu-19-458x305.jpg 458w, https:\/\/cdn3.ivivu.com\/2023\/12\/Ville-De-Mont-Mountain-Sapa-ivivu-19-1024x683.jpg 1024w\" sizes=\"(max-width: 2048px) 100vw, 2048px\" \/><\/a><p id=\"caption-attachment-443342\" class=\"wp-caption-text\">B\u1eefa ti\u1ec7c Twilight by the Valley Dinner<\/p><\/div>\n<div id=\"attachment_443350\" style=\"width: 2058px\" class=\"wp-caption alignnone\"><a href=\"https:\/\/cdn3.ivivu.com\/2023\/12\/Ville-De-Mont-Mountain-Sapa-ivivu-23.jpg\"><img loading=\"lazy\" decoding=\"async\" aria-describedby=\"caption-attachment-443350\" class=\"size-full wp-image-443350\" src=\"https:\/\/cdn3.ivivu.com\/2023\/12\/Ville-De-Mont-Mountain-Sapa-ivivu-23.jpg\" alt=\"Dinner show &quot;Tus De Liab Cabaret&quot;\" width=\"2048\" height=\"1367\" srcset=\"https:\/\/cdn3.ivivu.com\/2023\/12\/Ville-De-Mont-Mountain-Sapa-ivivu-23.jpg 2048w, https:\/\/cdn3.ivivu.com\/2023\/12\/Ville-De-Mont-Mountain-Sapa-ivivu-23-457x305.jpg 457w, https:\/\/cdn3.ivivu.com\/2023\/12\/Ville-De-Mont-Mountain-Sapa-ivivu-23-1024x684.jpg 1024w\" sizes=\"(max-width: 2048px) 100vw, 2048px\" \/><\/a><p id=\"caption-attachment-443350\" class=\"wp-caption-text\">Dinner show &#8220;Tus De Liab Cabaret&#8221;<\/p><\/div>\n<p><a href=\"https:\/\/cdn3.ivivu.com\/2023\/12\/Ville-De-Mont-Mountain-Sapa-ivivu-21-min.jpg\"><img loading=\"lazy\" decoding=\"async\" class=\"alignnone size-full wp-image-443344\" src=\"https:\/\/cdn3.ivivu.com\/2023\/12\/Ville-De-Mont-Mountain-Sapa-ivivu-21-min.jpg\" alt=\"Ville- De- Mont -Mountain- Sapa-ivivu-21-min\" width=\"1876\" height=\"1876\" srcset=\"https:\/\/cdn3.ivivu.com\/2023\/12\/Ville-De-Mont-Mountain-Sapa-ivivu-21-min.jpg 1876w, https:\/\/cdn3.ivivu.com\/2023\/12\/Ville-De-Mont-Mountain-Sapa-ivivu-21-min-305x305.jpg 305w, https:\/\/cdn3.ivivu.com\/2023\/12\/Ville-De-Mont-Mountain-Sapa-ivivu-21-min-1024x1024.jpg 1024w, https:\/\/cdn3.ivivu.com\/2023\/12\/Ville-De-Mont-Mountain-Sapa-ivivu-21-min-75x75.jpg 75w\" sizes=\"(max-width: 1876px) 100vw, 1876px\" \/><\/a><\/p>\n<p style=\"text-align: justify;\"><a href=\"https:\/\/cdn3.ivivu.com\/2023\/12\/Ville-De-Mont-Mountain-Sapa-ivivu-20.jpg\"><img loading=\"lazy\" decoding=\"async\" class=\"alignnone size-full wp-image-443343\" src=\"https:\/\/cdn3.ivivu.com\/2023\/12\/Ville-De-Mont-Mountain-Sapa-ivivu-20.jpg\" alt=\"Ville- De- Mont -Mountain- Sapa-ivivu-20\" width=\"1876\" height=\"1857\" srcset=\"https:\/\/cdn3.ivivu.com\/2023\/12\/Ville-De-Mont-Mountain-Sapa-ivivu-20.jpg 1876w, https:\/\/cdn3.ivivu.com\/2023\/12\/Ville-De-Mont-Mountain-Sapa-ivivu-20-308x305.jpg 308w, https:\/\/cdn3.ivivu.com\/2023\/12\/Ville-De-Mont-Mountain-Sapa-ivivu-20-1024x1014.jpg 1024w, https:\/\/cdn3.ivivu.com\/2023\/12\/Ville-De-Mont-Mountain-Sapa-ivivu-20-75x75.jpg 75w\" sizes=\"(max-width: 1876px) 100vw, 1876px\" \/><\/a><\/p>\n<div id=\"attachment_443348\" style=\"width: 1259px\" class=\"wp-caption alignnone\"><a href=\"https:\/\/cdn3.ivivu.com\/2023\/12\/Ville-De-Mont-Mountain-Sapa-ivivu-25-min.png\"><img loading=\"lazy\" decoding=\"async\" aria-describedby=\"caption-attachment-443348\" class=\"wp-image-443348 size-full\" src=\"https:\/\/cdn3.ivivu.com\/2023\/12\/Ville-De-Mont-Mountain-Sapa-ivivu-25-min.png\" alt=\"Ville- De- Mont -Mountain- Sapa-ivivu-25-min\" width=\"1249\" height=\"1872\" srcset=\"https:\/\/cdn3.ivivu.com\/2023\/12\/Ville-De-Mont-Mountain-Sapa-ivivu-25-min.png 1249w, https:\/\/cdn3.ivivu.com\/2023\/12\/Ville-De-Mont-Mountain-Sapa-ivivu-25-min-203x305.png 203w, https:\/\/cdn3.ivivu.com\/2023\/12\/Ville-De-Mont-Mountain-Sapa-ivivu-25-min-683x1024.png 683w\" sizes=\"(max-width: 1249px) 100vw, 1249px\" \/><\/a><p id=\"caption-attachment-443348\" class=\"wp-caption-text\">Th\u00f4ng tin chi ti\u1ebft v\u1ec1 c\u00e1c ho\u1ea1t \u0111\u1ed9ng trong ti\u1ec7c Gi\u00e1ng sinh<\/p><\/div>\n<div id=\"attachment_443349\" style=\"width: 1256px\" class=\"wp-caption alignnone\"><a href=\"https:\/\/cdn3.ivivu.com\/2023\/12\/Ville-De-Mont-Mountain-Sapa-ivivu-26-min.png\"><img loading=\"lazy\" decoding=\"async\" aria-describedby=\"caption-attachment-443349\" class=\"wp-image-443349 size-full\" src=\"https:\/\/cdn3.ivivu.com\/2023\/12\/Ville-De-Mont-Mountain-Sapa-ivivu-26-min.png\" alt=\"Ville- De- Mont -Mountain- Sapa-ivivu-26-min\" width=\"1246\" height=\"1876\" srcset=\"https:\/\/cdn3.ivivu.com\/2023\/12\/Ville-De-Mont-Mountain-Sapa-ivivu-26-min.png 1246w, https:\/\/cdn3.ivivu.com\/2023\/12\/Ville-De-Mont-Mountain-Sapa-ivivu-26-min-203x305.png 203w, https:\/\/cdn3.ivivu.com\/2023\/12\/Ville-De-Mont-Mountain-Sapa-ivivu-26-min-680x1024.png 680w\" sizes=\"(max-width: 1246px) 100vw, 1246px\" \/><\/a><p id=\"caption-attachment-443349\" class=\"wp-caption-text\">Th\u00f4ng tin chi ti\u1ebft v\u1ec1 c\u00e1c ho\u1ea1t \u0111\u1ed9ng trong ti\u1ec7c \u0111\u00f3n n\u0103m m\u1edbi 2024<\/p><\/div>\n<p style=\"text-align: justify;\"><strong><div class=\"ltt-contentbox white\"><\/span><\/strong><\/p>\n<p style=\"text-align: justify;\"><strong>Combo 2N1\u0110 + Limousine gi\u01b0\u1eddng n\u1eb1m + Villa 2 ph\u00f2ng ng\u1ee7 + 2 B\u1eefa \u0103n + Tr\u00e0 chi\u1ec1u<\/strong><\/p>\n<p style=\"text-align: justify;\"><strong>Combo bao g\u1ed3m<\/strong><\/p>\n<p style=\"text-align: justify;\">\u1ea8n m\u00ecnh v\u00e0o r\u1eebng th\u00f4ng samu h\u00e0ng tr\u0103m n\u0103m tu\u1ed5i t\u1ea1i \u0111\u1ed9 cao 1.550m bao b\u1ecdc b\u1edfi v\u1ebb \u0111\u1eb9p h\u00f9ng v\u0129 c\u1ee7a thi\u00ean nhi\u00ean n\u00fai r\u1eebng T\u00e2y B\u1eafc<\/p>\n<p style=\"text-align: justify;\">&#8211; Xe Limousine gi\u01b0\u1eddng n\u1eb1m kh\u1ee9 h\u1ed3i H\u00e0 N\u1ed9i &#8211; trung t\u00e2m Sapa (*)<\/p>\n<p style=\"text-align: justify;\">&#8211; 01 \u0111\u00eam ngh\u1ec9 d\u01b0\u1ee1ng t\u1ea1i ph\u00f2ng Executive Villa on The Rock 2 Bedrooms 4 kh\u00e1ch sang tr\u1ecdng h\u01b0\u1edbng n\u00fai r\u1eebng<\/p>\n<p style=\"text-align: justify;\">&#8211; B\u1eefa s\u00e1ng t\u1ef1 ch\u1ecdn qu\u1ed1c t\u1ebf t\u1ea1i nh\u00e0 h\u00e0ng Dining by the Valley<\/p>\n<p style=\"text-align: justify;\">&#8211; Th\u1ee9c u\u1ed1ng \u0111\u1eb7c tr\u01b0ng ch\u00e0o m\u1eebng khi nh\u1eadn ph\u00f2ng<\/p>\n<p style=\"text-align: justify;\">&#8211; B\u1eefa \u0103n tr\u01b0a Set menu \u0111\u1eb7c s\u1ea3n T\u00e2y B\u1eafc ho\u1eb7c L\u1ea9u c\u00e1 t\u1ea7m d\u00e0nh cho 2 kh\u00e1ch\/ph\u00f2ng ng\u1ee7<\/p>\n<p style=\"text-align: justify;\">&#8211; T\u1eb7ng 01 set tr\u00e0 chi\u1ec1u\/kh\u00e1ch\/\u0111\u00eam \u0111\u01b0\u1ee3c ph\u1ee5c v\u1ee5 t\u1eeb 15:30 \u0111\u1ebfn 16:30<\/p>\n<p style=\"text-align: justify;\">&#8211; Mi\u1ec5n ph\u00ed 05 \u0111\u1ed3 gi\u1eb7t l\u00e0\/villa\/\u0111\u00eam<\/p>\n<p style=\"text-align: justify;\">&#8211; Shuttle Bus v\u00e0o trung t\u00e2m Th\u1ecb tr\u1ea5n Sapa theo gi\u1edd c\u1ed1 \u0111\u1ecbnh<\/p>\n<p style=\"text-align: justify;\">&#8211; Mi\u1ec5n ph\u00ed v\u00e9 tham quan tuy\u1ebfn du l\u1ecbch b\u1ea3n l\u00e0ng Lao Ch\u1ea3i, T\u1ea3 Van, B\u1ea3n H\u1ed3, Thanh Ph\u00fa, N\u1eadm Cang<\/p>\n<p style=\"text-align: justify;\">(*) Qu\u00fd kh\u00e1ch tham kh\u1ea3o khung gi\u1edd Shuttle Bus ho\u1eb7c t\u1ef1 t\u00fac di chuy\u1ec3n \u0111\u1ebfn Khu ngh\u1ec9, xe trung chuy\u1ec3n ch\u01b0a ph\u1ee5c v\u1ee5 \u0111\u1ebfn Ville De Mont<\/p>\n<p style=\"text-align: justify;\">(***) \u0110\u1eb7t s\u1edbm 15 ng\u00e0y \u0111\u1ec3 \u0111\u01b0\u1ee3c \u01b0u \u0111\u00e3i gi\u1ea3m t\u1eeb 50.000 \u0111\/kh\u00e1ch<\/p>\n<p style=\"text-align: justify;\"><strong>\u0110i\u1ec1u ki\u1ec7n \u00e1p d\u1ee5ng<\/strong><\/p>\n<p style=\"text-align: justify;\">&#8211; \u0110\u1eb7t t\u1ed1i thi\u1ec3u 4 kh\u00e1ch\/Villa 2 Bedrooms, 6 kh\u00e1ch\/Villa 3 Bedrooms<\/p>\n<p style=\"text-align: justify;\">&#8211; \u0110\u1eb7t 2 kh\u00e1ch\/Villa c\u00f3 ph\u1ee5 thu th\u00eam<\/p>\n<p style=\"text-align: justify;\">&#8211; D\u00e0nh cho kh\u00e1ch Vi\u1ec7t Nam<\/p>\n<p style=\"text-align: justify;\">&#8211; Kh\u00f4ng \u00e1p d\u1ee5ng 29 &#8211; 31\/12<\/p>\n<p style=\"text-align: justify;\">&#8211; H\u1ea1n l\u01b0u tr\u00fa \u0111\u1ebfn 08\/02\/2024 (Th\u1ee9 6, Th\u1ee9 7 c\u00f3 ph\u1ee5 thu)<\/p>\n<p style=\"text-align: justify;\"><em>Kh\u1edfi h\u00e0nh t\u1eeb H\u00e0 N\u1ed9i<\/em><\/p>\n<p style=\"text-align: justify;\">01\/11 \u2192 28\/12\u00a0 \u00a03.199.000\u0111<\/p>\n<p style=\"text-align: justify;\">01\/01 \u2192 08\/02 \u00a0\u00a03.199.000\u0111<\/p>\n<p><strong>H\u01b0\u1edbng d\u1eabn \u0111\u1eb7t combo <a href=\"https:\/\/www.ivivu.com\/khach-san-sapa\/ville-de-mont-mountain-sapa?utm_source=blog_ivivu&amp;utm_medium=post_link&amp;utm_campaign=internal\" target=\"_blank\" rel=\"noopener\">Ville De Mont Mountain<\/a>:<\/strong><\/p>\n<p><strong>&#8211; G\u1ecdi ngay 1900 1870 (H\u1ed3 Ch\u00ed Minh), 1900 2045 (H\u00e0 N\u1ed9i), 1900 2087 (C\u1ea7n Th\u01a1) \u0111\u1ec3 \u0111\u01b0\u1ee3c t\u01b0 v\u1ea5n.<\/strong><\/p>\n<p><strong>&#8211; \u0110\u1eb7t online v\u00e0 xem l\u1ecbch tr\u00ecnh chi ti\u1ebft <a href=\"https:\/\/www.ivivu.com\/khach-san-sapa\/ville-de-mont-mountain-sapa?utm_source=blog_ivivu&amp;utm_medium=post_link&amp;utm_campaign=internal\" target=\"_blank\" rel=\"noopener\">T\u1ea0I \u0110\u00c2Y<\/a>.<\/div> <\/strong><\/p>\n<p style=\"text-align: right;\"><strong>Theo iVIVU.com<\/strong><\/p>\n<p style=\"text-align: left;\"><div class=\"ltt-contentbox white\"><\/span><\/p>\n<p style=\"text-align: left;\"><strong>Xem th\u00eam b\u00e0i vi\u1ebft:<\/strong><\/p>\n<p style=\"text-align: left;\"><strong><a href=\"https:\/\/www.ivivu.com\/blog\/2023\/09\/moc-chau-diem-den-thien-nhien-quyen-ru-bat-ky-ai\/\" target=\"_blank\" rel=\"noopener\">M\u1ed9c Ch\u00e2u, \u0111i\u1ec3m \u0111\u1ebfn thi\u00ean nhi\u00ean quy\u1ebfn r\u0169 b\u1ea5t k\u1ef3 ai<\/a><\/strong><\/p>\n<p style=\"text-align: left;\"><strong><a href=\"https:\/\/www.ivivu.com\/blog\/2022\/11\/du-lich-moc-chau-meo-di-chuyen-va-di-lai-thuan-tien-de-dang\/\" target=\"_blank\" rel=\"noopener\">Du l\u1ecbch M\u1ed9c Ch\u00e2u: M\u1eb9o di chuy\u1ec3n v\u00e0 \u0111i l\u1ea1i thu\u1eadn ti\u1ec7n, d\u1ec5 d\u00e0ng<\/a><\/strong><\/p>\n<p style=\"text-align: left;\"><strong><a href=\"https:\/\/www.ivivu.com\/blog\/2023\/02\/du-lich-moc-chau-kham-pha-thien-duong-bo-sua-xanh-muot-tai-viet-nam\/\" target=\"_blank\" rel=\"noopener\">Du l\u1ecbch M\u1ed9c Ch\u00e2u: Kh\u00e1m ph\u00e1 \u201cthi\u00ean \u0111\u01b0\u1eddng b\u00f2 s\u1eefa\u201d xanh m\u01b0\u1edbt t\u1ea1i Vi\u1ec7t Nam<\/a><\/strong><\/div><\/p>\n<h3 style=\"text-align: center;\"><div class=\"ltt-contentbox white\"><\/span>Click \u0111\u1eb7t ngay <a href=\"https:\/\/www.ivivu.com\/?utm_source=blog_ivivu&amp;utm_medium=post_link&amp;utm_campaign=internal\" target=\"_blank\" rel=\"noopener\">kh\u00e1ch s\u1ea1n Vi\u1ec7t Nam v\u00e0 tr\u00ean to\u00e0n th\u1ebf gi\u1edbi<\/a> gi\u00e1 t\u1ed1t nh\u1ea5t ch\u1ec9 c\u00f3 t\u1ea1i iVIVU.com!<\/div><\/h3>\n<p><strong>***<\/strong><\/p>\n<p><strong>Tham kh\u1ea3o: <a href=\"https:\/\/www.ivivu.com\/blog\/\" target=\"_blank\" rel=\"noopener\">C\u1ea9m nang du l\u1ecbch iVIVU.com<\/a><\/strong><\/p>\n","protected":false},"excerpt":{"rendered":"<p>Ville De Mont Mountain Sapa l\u00e0 khu ngh\u1ec9 d\u01b0\u1ee1ng tr\u00ean n\u00fai cao nh\u1ea5t Vi\u1ec7t Nam, g\u00e2y \u1ea5n t\u01b0\u1ee3ng v\u1edbi thi\u1ebft k\u1ebf m\u00e3n nh\u00e3n. C\u00f9ng iVIVU t\u1eadn h\u01b0\u1edfng k\u1ef3 ngh\u1ec9 cu\u1ed1i n\u0103m t\u1ea1i resort v\u1edbi nh\u1eefng tr\u1ea3i nghi\u1ec7m \u0111\u1ed9c \u0111\u00e1o ch\u01b0a&#8230;<\/p>\n","protected":false},"author":66,"featured_media":443350,"comment_status":"closed","ping_status":"open","sticky":false,"template":"","format":"standard","meta":{"_acf_changed":false,"footnotes":""},"categories":[241,229,795,797,14742],"tags":[5326,347,22103,639,5337,30154,717,43365],"acf":[],"yoast_head":"<!-- This site is optimized with the Yoast SEO Premium plugin v22.6 (Yoast SEO v22.6) - https:\/\/yoast.com\/wordpress\/plugins\/seo\/ -->\n<title>K\u1ef3 ngh\u1ec9 \u0111\u00f3n n\u0103m m\u1edbi r\u1ef1c r\u1ee1 t\u1ea1i Ville De Mont Mountain Sapa - iVIVU.com<\/title>\n<meta name=\"description\" content=\"Ville De Mont Mountain Sapa l\u00e0 khu ngh\u1ec9 d\u01b0\u1ee1ng tr\u00ean n\u00fai cao nh\u1ea5t Vi\u1ec7t Nam, g\u00e2y \u1ea5n t\u01b0\u1ee3ng v\u1edbi thi\u1ebft k\u1ebf m\u00e3n nh\u00e3n. C\u00f9ng iVIVU t\u1eadn h\u01b0\u1edfng k\u1ef3 ngh\u1ec9 cu\u1ed1i n\u0103m t\u1ea1i resort v\u1edbi nh\u1eefng tr\u1ea3i nghi\u1ec7m \u0111\u1ed9c \u0111\u00e1o ch\u01b0a t\u1eebng c\u00f3!\" \/>\n<meta name=\"robots\" content=\"index, follow, max-snippet:-1, max-image-preview:large, max-video-preview:-1\" \/>\n<link rel=\"canonical\" href=\"https:\/\/www.ivivu.com\/blog\/2023\/12\/ky-nghi-don-nam-moi-ruc-ro-tai-ville-de-mont-mountain-sapa\/\" \/>\n<meta name=\"twitter:label1\" content=\"\u0110\u01b0\u1ee3c vi\u1ebft b\u1edfi\" \/>\n\t<meta name=\"twitter:data1\" content=\"Thi Thi Nguy\u1ec5n Tr\u1ea7n\" \/>\n\t<meta name=\"twitter:label2\" content=\"\u01af\u1edbc t\u00ednh th\u1eddi gian \u0111\u1ecdc\" \/>\n\t<meta name=\"twitter:data2\" content=\"11 ph\u00fat\" \/>\n<script type=\"application\/ld+json\" class=\"yoast-schema-graph\">{\"@context\":\"https:\/\/schema.org\",\"@graph\":[{\"@type\":\"Article\",\"@id\":\"https:\/\/www.ivivu.com\/blog\/2023\/12\/ky-nghi-don-nam-moi-ruc-ro-tai-ville-de-mont-mountain-sapa\/#article\",\"isPartOf\":{\"@id\":\"https:\/\/www.ivivu.com\/blog\/2023\/12\/ky-nghi-don-nam-moi-ruc-ro-tai-ville-de-mont-mountain-sapa\/\"},\"author\":{\"name\":\"Thi Thi Nguy\u1ec5n Tr\u1ea7n\",\"@id\":\"https:\/\/www.ivivu.com\/blog\/#\/schema\/person\/908408d5f737923066744b4a25acdf2d\"},\"headline\":\"K\u1ef3 ngh\u1ec9 \u0111\u00f3n n\u0103m m\u1edbi r\u1ef1c r\u1ee1 t\u1ea1i Ville De Mont Mountain Sapa\",\"datePublished\":\"2023-12-11T02:45:23+00:00\",\"dateModified\":\"2025-11-19T08:17:26+00:00\",\"mainEntityOfPage\":{\"@id\":\"https:\/\/www.ivivu.com\/blog\/2023\/12\/ky-nghi-don-nam-moi-ruc-ro-tai-ville-de-mont-mountain-sapa\/\"},\"wordCount\":1649,\"publisher\":{\"@id\":\"https:\/\/www.ivivu.com\/blog\/#organization\"},\"image\":{\"@id\":\"https:\/\/www.ivivu.com\/blog\/2023\/12\/ky-nghi-don-nam-moi-ruc-ro-tai-ville-de-mont-mountain-sapa\/#primaryimage\"},\"thumbnailUrl\":\"https:\/\/cdn3.ivivu.com\/2023\/12\/Ville-De-Mont-Mountain-Sapa-ivivu-23.jpg\",\"keywords\":[\"\u1ea9m th\u1ef1c sapa\",\"Du l\u1ecbch Sapa\",\"\u0111i\u00ea\u0309m \u0111\u1ebfn\",\"Gi\u00e1ng sinh\",\"kh\u00e1ch s\u1ea1n sapa\",\"Sapa Jade Hill\",\"T\u1ebft d\u01b0\u01a1ng l\u1ecbch\",\"Ville De Mont Mountain Sapa\"],\"articleSection\":[\"Du l\u1ecbch Sapa\",\"DU L\u1ecaCH VI\u1ec6T NAM\",\"\u0110i\u1ec3m \u0111\u1ebfn\",\"Khuy\u1ebfn M\u00e3i\",\"N\u1ed5i B\u1eadt 2\"],\"inLanguage\":\"vi\"},{\"@type\":\"WebPage\",\"@id\":\"https:\/\/www.ivivu.com\/blog\/2023\/12\/ky-nghi-don-nam-moi-ruc-ro-tai-ville-de-mont-mountain-sapa\/\",\"url\":\"https:\/\/www.ivivu.com\/blog\/2023\/12\/ky-nghi-don-nam-moi-ruc-ro-tai-ville-de-mont-mountain-sapa\/\",\"name\":\"K\u1ef3 ngh\u1ec9 \u0111\u00f3n n\u0103m m\u1edbi r\u1ef1c r\u1ee1 t\u1ea1i Ville De Mont Mountain Sapa - iVIVU.com\",\"isPartOf\":{\"@id\":\"https:\/\/www.ivivu.com\/blog\/#website\"},\"primaryImageOfPage\":{\"@id\":\"https:\/\/www.ivivu.com\/blog\/2023\/12\/ky-nghi-don-nam-moi-ruc-ro-tai-ville-de-mont-mountain-sapa\/#primaryimage\"},\"image\":{\"@id\":\"https:\/\/www.ivivu.com\/blog\/2023\/12\/ky-nghi-don-nam-moi-ruc-ro-tai-ville-de-mont-mountain-sapa\/#primaryimage\"},\"thumbnailUrl\":\"https:\/\/cdn3.ivivu.com\/2023\/12\/Ville-De-Mont-Mountain-Sapa-ivivu-23.jpg\",\"datePublished\":\"2023-12-11T02:45:23+00:00\",\"dateModified\":\"2025-11-19T08:17:26+00:00\",\"description\":\"Ville De Mont Mountain Sapa l\u00e0 khu ngh\u1ec9 d\u01b0\u1ee1ng tr\u00ean n\u00fai cao nh\u1ea5t Vi\u1ec7t Nam, g\u00e2y \u1ea5n t\u01b0\u1ee3ng v\u1edbi thi\u1ebft k\u1ebf m\u00e3n nh\u00e3n. C\u00f9ng iVIVU t\u1eadn h\u01b0\u1edfng k\u1ef3 ngh\u1ec9 cu\u1ed1i n\u0103m t\u1ea1i resort v\u1edbi nh\u1eefng tr\u1ea3i nghi\u1ec7m \u0111\u1ed9c \u0111\u00e1o ch\u01b0a t\u1eebng c\u00f3!\",\"breadcrumb\":{\"@id\":\"https:\/\/www.ivivu.com\/blog\/2023\/12\/ky-nghi-don-nam-moi-ruc-ro-tai-ville-de-mont-mountain-sapa\/#breadcrumb\"},\"inLanguage\":\"vi\",\"potentialAction\":[{\"@type\":\"ReadAction\",\"target\":[\"https:\/\/www.ivivu.com\/blog\/2023\/12\/ky-nghi-don-nam-moi-ruc-ro-tai-ville-de-mont-mountain-sapa\/\"]}]},{\"@type\":\"ImageObject\",\"inLanguage\":\"vi\",\"@id\":\"https:\/\/www.ivivu.com\/blog\/2023\/12\/ky-nghi-don-nam-moi-ruc-ro-tai-ville-de-mont-mountain-sapa\/#primaryimage\",\"url\":\"https:\/\/cdn3.ivivu.com\/2023\/12\/Ville-De-Mont-Mountain-Sapa-ivivu-23.jpg\",\"contentUrl\":\"https:\/\/cdn3.ivivu.com\/2023\/12\/Ville-De-Mont-Mountain-Sapa-ivivu-23.jpg\",\"width\":2048,\"height\":1367,\"caption\":\"Dinner show \\\"Tus De Liab Cabaret\\\"\"},{\"@type\":\"BreadcrumbList\",\"@id\":\"https:\/\/www.ivivu.com\/blog\/2023\/12\/ky-nghi-don-nam-moi-ruc-ro-tai-ville-de-mont-mountain-sapa\/#breadcrumb\",\"itemListElement\":[{\"@type\":\"ListItem\",\"position\":1,\"name\":\"Home\",\"item\":\"https:\/\/www.ivivu.com\/blog\/\"},{\"@type\":\"ListItem\",\"position\":2,\"name\":\"K\u1ef3 ngh\u1ec9 \u0111\u00f3n n\u0103m m\u1edbi r\u1ef1c r\u1ee1 t\u1ea1i Ville De Mont Mountain Sapa\"}]},{\"@type\":\"WebSite\",\"@id\":\"https:\/\/www.ivivu.com\/blog\/#website\",\"url\":\"https:\/\/www.ivivu.com\/blog\/\",\"name\":\"C\u1ea9m nang du l\u1ecbch\",\"description\":\"\",\"publisher\":{\"@id\":\"https:\/\/www.ivivu.com\/blog\/#organization\"},\"potentialAction\":[{\"@type\":\"SearchAction\",\"target\":{\"@type\":\"EntryPoint\",\"urlTemplate\":\"https:\/\/www.ivivu.com\/blog\/?s={search_term_string}\"},\"query-input\":\"required name=search_term_string\"}],\"inLanguage\":\"vi\"},{\"@type\":\"Organization\",\"@id\":\"https:\/\/www.ivivu.com\/blog\/#organization\",\"name\":\"iVIVU.com\",\"url\":\"https:\/\/www.ivivu.com\/blog\/\",\"logo\":{\"@type\":\"ImageObject\",\"inLanguage\":\"vi\",\"@id\":\"https:\/\/www.ivivu.com\/blog\/#\/schema\/logo\/image\/\",\"url\":\"https:\/\/cdn3.ivivu.com\/2024\/01\/ivivu_no_slogan.png\",\"contentUrl\":\"https:\/\/cdn3.ivivu.com\/2024\/01\/ivivu_no_slogan.png\",\"width\":788,\"height\":565,\"caption\":\"iVIVU.com\"},\"image\":{\"@id\":\"https:\/\/www.ivivu.com\/blog\/#\/schema\/logo\/image\/\"},\"sameAs\":[\"https:\/\/www.facebook.com\/iVIVU\"]},{\"@type\":\"Person\",\"@id\":\"https:\/\/www.ivivu.com\/blog\/#\/schema\/person\/908408d5f737923066744b4a25acdf2d\",\"name\":\"Thi Thi Nguy\u1ec5n Tr\u1ea7n\",\"url\":\"https:\/\/www.ivivu.com\/blog\/author\/nguyentranthithikg2000\/\"}]}<\/script>\n<!-- \/ Yoast SEO Premium plugin. -->","yoast_head_json":{"title":"K\u1ef3 ngh\u1ec9 \u0111\u00f3n n\u0103m m\u1edbi r\u1ef1c r\u1ee1 t\u1ea1i Ville De Mont Mountain Sapa - iVIVU.com","description":"Ville De Mont Mountain Sapa l\u00e0 khu ngh\u1ec9 d\u01b0\u1ee1ng tr\u00ean n\u00fai cao nh\u1ea5t Vi\u1ec7t Nam, g\u00e2y \u1ea5n t\u01b0\u1ee3ng v\u1edbi thi\u1ebft k\u1ebf m\u00e3n nh\u00e3n. C\u00f9ng iVIVU t\u1eadn h\u01b0\u1edfng k\u1ef3 ngh\u1ec9 cu\u1ed1i n\u0103m t\u1ea1i resort v\u1edbi nh\u1eefng tr\u1ea3i nghi\u1ec7m \u0111\u1ed9c \u0111\u00e1o ch\u01b0a t\u1eebng c\u00f3!","robots":{"index":"index","follow":"follow","max-snippet":"max-snippet:-1","max-image-preview":"max-image-preview:large","max-video-preview":"max-video-preview:-1"},"canonical":"https:\/\/www.ivivu.com\/blog\/2023\/12\/ky-nghi-don-nam-moi-ruc-ro-tai-ville-de-mont-mountain-sapa\/","twitter_misc":{"\u0110\u01b0\u1ee3c vi\u1ebft b\u1edfi":"Thi Thi Nguy\u1ec5n Tr\u1ea7n","\u01af\u1edbc t\u00ednh th\u1eddi gian \u0111\u1ecdc":"11 ph\u00fat"},"schema":{"@context":"https:\/\/schema.org","@graph":[{"@type":"Article","@id":"https:\/\/www.ivivu.com\/blog\/2023\/12\/ky-nghi-don-nam-moi-ruc-ro-tai-ville-de-mont-mountain-sapa\/#article","isPartOf":{"@id":"https:\/\/www.ivivu.com\/blog\/2023\/12\/ky-nghi-don-nam-moi-ruc-ro-tai-ville-de-mont-mountain-sapa\/"},"author":{"name":"Thi Thi Nguy\u1ec5n Tr\u1ea7n","@id":"https:\/\/www.ivivu.com\/blog\/#\/schema\/person\/908408d5f737923066744b4a25acdf2d"},"headline":"K\u1ef3 ngh\u1ec9 \u0111\u00f3n n\u0103m m\u1edbi r\u1ef1c r\u1ee1 t\u1ea1i Ville De Mont Mountain Sapa","datePublished":"2023-12-11T02:45:23+00:00","dateModified":"2025-11-19T08:17:26+00:00","mainEntityOfPage":{"@id":"https:\/\/www.ivivu.com\/blog\/2023\/12\/ky-nghi-don-nam-moi-ruc-ro-tai-ville-de-mont-mountain-sapa\/"},"wordCount":1649,"publisher":{"@id":"https:\/\/www.ivivu.com\/blog\/#organization"},"image":{"@id":"https:\/\/www.ivivu.com\/blog\/2023\/12\/ky-nghi-don-nam-moi-ruc-ro-tai-ville-de-mont-mountain-sapa\/#primaryimage"},"thumbnailUrl":"https:\/\/cdn3.ivivu.com\/2023\/12\/Ville-De-Mont-Mountain-Sapa-ivivu-23.jpg","keywords":["\u1ea9m th\u1ef1c sapa","Du l\u1ecbch Sapa","\u0111i\u00ea\u0309m \u0111\u1ebfn","Gi\u00e1ng sinh","kh\u00e1ch s\u1ea1n sapa","Sapa Jade Hill","T\u1ebft d\u01b0\u01a1ng l\u1ecbch","Ville De Mont Mountain Sapa"],"articleSection":["Du l\u1ecbch Sapa","DU L\u1ecaCH VI\u1ec6T NAM","\u0110i\u1ec3m \u0111\u1ebfn","Khuy\u1ebfn M\u00e3i","N\u1ed5i B\u1eadt 2"],"inLanguage":"vi"},{"@type":"WebPage","@id":"https:\/\/www.ivivu.com\/blog\/2023\/12\/ky-nghi-don-nam-moi-ruc-ro-tai-ville-de-mont-mountain-sapa\/","url":"https:\/\/www.ivivu.com\/blog\/2023\/12\/ky-nghi-don-nam-moi-ruc-ro-tai-ville-de-mont-mountain-sapa\/","name":"K\u1ef3 ngh\u1ec9 \u0111\u00f3n n\u0103m m\u1edbi r\u1ef1c r\u1ee1 t\u1ea1i Ville De Mont Mountain Sapa - iVIVU.com","isPartOf":{"@id":"https:\/\/www.ivivu.com\/blog\/#website"},"primaryImageOfPage":{"@id":"https:\/\/www.ivivu.com\/blog\/2023\/12\/ky-nghi-don-nam-moi-ruc-ro-tai-ville-de-mont-mountain-sapa\/#primaryimage"},"image":{"@id":"https:\/\/www.ivivu.com\/blog\/2023\/12\/ky-nghi-don-nam-moi-ruc-ro-tai-ville-de-mont-mountain-sapa\/#primaryimage"},"thumbnailUrl":"https:\/\/cdn3.ivivu.com\/2023\/12\/Ville-De-Mont-Mountain-Sapa-ivivu-23.jpg","datePublished":"2023-12-11T02:45:23+00:00","dateModified":"2025-11-19T08:17:26+00:00","description":"Ville De Mont Mountain Sapa l\u00e0 khu ngh\u1ec9 d\u01b0\u1ee1ng tr\u00ean n\u00fai cao nh\u1ea5t Vi\u1ec7t Nam, g\u00e2y \u1ea5n t\u01b0\u1ee3ng v\u1edbi thi\u1ebft k\u1ebf m\u00e3n nh\u00e3n. C\u00f9ng iVIVU t\u1eadn h\u01b0\u1edfng k\u1ef3 ngh\u1ec9 cu\u1ed1i n\u0103m t\u1ea1i resort v\u1edbi nh\u1eefng tr\u1ea3i nghi\u1ec7m \u0111\u1ed9c \u0111\u00e1o ch\u01b0a t\u1eebng c\u00f3!","breadcrumb":{"@id":"https:\/\/www.ivivu.com\/blog\/2023\/12\/ky-nghi-don-nam-moi-ruc-ro-tai-ville-de-mont-mountain-sapa\/#breadcrumb"},"inLanguage":"vi","potentialAction":[{"@type":"ReadAction","target":["https:\/\/www.ivivu.com\/blog\/2023\/12\/ky-nghi-don-nam-moi-ruc-ro-tai-ville-de-mont-mountain-sapa\/"]}]},{"@type":"ImageObject","inLanguage":"vi","@id":"https:\/\/www.ivivu.com\/blog\/2023\/12\/ky-nghi-don-nam-moi-ruc-ro-tai-ville-de-mont-mountain-sapa\/#primaryimage","url":"https:\/\/cdn3.ivivu.com\/2023\/12\/Ville-De-Mont-Mountain-Sapa-ivivu-23.jpg","contentUrl":"https:\/\/cdn3.ivivu.com\/2023\/12\/Ville-De-Mont-Mountain-Sapa-ivivu-23.jpg","width":2048,"height":1367,"caption":"Dinner show \"Tus De Liab Cabaret\""},{"@type":"BreadcrumbList","@id":"https:\/\/www.ivivu.com\/blog\/2023\/12\/ky-nghi-don-nam-moi-ruc-ro-tai-ville-de-mont-mountain-sapa\/#breadcrumb","itemListElement":[{"@type":"ListItem","position":1,"name":"Home","item":"https:\/\/www.ivivu.com\/blog\/"},{"@type":"ListItem","position":2,"name":"K\u1ef3 ngh\u1ec9 \u0111\u00f3n n\u0103m m\u1edbi r\u1ef1c r\u1ee1 t\u1ea1i Ville De Mont Mountain Sapa"}]},{"@type":"WebSite","@id":"https:\/\/www.ivivu.com\/blog\/#website","url":"https:\/\/www.ivivu.com\/blog\/","name":"C\u1ea9m nang du l\u1ecbch","description":"","publisher":{"@id":"https:\/\/www.ivivu.com\/blog\/#organization"},"potentialAction":[{"@type":"SearchAction","target":{"@type":"EntryPoint","urlTemplate":"https:\/\/www.ivivu.com\/blog\/?s={search_term_string}"},"query-input":"required name=search_term_string"}],"inLanguage":"vi"},{"@type":"Organization","@id":"https:\/\/www.ivivu.com\/blog\/#organization","name":"iVIVU.com","url":"https:\/\/www.ivivu.com\/blog\/","logo":{"@type":"ImageObject","inLanguage":"vi","@id":"https:\/\/www.ivivu.com\/blog\/#\/schema\/logo\/image\/","url":"https:\/\/cdn3.ivivu.com\/2024\/01\/ivivu_no_slogan.png","contentUrl":"https:\/\/cdn3.ivivu.com\/2024\/01\/ivivu_no_slogan.png","width":788,"height":565,"caption":"iVIVU.com"},"image":{"@id":"https:\/\/www.ivivu.com\/blog\/#\/schema\/logo\/image\/"},"sameAs":["https:\/\/www.facebook.com\/iVIVU"]},{"@type":"Person","@id":"https:\/\/www.ivivu.com\/blog\/#\/schema\/person\/908408d5f737923066744b4a25acdf2d","name":"Thi Thi Nguy\u1ec5n Tr\u1ea7n","url":"https:\/\/www.ivivu.com\/blog\/author\/nguyentranthithikg2000\/"}]}},"_links":{"self":[{"href":"https:\/\/www.ivivu.com\/blog\/wp-json\/wp\/v2\/posts\/443252"}],"collection":[{"href":"https:\/\/www.ivivu.com\/blog\/wp-json\/wp\/v2\/posts"}],"about":[{"href":"https:\/\/www.ivivu.com\/blog\/wp-json\/wp\/v2\/types\/post"}],"author":[{"embeddable":true,"href":"https:\/\/www.ivivu.com\/blog\/wp-json\/wp\/v2\/users\/66"}],"replies":[{"embeddable":true,"href":"https:\/\/www.ivivu.com\/blog\/wp-json\/wp\/v2\/comments?post=443252"}],"version-history":[{"count":7,"href":"https:\/\/www.ivivu.com\/blog\/wp-json\/wp\/v2\/posts\/443252\/revisions"}],"predecessor-version":[{"id":514351,"href":"https:\/\/www.ivivu.com\/blog\/wp-json\/wp\/v2\/posts\/443252\/revisions\/514351"}],"wp:featuredmedia":[{"embeddable":true,"href":"https:\/\/www.ivivu.com\/blog\/wp-json\/wp\/v2\/media\/443350"}],"wp:attachment":[{"href":"https:\/\/www.ivivu.com\/blog\/wp-json\/wp\/v2\/media?parent=443252"}],"wp:term":[{"taxonomy":"category","embeddable":true,"href":"https:\/\/www.ivivu.com\/blog\/wp-json\/wp\/v2\/categories?post=443252"},{"taxonomy":"post_tag","embeddable":true,"href":"https:\/\/www.ivivu.com\/blog\/wp-json\/wp\/v2\/tags?post=443252"}],"curies":[{"name":"wp","href":"https:\/\/api.w.org\/{rel}","templated":true}]}}