{"id":443785,"date":"2023-12-20T10:07:24","date_gmt":"2023-12-20T03:07:24","guid":{"rendered":"https:\/\/www.ivivu.com\/blog\/?p=443785"},"modified":"2023-12-20T10:07:24","modified_gmt":"2023-12-20T03:07:24","slug":"trai-nghiem-khong-gian-song-sang-trong-va-thanh-lich-tai-melia-paris-champs-elysees","status":"publish","type":"post","link":"https:\/\/www.ivivu.com\/blog\/2023\/12\/trai-nghiem-khong-gian-song-sang-trong-va-thanh-lich-tai-melia-paris-champs-elysees\/","title":{"rendered":"Tr\u1ea3i nghi\u1ec7m kh\u00f4ng gian s\u1ed1ng sang tr\u1ecdng v\u00e0 thanh l\u1ecbch t\u1ea1i Meli\u00e1 Paris Champs Elys\u00e9es"},"content":{"rendered":"<p style=\"text-align: justify;\"><strong><em>Kh\u00e1ch s\u1ea1n <a href=\"https:\/\/www.ivivu.com\/khach-san-paris-france\/melia-paris-champs-elysees?utm_source=blog_ivivu&amp;utm_medium=post_link&amp;utm_campaign=internal\" target=\"_blank\">Meli\u00e1 Paris Champs Elys\u00e9es<\/a> c\u00f3 thi\u1ebft k\u1ebf kh\u00f4ng gian v\u00e0 c\u00e1ch b\u00e0y tr\u00ed n\u1ed9i th\u1ea5t sang tr\u1ecdng, thanh l\u1ecbch. N\u01a1i \u0111\u00e2y h\u1ee9a h\u1eb9n l\u00e0 \u0111i\u1ec3m d\u1eebng ch\u00e2n l\u00fd t\u01b0\u1edfng, thu\u1eadn ti\u1ec7n cho b\u1ea1n v\u00e0 gia \u0111\u00ecnh kh\u00e1m ph\u00e1 \u0111\u1ea1i l\u1ed9\u00a0<em>Champs-<em>\u00c9lys\u00e9es<\/em> <\/em>n\u1ed5i ti\u1ebfng \u1edf th\u1ee7 \u0111\u00f4 Paris.<\/em><\/strong><!--more--><\/p>\n<p style=\"text-align: justify;\"><div class=\"ltt-contentbox white\"><\/span><strong>Xem th\u00eam: <a href=\"https:\/\/www.ivivu.com\/blog\/?s=du+l%E1%BB%8Bch+ph%C3%A1p\" target=\"_blank\">Du l\u1ecbch Ph\u00e1p<\/a><\/strong><\/div><\/p>\n<h2 style=\"text-align: justify;\">Tr\u1ea3i nghi\u1ec7m kh\u00f4ng gian s\u1ed1ng sang tr\u1ecdng v\u00e0 thanh l\u1ecbch t\u1ea1i Meli\u00e1 Paris Champs Elys\u00e9es<\/h2>\n<p style=\"text-align: justify;\">Kh\u00e1ch s\u1ea1n<strong> Meli\u00e1 Paris Champs Elys\u00e9es<\/strong> n\u1eb1m ngay tr\u00ean \u0111\u1ea1i l\u1ed9 Victor Hugo y\u00ean b\u00ecnh. L\u01b0u tr\u00fa t\u1ea1i kh\u00e1ch s\u1ea1n n\u00e0y, du kh\u00e1ch thu\u1eadn ti\u1ec7n di chuy\u1ec3n t\u1edbi c\u00e1c \u0111\u1ecba \u0111i\u1ec3m \u1edf th\u1ee7 \u0111\u00f4 Paris nh\u01b0 Kh\u1ea3i Ho\u00e0n M\u00f4n (1km), th\u00e1p Eiffel (2km), qu\u1ea3ng tr\u01b0\u1eddng Place Charles de Gaulle (1.3km). B\u00ean c\u1ea1nh \u0111\u00f3, \u0111i\u1ec3m l\u01b0u tr\u00fa n\u00e0y c\u00f2n n\u1eb1m c<span class=\"Y2IQFc\" lang=\"vi\">\u1ea1nh ga t\u00e0u \u0111i\u1ec7n ng\u1ea7m Victor Hugo, g\u1ea7n tuy\u1ebfn \u0111\u01b0\u1eddng s\u1eaft RER, xe bu\u00fdt v\u00e0 d\u1ec5 d\u00e0ng tham gia m\u1ed9t chuy\u1ebfn t\u00e0u du ngo\u1ea1n &#8211; Bateau Mouche tr\u00ean s\u00f4ng Seine th\u01a1 m\u1ed9ng.<br \/>\n<\/span><\/p>\n<p style=\"text-align: justify;\"><em><strong>Meli\u00e1 Paris Champs Elys\u00e9es<\/strong><\/em> v\u1eeba l\u00e0 m\u1ed9t kh\u00e1ch s\u1ea1n ti\u1ec7n nghi, n\u1ed5i b\u1eadt c\u1ee7a th\u00e0nh ph\u1ed1, v\u1eeba l\u00e0 \u0111i\u1ec3m kh\u1edfi \u0111\u1ea7u tuy\u1ec7t v\u1eddi cho nh\u1eefng ai mu\u1ed1n t\u00ecm hi\u1ec3u v\u00e0 kh\u00e1m ph\u00e1 b\u1ea7u kh\u00f4ng kh\u00ed \u0111\u1ed9c \u0111\u00e1o c\u1ee7a \u0111\u1ea5t n\u01b0\u1edbc n\u01a1i n\u00e0y.<\/p>\n<p style=\"text-align: justify;\"><a href=\"https:\/\/cdn3.ivivu.com\/2023\/12\/Meli\u00e1-Paris-Champs-Elys\u00e9es-ivivu.jpg\"><img loading=\"lazy\" decoding=\"async\" class=\"alignnone size-full wp-image-444443\" src=\"https:\/\/cdn3.ivivu.com\/2023\/12\/Meli\u00e1-Paris-Champs-Elys\u00e9es-ivivu.jpg\" alt=\"Meli\u00e1 -Paris -Champs -Elys\u00e9es-ivivu\" width=\"1600\" height=\"1070\" srcset=\"https:\/\/cdn3.ivivu.com\/2023\/12\/Meli\u00e1-Paris-Champs-Elys\u00e9es-ivivu.jpg 1600w, https:\/\/cdn3.ivivu.com\/2023\/12\/Meli\u00e1-Paris-Champs-Elys\u00e9es-ivivu-456x305.jpg 456w, https:\/\/cdn3.ivivu.com\/2023\/12\/Meli\u00e1-Paris-Champs-Elys\u00e9es-ivivu-1024x685.jpg 1024w\" sizes=\"(max-width: 1600px) 100vw, 1600px\" \/><\/a><\/p>\n<p style=\"text-align: justify;\"><a href=\"https:\/\/cdn3.ivivu.com\/2023\/12\/Meli\u00e1-Paris-Champs-Elys\u00e9es-ivivu-2.jpg\"><img loading=\"lazy\" decoding=\"async\" class=\"alignnone size-full wp-image-444445\" src=\"https:\/\/cdn3.ivivu.com\/2023\/12\/Meli\u00e1-Paris-Champs-Elys\u00e9es-ivivu-2.jpg\" alt=\"Meli\u00e1 -Paris -Champs -Elys\u00e9es-ivivu-2\" width=\"1600\" height=\"1200\" srcset=\"https:\/\/cdn3.ivivu.com\/2023\/12\/Meli\u00e1-Paris-Champs-Elys\u00e9es-ivivu-2.jpg 1600w, https:\/\/cdn3.ivivu.com\/2023\/12\/Meli\u00e1-Paris-Champs-Elys\u00e9es-ivivu-2-407x305.jpg 407w, https:\/\/cdn3.ivivu.com\/2023\/12\/Meli\u00e1-Paris-Champs-Elys\u00e9es-ivivu-2-1024x768.jpg 1024w\" sizes=\"(max-width: 1600px) 100vw, 1600px\" \/><\/a>Kh\u00e1ch s\u1ea1n c\u00f3 61 ph\u00f2ng ngh\u1ec9 \u0111\u1ec1u \u0111\u01b0\u1ee3c trang b\u1ecb minibar v\u00e0 TV m\u00e0n h\u00ecnh ph\u1eb3ng, truy c\u1eadp internet kh\u00f4ng d\u00e2y mi\u1ec5n ph\u00ed, ph\u00f2ng t\u1eafm ri\u00eang c\u00f3 b\u1ed3n t\u1eafm v\u00e0 \u0111\u1ed3 d\u00f9ng nh\u00e0 t\u1eafm mi\u1ec5n ph\u00ed.\u00a0<em>Meli\u00e1 Paris Champs Elys\u00e9es<\/em> c\u00f3 7 lo\u1ea1i ph\u00f2ng \u0111\u1ec3 b\u1ea1n c\u00f3 th\u1ec3 l\u1ef1a ch\u1ecdn t\u00f9y theo nhu c\u1ea7u c\u00e1 nh\u00e2n bao g\u1ed3m: <span class=\"text___3kaa-\">Meli\u00e1 Twin<\/span>,\u00a0<span class=\"text___3kaa-\">Meli\u00e1<\/span> Douple, Premium Twin, Premium King Room, Grand Premium, Junior Suite, Grand Suite.<\/p>\n<p style=\"text-align: justify;\"><a href=\"https:\/\/cdn3.ivivu.com\/2023\/12\/Meli\u00e1-Paris-Champs-Elys\u00e9es-ivivu-3.jpg\"><img loading=\"lazy\" decoding=\"async\" class=\"alignnone size-full wp-image-444449\" src=\"https:\/\/cdn3.ivivu.com\/2023\/12\/Meli\u00e1-Paris-Champs-Elys\u00e9es-ivivu-3.jpg\" alt=\"Meli\u00e1 -Paris -Champs -Elys\u00e9es-ivivu-3\" width=\"1600\" height=\"1068\" srcset=\"https:\/\/cdn3.ivivu.com\/2023\/12\/Meli\u00e1-Paris-Champs-Elys\u00e9es-ivivu-3.jpg 1600w, https:\/\/cdn3.ivivu.com\/2023\/12\/Meli\u00e1-Paris-Champs-Elys\u00e9es-ivivu-3-457x305.jpg 457w, https:\/\/cdn3.ivivu.com\/2023\/12\/Meli\u00e1-Paris-Champs-Elys\u00e9es-ivivu-3-1024x684.jpg 1024w\" sizes=\"(max-width: 1600px) 100vw, 1600px\" \/><\/a> <a href=\"https:\/\/cdn3.ivivu.com\/2023\/12\/Meli\u00e1-Paris-Champs-Elys\u00e9es-ivivu-4.jpg\"><img loading=\"lazy\" decoding=\"async\" class=\"alignnone size-full wp-image-444448\" src=\"https:\/\/cdn3.ivivu.com\/2023\/12\/Meli\u00e1-Paris-Champs-Elys\u00e9es-ivivu-4.jpg\" alt=\"Meli\u00e1 -Paris -Champs -Elys\u00e9es-ivivu-4\" width=\"1600\" height=\"1067\" srcset=\"https:\/\/cdn3.ivivu.com\/2023\/12\/Meli\u00e1-Paris-Champs-Elys\u00e9es-ivivu-4.jpg 1600w, https:\/\/cdn3.ivivu.com\/2023\/12\/Meli\u00e1-Paris-Champs-Elys\u00e9es-ivivu-4-457x305.jpg 457w, https:\/\/cdn3.ivivu.com\/2023\/12\/Meli\u00e1-Paris-Champs-Elys\u00e9es-ivivu-4-1024x683.jpg 1024w\" sizes=\"(max-width: 1600px) 100vw, 1600px\" \/><\/a> <a href=\"https:\/\/cdn3.ivivu.com\/2023\/12\/Meli\u00e1-Paris-Champs-Elys\u00e9es-ivivu-5.jpg\"><img loading=\"lazy\" decoding=\"async\" class=\"alignnone size-full wp-image-444447\" src=\"https:\/\/cdn3.ivivu.com\/2023\/12\/Meli\u00e1-Paris-Champs-Elys\u00e9es-ivivu-5.jpg\" alt=\"Meli\u00e1 -Paris -Champs -Elys\u00e9es-ivivu-5\" width=\"1600\" height=\"1068\" srcset=\"https:\/\/cdn3.ivivu.com\/2023\/12\/Meli\u00e1-Paris-Champs-Elys\u00e9es-ivivu-5.jpg 1600w, https:\/\/cdn3.ivivu.com\/2023\/12\/Meli\u00e1-Paris-Champs-Elys\u00e9es-ivivu-5-457x305.jpg 457w, https:\/\/cdn3.ivivu.com\/2023\/12\/Meli\u00e1-Paris-Champs-Elys\u00e9es-ivivu-5-1024x684.jpg 1024w\" sizes=\"(max-width: 1600px) 100vw, 1600px\" \/><\/a>T\u1ea1i\u00a0<em>Meli\u00e1 Paris Champs Elys\u00e9es<\/em>, b\u1ea1n c\u00f3 th\u1ec3 tr\u1ea3i nghi\u1ec7m th\u01b0\u1edfng th\u1ee9c b\u1eefa s\u00e1ng t\u1ea1i lounge bar v\u1edbi c\u00e1c m\u00f3n \u0103n buffet trong kh\u00f4ng gian sang tr\u1ecdng, \u1ea5m c\u00fang v\u1edbi nhi\u1ec1u l\u1ef1a ch\u1ecdn kh\u00e1c nhau. Library lounge t\u1ea1i kh\u00e1ch s\u1ea1n s\u1ebd l\u00e0 kh\u00f4ng gian l\u00fd t\u01b0\u1edfng cho <span class=\"Y2IQFc\" lang=\"vi\">c\u00e1c cu\u1ed9c h\u1ecdp nh\u1ecf v\u00e0 s\u1ef1 ki\u1ec7n th\u00e2n m\u1eadt.<\/span><\/p>\n<p style=\"text-align: justify;\"><a href=\"https:\/\/cdn3.ivivu.com\/2023\/12\/Meli\u00e1-Paris-Champs-Elys\u00e9es-ivivu-6.jpg\"><img loading=\"lazy\" decoding=\"async\" class=\"alignnone size-full wp-image-444455\" src=\"https:\/\/cdn3.ivivu.com\/2023\/12\/Meli\u00e1-Paris-Champs-Elys\u00e9es-ivivu-6.jpg\" alt=\"Meli\u00e1 -Paris -Champs -Elys\u00e9es-ivivu-6\" width=\"1600\" height=\"1192\" srcset=\"https:\/\/cdn3.ivivu.com\/2023\/12\/Meli\u00e1-Paris-Champs-Elys\u00e9es-ivivu-6.jpg 1600w, https:\/\/cdn3.ivivu.com\/2023\/12\/Meli\u00e1-Paris-Champs-Elys\u00e9es-ivivu-6-409x305.jpg 409w, https:\/\/cdn3.ivivu.com\/2023\/12\/Meli\u00e1-Paris-Champs-Elys\u00e9es-ivivu-6-1024x763.jpg 1024w\" sizes=\"(max-width: 1600px) 100vw, 1600px\" \/><\/a><\/p>\n<p style=\"text-align: justify;\"><a href=\"https:\/\/cdn3.ivivu.com\/2023\/12\/Meli\u00e1-Paris-Champs-Elys\u00e9es-ivivu-7.jpg\"><img loading=\"lazy\" decoding=\"async\" class=\"alignnone size-full wp-image-444454\" src=\"https:\/\/cdn3.ivivu.com\/2023\/12\/Meli\u00e1-Paris-Champs-Elys\u00e9es-ivivu-7.jpg\" alt=\"Meli\u00e1 -Paris -Champs -Elys\u00e9es-ivivu-7\" width=\"1600\" height=\"1152\" srcset=\"https:\/\/cdn3.ivivu.com\/2023\/12\/Meli\u00e1-Paris-Champs-Elys\u00e9es-ivivu-7.jpg 1600w, https:\/\/cdn3.ivivu.com\/2023\/12\/Meli\u00e1-Paris-Champs-Elys\u00e9es-ivivu-7-424x305.jpg 424w, https:\/\/cdn3.ivivu.com\/2023\/12\/Meli\u00e1-Paris-Champs-Elys\u00e9es-ivivu-7-1024x737.jpg 1024w, https:\/\/cdn3.ivivu.com\/2023\/12\/Meli\u00e1-Paris-Champs-Elys\u00e9es-ivivu-7-50x35.jpg 50w\" sizes=\"(max-width: 1600px) 100vw, 1600px\" \/><\/a><\/p>\n<p style=\"text-align: justify;\"><a href=\"https:\/\/cdn3.ivivu.com\/2023\/12\/Meli\u00e1-Paris-Champs-Elys\u00e9es-ivivu-9.jpg\"><img loading=\"lazy\" decoding=\"async\" class=\"alignnone size-full wp-image-444461\" src=\"https:\/\/cdn3.ivivu.com\/2023\/12\/Meli\u00e1-Paris-Champs-Elys\u00e9es-ivivu-9.jpg\" alt=\"Meli\u00e1 -Paris -Champs -Elys\u00e9es-ivivu-9\" width=\"1600\" height=\"800\" srcset=\"https:\/\/cdn3.ivivu.com\/2023\/12\/Meli\u00e1-Paris-Champs-Elys\u00e9es-ivivu-9.jpg 1600w, https:\/\/cdn3.ivivu.com\/2023\/12\/Meli\u00e1-Paris-Champs-Elys\u00e9es-ivivu-9-540x270.jpg 540w, https:\/\/cdn3.ivivu.com\/2023\/12\/Meli\u00e1-Paris-Champs-Elys\u00e9es-ivivu-9-1024x512.jpg 1024w\" sizes=\"(max-width: 1600px) 100vw, 1600px\" \/><\/a> <a href=\"https:\/\/cdn3.ivivu.com\/2023\/12\/Meli\u00e1-Paris-Champs-Elys\u00e9es-ivivu-8.jpg\"><img loading=\"lazy\" decoding=\"async\" class=\"alignnone size-full wp-image-444462\" src=\"https:\/\/cdn3.ivivu.com\/2023\/12\/Meli\u00e1-Paris-Champs-Elys\u00e9es-ivivu-8.jpg\" alt=\"Meli\u00e1 -Paris -Champs -Elys\u00e9es-ivivu-8\" width=\"1600\" height=\"1200\" srcset=\"https:\/\/cdn3.ivivu.com\/2023\/12\/Meli\u00e1-Paris-Champs-Elys\u00e9es-ivivu-8.jpg 1600w, https:\/\/cdn3.ivivu.com\/2023\/12\/Meli\u00e1-Paris-Champs-Elys\u00e9es-ivivu-8-407x305.jpg 407w, https:\/\/cdn3.ivivu.com\/2023\/12\/Meli\u00e1-Paris-Champs-Elys\u00e9es-ivivu-8-1024x768.jpg 1024w\" sizes=\"(max-width: 1600px) 100vw, 1600px\" \/><\/a>Trong su\u1ed1t k\u1ef3 l\u01b0u tr\u00fa t\u1ea1i \u0111\u00e2y, b\u1ea1n \u0111\u1eebng b\u1ecf l\u1ee1 kh\u00f4ng gian s\u00e2n v\u01b0\u1eddn xinh x\u1eafn ph\u00eda sau kh\u00e1ch s\u1ea1n, c\u00f3 b\u00e0n gh\u1ebf, hoa v\u00e0 c\u00e2y xanh, l\u00fd t\u01b0\u1edfng \u0111\u1ec3 ng\u1ed3i nh\u00e2m nhi th\u1ee9c u\u1ed1ng, t\u00e1n g\u1eabu v\u1edbi b\u1ea1n b\u00e8 v\u00e0 h\u00e3y check-in nh\u1eefng t\u1ea5m h\u00ecnh l\u01b0u l\u1ea1i k\u1ec9 ni\u1ec7m t\u1ea1i \u0111\u00e2y. Ngo\u00e0i ra, h\u00e3y tr\u1ea3i nghi\u1ec7m chuy\u1ebfn kh\u00e1m ph\u00e1 l\u00fd th\u00fa t\u1edbi c\u00e1c \u0111\u1ecba \u0111i\u1ec3m nh\u01b0: \u0111\u1ea1i l\u1ed9\u00a0Champs-\u00c9lys\u00e9es (\u0111\u1ea1i l\u1ed9 \u0111\u1eaft \u0111\u1ecf b\u1eadc nh\u1ea5t th\u1ebf gi\u1edbi), b\u1ea3o t\u00e0ng Louvre, nh\u00e0 th\u1edd \u0110\u1ee9c B\u00e0 Paris (Cath\u00e9drale Notre-Dame de Paris) b\u1eb1ng ph\u01b0\u01a1ng ti\u1ec7n giao th\u00f4ng c\u00f4ng c\u1ed9ng.<\/p>\n<div id=\"attachment_444470\" style=\"width: 1610px\" class=\"wp-caption alignnone\"><a href=\"https:\/\/cdn3.ivivu.com\/2023\/12\/Meli\u00e1-Paris-Champs-Elys\u00e9es-ivivu-11.jpg\"><img loading=\"lazy\" decoding=\"async\" aria-describedby=\"caption-attachment-444470\" class=\"wp-image-444470 size-full\" src=\"https:\/\/cdn3.ivivu.com\/2023\/12\/Meli\u00e1-Paris-Champs-Elys\u00e9es-ivivu-11.jpg\" alt=\"Meli\u00e1 -Paris -Champs -Elys\u00e9es-ivivu-11\" width=\"1600\" height=\"1056\" srcset=\"https:\/\/cdn3.ivivu.com\/2023\/12\/Meli\u00e1-Paris-Champs-Elys\u00e9es-ivivu-11.jpg 1600w, https:\/\/cdn3.ivivu.com\/2023\/12\/Meli\u00e1-Paris-Champs-Elys\u00e9es-ivivu-11-462x305.jpg 462w, https:\/\/cdn3.ivivu.com\/2023\/12\/Meli\u00e1-Paris-Champs-Elys\u00e9es-ivivu-11-1024x676.jpg 1024w\" sizes=\"(max-width: 1600px) 100vw, 1600px\" \/><\/a><p id=\"caption-attachment-444470\" class=\"wp-caption-text\">S\u00f4ng Seine<\/p><\/div>\n<div id=\"attachment_444469\" style=\"width: 1310px\" class=\"wp-caption alignnone\"><a href=\"https:\/\/cdn3.ivivu.com\/2023\/12\/Meli\u00e1-Paris-Champs-Elys\u00e9es-ivivu-10.jpg\"><img loading=\"lazy\" decoding=\"async\" aria-describedby=\"caption-attachment-444469\" class=\"wp-image-444469 size-full\" src=\"https:\/\/cdn3.ivivu.com\/2023\/12\/Meli\u00e1-Paris-Champs-Elys\u00e9es-ivivu-10.jpg\" alt=\"Meli\u00e1 -Paris -Champs -Elys\u00e9es-ivivu-10\" width=\"1300\" height=\"866\" srcset=\"https:\/\/cdn3.ivivu.com\/2023\/12\/Meli\u00e1-Paris-Champs-Elys\u00e9es-ivivu-10.jpg 1300w, https:\/\/cdn3.ivivu.com\/2023\/12\/Meli\u00e1-Paris-Champs-Elys\u00e9es-ivivu-10-458x305.jpg 458w, https:\/\/cdn3.ivivu.com\/2023\/12\/Meli\u00e1-Paris-Champs-Elys\u00e9es-ivivu-10-1024x682.jpg 1024w\" sizes=\"(max-width: 1300px) 100vw, 1300px\" \/><\/a><p id=\"caption-attachment-444469\" class=\"wp-caption-text\">B\u1ea3o t\u00e0ng Louvre<\/p><\/div>\n<div id=\"attachment_444472\" style=\"width: 970px\" class=\"wp-caption alignnone\"><a href=\"https:\/\/cdn3.ivivu.com\/2023\/12\/Meli\u00e1-Paris-Champs-Elys\u00e9es-ivivu-12.jpg\"><img loading=\"lazy\" decoding=\"async\" aria-describedby=\"caption-attachment-444472\" class=\"wp-image-444472 size-full\" src=\"https:\/\/cdn3.ivivu.com\/2023\/12\/Meli\u00e1-Paris-Champs-Elys\u00e9es-ivivu-12.jpg\" alt=\"\u0110\u1ea1i l\u1ed9 Champs-\u00c9lys\u00e9es nh\u00ecn t\u1eeb tr\u00ean cao.\" width=\"960\" height=\"640\" srcset=\"https:\/\/cdn3.ivivu.com\/2023\/12\/Meli\u00e1-Paris-Champs-Elys\u00e9es-ivivu-12.jpg 960w, https:\/\/cdn3.ivivu.com\/2023\/12\/Meli\u00e1-Paris-Champs-Elys\u00e9es-ivivu-12-458x305.jpg 458w\" sizes=\"(max-width: 960px) 100vw, 960px\" \/><\/a><p id=\"caption-attachment-444472\" class=\"wp-caption-text\">\u0110\u1ea1i l\u1ed9 Champs-\u00c9lys\u00e9es nh\u00ecn t\u1eeb tr\u00ean cao.<\/p><\/div>\n<p style=\"text-align: justify;\"><strong><div class=\"ltt-contentbox white\"><\/span><\/strong><\/p>\n<p style=\"text-align: justify;\"><strong>Combo Paris 6N5\u0110 + V\u00e9 m\u00e1y bay kh\u1ee9 h\u1ed3i + B\u1eefa s\u00e1ng ch\u1ec9 t\u1eeb 51.499.000 VND\/Kh\u00e1ch<br \/>\n<\/strong><\/p>\n<p style=\"text-align: justify;\"><strong>Combo bao g\u1ed3m<\/strong><\/p>\n<p style=\"text-align: justify;\">T\u1eadn h\u01b0\u1edfng k\u1ef3 ngh\u1ec9 \u1ea5n t\u01b0\u1ee3ng g\u1ea7n Kh\u1ea3i Ho\u00e0n M\u00f4n n\u1ed5i ti\u1ebfng th\u1ebf gi\u1edbi<\/p>\n<p style=\"text-align: justify;\">&#8211; V\u00e9 m\u00e1y bay kh\u1ee9 h\u1ed3i g\u1ed3m h\u00e0nh l\u00fd<\/p>\n<p style=\"text-align: justify;\">&#8211; 01 \u0111\u00eam ngh\u1ec9 tr\u00ean chuy\u1ebfn bay \u0111\u00eam \u0111\u1ebfn Paris<\/p>\n<p style=\"text-align: justify;\">&#8211; 04 \u0111\u00eam ngh\u1ec9 \u1edf ph\u00f2ng Melia Room hi\u1ec7n \u0111\u1ea1i<\/p>\n<p style=\"text-align: justify;\">&#8211; B\u1eefa s\u00e1ng ti\u00eau chu\u1ea9n qu\u1ed1c t\u1ebf t\u1ea1i nh\u00e0 h\u00e0ng<\/p>\n<p style=\"text-align: justify;\">&#8211; \u0110i b\u1ed9 15 ph\u00fat \u0111\u1ebfn B\u1ea3o t\u00e0ng Con ng\u01b0\u1eddi (Mus\u00e9e de l&#8217;Homme) v\u00e0 20 ph\u00fat \u0111\u1ebfn Kh\u1ea3i Ho\u00e0n M\u00f4n (Arc de Triomphe)<\/p>\n<p style=\"text-align: justify;\">&#8211; Thu\u1eadn ti\u1ec7n tr\u1ea3i nghi\u1ec7m c\u00e1c nh\u00e0 h\u00e0ng \u0111\u1ecba ph\u01b0\u01a1ng trong khu v\u1ef1c nh\u01b0 Le Petit R\u00e9tro, Marcel 16, NOMICOS, Romeo &#8211; Bar &amp; Grill<\/p>\n<p style=\"text-align: justify;\">&#8211; D\u1ec5 d\u00e0ng kh\u00e1m ph\u00e1 trung t\u00e2m th\u00e0nh ph\u1ed1, c\u00e1c \u0111i\u1ec3m tham quan nh\u01b0 Th\u00e1p Eiffel, \u0110\u1ea1i l\u1ed9 Champs-\u00c9lys\u00e9es, B\u1ea3o t\u00e0ng Louvre, Nh\u00e0 th\u1edd \u0110\u1ee9c B\u00e0 (Cath\u00e9drale Notre-Dame de Paris) b\u1eb1ng ph\u01b0\u01a1ng ti\u1ec7n giao th\u00f4ng c\u00f4ng c\u1ed9ng<\/p>\n<p style=\"text-align: justify;\">*Ch\u01b0a bao g\u1ed3m thu\u1ebf du l\u1ecbch, ph\u00ed \u0111i\u1ec3m \u0111\u1ebfn<\/p>\n<p style=\"text-align: justify;\"><strong>\u0110i\u1ec1u ki\u1ec7n \u00e1p d\u1ee5ng<\/strong><\/p>\n<p style=\"text-align: justify;\">&#8211; \u0110\u1eb7t t\u1ed1i thi\u1ec3u 2 kh\u00e1ch\/ph\u00f2ng<\/p>\n<p style=\"text-align: justify;\">&#8211; D\u00e0nh cho t\u1ea5t c\u1ea3 qu\u1ed1c t\u1ecbch<\/p>\n<p style=\"text-align: justify;\">&#8211; Giai \u0111o\u1ea1n cao \u0111i\u1ec3m c\u00f3 ph\u1ee5 thu<\/p>\n<p style=\"text-align: justify;\"><em>Kh\u1edfi h\u00e0nh t\u1eeb H\u1ed3 Ch\u00ed Minh<\/em><\/p>\n<p style=\"text-align: justify;\">01\/01 \u2192 31\/05\u00a0 \u00a051.499.000\u0111<\/p>\n<p style=\"text-align: justify;\"><em>Kh\u1edfi h\u00e0nh t\u1eeb H\u00e0 N\u1ed9i<\/em><\/p>\n<p style=\"text-align: justify;\">01\/01 \u2192 31\/05\u00a0\u00a0 \u00a055.499.000\u0111<\/p>\n<p><strong>H\u01b0\u1edbng d\u1eabn c\u00e1ch \u0111\u1eb7t combo kh\u00e1ch s\u1ea1n <a href=\"https:\/\/www.ivivu.com\/khach-san-paris-france\/melia-paris-champs-elysees?utm_source=blog_ivivu&amp;utm_medium=post_link&amp;utm_campaign=internal\" target=\"_blank\">Meli\u00e1 Paris Champs Elys\u00e9es<\/a> :<\/strong><\/p>\n<p><strong>&#8211; G\u1ecdi 1900 1870 (mi\u1ec1n Nam), 1900 2045 (mi\u1ec1n B\u1eafc) ho\u1eb7c 1900 2087 (mi\u1ec1n T\u00e2y) \u0111\u1ec3 \u0111\u01b0\u1ee3c t\u01b0 v\u1ea5n.<\/strong><\/p>\n<p><strong>&#8211; \u0110\u1eb7t online v\u00e0 xem th\u00f4ng tin chi ti\u1ebft <a href=\"https:\/\/www.ivivu.com\/khach-san-paris-france\/melia-paris-champs-elysees?utm_source=blog_ivivu&amp;utm_medium=post_link&amp;utm_campaign=internal\" target=\"_blank\">T\u1ea0I \u0110\u00c2Y<\/a>.<\/div><\/strong><\/p>\n<p style=\"text-align: right;\"><strong>Theo iVIVU.com<\/strong><\/p>\n<p style=\"text-align: left;\"><div class=\"ltt-contentbox white\"><\/span><\/p>\n<p style=\"text-align: left;\"><strong>Xem th\u00eam b\u00e0i vi\u1ebft:<\/strong><\/p>\n<p style=\"text-align: left;\"><strong><a href=\"https:\/\/www.ivivu.com\/blog\/2021\/07\/doc-dao-khach-san-athena-xa-hoa-noi-tren-bien-o-phap\/\" target=\"_blank\">\u0110\u1ed9c \u0111\u00e1o kh\u00e1ch s\u1ea1n Athena xa hoa n\u1ed5i tr\u00ean bi\u1ec3n \u1edf Ph\u00e1p<\/a><\/strong><\/p>\n<p style=\"text-align: left;\"><strong><a href=\"https:\/\/www.ivivu.com\/blog\/2022\/08\/du-lich-phap-top-3-dia-diem-noi-tieng-ban-nen-ghe-tham\/\" target=\"_blank\">Du l\u1ecbch Ph\u00e1p \u2013 Top 3 \u0111\u1ecba \u0111i\u1ec3m n\u1ed5i ti\u1ebfng b\u1ea1n n\u00ean gh\u00e9 th\u0103m<\/a><\/strong><\/p>\n<p style=\"text-align: left;\"><strong><a href=\"https:\/\/www.ivivu.com\/blog\/2015\/08\/du-lich-phap-kham-pha-thanh-pho-lyon-noi-hop-luu-kim-co\/\" target=\"_blank\">Du l\u1ecbch Ph\u00e1p kh\u00e1m ph\u00e1 th\u00e0nh ph\u1ed1 Lyon \u2013 N\u01a1i h\u1ee3p l\u01b0u kim c\u1ed5<\/a><\/strong><\/div><\/p>\n<h3 style=\"text-align: justify;\"><div class=\"ltt-contentbox white\"><\/span><strong>G\u1ecdi ngay 1900 1870 (mi\u1ec1n Nam), 1900 2045 (mi\u1ec1n B\u1eafc), 1900 2087 (mi\u1ec1n T\u00e2y)\u00a0\u0111\u1ec3 \u0111\u01b0\u1ee3c t\u01b0 v\u1ea5n\u00a0<a href=\"https:\/\/www.ivivu.com?utm_source=blog_ivivu&amp;utm_medium=post_link&amp;utm_campaign=internal\" target=\"_blank\">kh\u00e1ch s\u1ea1n kh\u1eafp Vi\u1ec7t Nam v\u00e0 to\u00e0n th\u1ebf gi\u1edbi <\/a>v\u1edbi gi\u00e1 \u01b0u \u0111\u00e3i c\u1ef1c t\u1ed1t!<\/strong><\/div><\/h3>\n<p><strong>***<\/strong><\/p>\n<p><strong>Tham kh\u1ea3o:\u00a0<a href=\"https:\/\/www.ivivu.com\/blog\/\" target=\"_blank\">C\u1ea9m nang du l\u1ecbch iVIVU.com<\/a><\/strong><\/p>\n","protected":false},"excerpt":{"rendered":"<p>Kh\u00e1ch s\u1ea1n Meli\u00e1 Paris Champs Elys\u00e9es c\u00f3 thi\u1ebft k\u1ebf kh\u00f4ng gian v\u00e0 c\u00e1ch b\u00e0y tr\u00ed n\u1ed9i th\u1ea5t sang tr\u1ecdng, thanh l\u1ecbch. N\u01a1i \u0111\u00e2y h\u1ee9a h\u1eb9n l\u00e0 \u0111i\u1ec3m d\u1eebng ch\u00e2n l\u00fd t\u01b0\u1edfng, thu\u1eadn ti\u1ec7n cho b\u1ea1n v\u00e0 gia \u0111\u00ecnh kh\u00e1m ph\u00e1&#8230;<\/p>\n","protected":false},"author":66,"featured_media":444447,"comment_status":"closed","ping_status":"open","sticky":false,"template":"","format":"standard","meta":{"_acf_changed":false,"footnotes":""},"categories":[247,231,795,797,14742],"tags":[8523,321,45427,452,10077,45428,18355],"acf":[],"yoast_head":"<!-- This site is optimized with the Yoast SEO Premium plugin v22.6 (Yoast SEO v22.6) - https:\/\/yoast.com\/wordpress\/plugins\/seo\/ -->\n<title>Tr\u1ea3i nghi\u1ec7m kh\u00f4ng gian s\u1ed1ng sang tr\u1ecdng v\u00e0 thanh l\u1ecbch t\u1ea1i Meli\u00e1 Paris Champs Elys\u00e9es - iVIVU.com<\/title>\n<meta name=\"description\" content=\"Kh\u00e1ch s\u1ea1n Meli\u00e1 Paris Champs Elys\u00e9es c\u00f3 thi\u1ebft k\u1ebf kh\u00f4ng gian v\u00e0 c\u00e1ch b\u00e0y tr\u00ed n\u1ed9i th\u1ea5t sang tr\u1ecdng, thanh l\u1ecbch. N\u01a1i \u0111\u00e2y h\u1ee9a h\u1eb9n l\u00e0 \u0111i\u1ec3m d\u1eebng ch\u00e2n l\u00fd t\u01b0\u1edfng, thu\u1eadn ti\u1ec7n cho b\u1ea1n v\u00e0 gia \u0111\u00ecnh kh\u00e1m ph\u00e1 \u0111\u1ea1i l\u1ed9 Champs-\u00c9lys\u00e9es n\u1ed5i ti\u1ebfng \u1edf th\u1ee7 \u0111\u00f4 Paris.\" \/>\n<meta name=\"robots\" content=\"index, follow, max-snippet:-1, max-image-preview:large, max-video-preview:-1\" \/>\n<link rel=\"canonical\" href=\"https:\/\/www.ivivu.com\/blog\/2023\/12\/trai-nghiem-khong-gian-song-sang-trong-va-thanh-lich-tai-melia-paris-champs-elysees\/\" \/>\n<meta name=\"twitter:label1\" content=\"\u0110\u01b0\u1ee3c vi\u1ebft b\u1edfi\" \/>\n\t<meta name=\"twitter:data1\" content=\"Thi Thi Nguy\u1ec5n Tr\u1ea7n\" \/>\n\t<meta name=\"twitter:label2\" content=\"\u01af\u1edbc t\u00ednh th\u1eddi gian \u0111\u1ecdc\" \/>\n\t<meta name=\"twitter:data2\" content=\"6 ph\u00fat\" \/>\n<script type=\"application\/ld+json\" class=\"yoast-schema-graph\">{\"@context\":\"https:\/\/schema.org\",\"@graph\":[{\"@type\":\"Article\",\"@id\":\"https:\/\/www.ivivu.com\/blog\/2023\/12\/trai-nghiem-khong-gian-song-sang-trong-va-thanh-lich-tai-melia-paris-champs-elysees\/#article\",\"isPartOf\":{\"@id\":\"https:\/\/www.ivivu.com\/blog\/2023\/12\/trai-nghiem-khong-gian-song-sang-trong-va-thanh-lich-tai-melia-paris-champs-elysees\/\"},\"author\":{\"name\":\"Thi Thi Nguy\u1ec5n Tr\u1ea7n\",\"@id\":\"https:\/\/www.ivivu.com\/blog\/#\/schema\/person\/908408d5f737923066744b4a25acdf2d\"},\"headline\":\"Tr\u1ea3i nghi\u1ec7m kh\u00f4ng gian s\u1ed1ng sang tr\u1ecdng v\u00e0 thanh l\u1ecbch t\u1ea1i Meli\u00e1 Paris Champs Elys\u00e9es\",\"datePublished\":\"2023-12-20T03:07:24+00:00\",\"dateModified\":\"2023-12-20T03:07:24+00:00\",\"mainEntityOfPage\":{\"@id\":\"https:\/\/www.ivivu.com\/blog\/2023\/12\/trai-nghiem-khong-gian-song-sang-trong-va-thanh-lich-tai-melia-paris-champs-elysees\/\"},\"wordCount\":1183,\"publisher\":{\"@id\":\"https:\/\/www.ivivu.com\/blog\/#organization\"},\"image\":{\"@id\":\"https:\/\/www.ivivu.com\/blog\/2023\/12\/trai-nghiem-khong-gian-song-sang-trong-va-thanh-lich-tai-melia-paris-champs-elysees\/#primaryimage\"},\"thumbnailUrl\":\"https:\/\/cdn3.ivivu.com\/2023\/12\/Meli\u00e1-Paris-Champs-Elys\u00e9es-ivivu-5.jpg\",\"keywords\":[\"\u1ea9m th\u1ef1c Ph\u00e1p\",\"Du l\u1ecbch Ph\u00e1p\",\"\u0111\u1ecba \u0111i\u1ec3m vui ch\u01a1i Ph\u00e1p\",\"\u0111i\u1ec3m \u0111\u1ebfn\",\"kh\u00e1ch s\u1ea1n Ph\u00e1p\",\"Meli\u00e1 Paris Champs Elys\u00e9es\",\"tour ch\u00e2u \u00c2u\"],\"articleSection\":[\"Ch\u00e2u \u00c2u\",\"DU L\u1ecaCH TH\u1ebe GI\u1edaI\",\"\u0110i\u1ec3m \u0111\u1ebfn\",\"Khuy\u1ebfn M\u00e3i\",\"N\u1ed5i B\u1eadt 2\"],\"inLanguage\":\"vi\"},{\"@type\":\"WebPage\",\"@id\":\"https:\/\/www.ivivu.com\/blog\/2023\/12\/trai-nghiem-khong-gian-song-sang-trong-va-thanh-lich-tai-melia-paris-champs-elysees\/\",\"url\":\"https:\/\/www.ivivu.com\/blog\/2023\/12\/trai-nghiem-khong-gian-song-sang-trong-va-thanh-lich-tai-melia-paris-champs-elysees\/\",\"name\":\"Tr\u1ea3i nghi\u1ec7m kh\u00f4ng gian s\u1ed1ng sang tr\u1ecdng v\u00e0 thanh l\u1ecbch t\u1ea1i Meli\u00e1 Paris Champs Elys\u00e9es - iVIVU.com\",\"isPartOf\":{\"@id\":\"https:\/\/www.ivivu.com\/blog\/#website\"},\"primaryImageOfPage\":{\"@id\":\"https:\/\/www.ivivu.com\/blog\/2023\/12\/trai-nghiem-khong-gian-song-sang-trong-va-thanh-lich-tai-melia-paris-champs-elysees\/#primaryimage\"},\"image\":{\"@id\":\"https:\/\/www.ivivu.com\/blog\/2023\/12\/trai-nghiem-khong-gian-song-sang-trong-va-thanh-lich-tai-melia-paris-champs-elysees\/#primaryimage\"},\"thumbnailUrl\":\"https:\/\/cdn3.ivivu.com\/2023\/12\/Meli\u00e1-Paris-Champs-Elys\u00e9es-ivivu-5.jpg\",\"datePublished\":\"2023-12-20T03:07:24+00:00\",\"dateModified\":\"2023-12-20T03:07:24+00:00\",\"description\":\"Kh\u00e1ch s\u1ea1n Meli\u00e1 Paris Champs Elys\u00e9es c\u00f3 thi\u1ebft k\u1ebf kh\u00f4ng gian v\u00e0 c\u00e1ch b\u00e0y tr\u00ed n\u1ed9i th\u1ea5t sang tr\u1ecdng, thanh l\u1ecbch. N\u01a1i \u0111\u00e2y h\u1ee9a h\u1eb9n l\u00e0 \u0111i\u1ec3m d\u1eebng ch\u00e2n l\u00fd t\u01b0\u1edfng, thu\u1eadn ti\u1ec7n cho b\u1ea1n v\u00e0 gia \u0111\u00ecnh kh\u00e1m ph\u00e1 \u0111\u1ea1i l\u1ed9 Champs-\u00c9lys\u00e9es n\u1ed5i ti\u1ebfng \u1edf th\u1ee7 \u0111\u00f4 Paris.\",\"breadcrumb\":{\"@id\":\"https:\/\/www.ivivu.com\/blog\/2023\/12\/trai-nghiem-khong-gian-song-sang-trong-va-thanh-lich-tai-melia-paris-champs-elysees\/#breadcrumb\"},\"inLanguage\":\"vi\",\"potentialAction\":[{\"@type\":\"ReadAction\",\"target\":[\"https:\/\/www.ivivu.com\/blog\/2023\/12\/trai-nghiem-khong-gian-song-sang-trong-va-thanh-lich-tai-melia-paris-champs-elysees\/\"]}]},{\"@type\":\"ImageObject\",\"inLanguage\":\"vi\",\"@id\":\"https:\/\/www.ivivu.com\/blog\/2023\/12\/trai-nghiem-khong-gian-song-sang-trong-va-thanh-lich-tai-melia-paris-champs-elysees\/#primaryimage\",\"url\":\"https:\/\/cdn3.ivivu.com\/2023\/12\/Meli\u00e1-Paris-Champs-Elys\u00e9es-ivivu-5.jpg\",\"contentUrl\":\"https:\/\/cdn3.ivivu.com\/2023\/12\/Meli\u00e1-Paris-Champs-Elys\u00e9es-ivivu-5.jpg\",\"width\":1600,\"height\":1068},{\"@type\":\"BreadcrumbList\",\"@id\":\"https:\/\/www.ivivu.com\/blog\/2023\/12\/trai-nghiem-khong-gian-song-sang-trong-va-thanh-lich-tai-melia-paris-champs-elysees\/#breadcrumb\",\"itemListElement\":[{\"@type\":\"ListItem\",\"position\":1,\"name\":\"Home\",\"item\":\"https:\/\/www.ivivu.com\/blog\/\"},{\"@type\":\"ListItem\",\"position\":2,\"name\":\"Tr\u1ea3i nghi\u1ec7m kh\u00f4ng gian s\u1ed1ng sang tr\u1ecdng v\u00e0 thanh l\u1ecbch t\u1ea1i Meli\u00e1 Paris Champs Elys\u00e9es\"}]},{\"@type\":\"WebSite\",\"@id\":\"https:\/\/www.ivivu.com\/blog\/#website\",\"url\":\"https:\/\/www.ivivu.com\/blog\/\",\"name\":\"C\u1ea9m nang du l\u1ecbch\",\"description\":\"\",\"publisher\":{\"@id\":\"https:\/\/www.ivivu.com\/blog\/#organization\"},\"potentialAction\":[{\"@type\":\"SearchAction\",\"target\":{\"@type\":\"EntryPoint\",\"urlTemplate\":\"https:\/\/www.ivivu.com\/blog\/?s={search_term_string}\"},\"query-input\":\"required name=search_term_string\"}],\"inLanguage\":\"vi\"},{\"@type\":\"Organization\",\"@id\":\"https:\/\/www.ivivu.com\/blog\/#organization\",\"name\":\"iVIVU.com\",\"url\":\"https:\/\/www.ivivu.com\/blog\/\",\"logo\":{\"@type\":\"ImageObject\",\"inLanguage\":\"vi\",\"@id\":\"https:\/\/www.ivivu.com\/blog\/#\/schema\/logo\/image\/\",\"url\":\"https:\/\/cdn3.ivivu.com\/2024\/01\/ivivu_no_slogan.png\",\"contentUrl\":\"https:\/\/cdn3.ivivu.com\/2024\/01\/ivivu_no_slogan.png\",\"width\":788,\"height\":565,\"caption\":\"iVIVU.com\"},\"image\":{\"@id\":\"https:\/\/www.ivivu.com\/blog\/#\/schema\/logo\/image\/\"},\"sameAs\":[\"https:\/\/www.facebook.com\/iVIVU\"]},{\"@type\":\"Person\",\"@id\":\"https:\/\/www.ivivu.com\/blog\/#\/schema\/person\/908408d5f737923066744b4a25acdf2d\",\"name\":\"Thi Thi Nguy\u1ec5n Tr\u1ea7n\",\"url\":\"https:\/\/www.ivivu.com\/blog\/author\/nguyentranthithikg2000\/\"}]}<\/script>\n<!-- \/ Yoast SEO Premium plugin. -->","yoast_head_json":{"title":"Tr\u1ea3i nghi\u1ec7m kh\u00f4ng gian s\u1ed1ng sang tr\u1ecdng v\u00e0 thanh l\u1ecbch t\u1ea1i Meli\u00e1 Paris Champs Elys\u00e9es - iVIVU.com","description":"Kh\u00e1ch s\u1ea1n Meli\u00e1 Paris Champs Elys\u00e9es c\u00f3 thi\u1ebft k\u1ebf kh\u00f4ng gian v\u00e0 c\u00e1ch b\u00e0y tr\u00ed n\u1ed9i th\u1ea5t sang tr\u1ecdng, thanh l\u1ecbch. N\u01a1i \u0111\u00e2y h\u1ee9a h\u1eb9n l\u00e0 \u0111i\u1ec3m d\u1eebng ch\u00e2n l\u00fd t\u01b0\u1edfng, thu\u1eadn ti\u1ec7n cho b\u1ea1n v\u00e0 gia \u0111\u00ecnh kh\u00e1m ph\u00e1 \u0111\u1ea1i l\u1ed9 Champs-\u00c9lys\u00e9es n\u1ed5i ti\u1ebfng \u1edf th\u1ee7 \u0111\u00f4 Paris.","robots":{"index":"index","follow":"follow","max-snippet":"max-snippet:-1","max-image-preview":"max-image-preview:large","max-video-preview":"max-video-preview:-1"},"canonical":"https:\/\/www.ivivu.com\/blog\/2023\/12\/trai-nghiem-khong-gian-song-sang-trong-va-thanh-lich-tai-melia-paris-champs-elysees\/","twitter_misc":{"\u0110\u01b0\u1ee3c vi\u1ebft b\u1edfi":"Thi Thi Nguy\u1ec5n Tr\u1ea7n","\u01af\u1edbc t\u00ednh th\u1eddi gian \u0111\u1ecdc":"6 ph\u00fat"},"schema":{"@context":"https:\/\/schema.org","@graph":[{"@type":"Article","@id":"https:\/\/www.ivivu.com\/blog\/2023\/12\/trai-nghiem-khong-gian-song-sang-trong-va-thanh-lich-tai-melia-paris-champs-elysees\/#article","isPartOf":{"@id":"https:\/\/www.ivivu.com\/blog\/2023\/12\/trai-nghiem-khong-gian-song-sang-trong-va-thanh-lich-tai-melia-paris-champs-elysees\/"},"author":{"name":"Thi Thi Nguy\u1ec5n Tr\u1ea7n","@id":"https:\/\/www.ivivu.com\/blog\/#\/schema\/person\/908408d5f737923066744b4a25acdf2d"},"headline":"Tr\u1ea3i nghi\u1ec7m kh\u00f4ng gian s\u1ed1ng sang tr\u1ecdng v\u00e0 thanh l\u1ecbch t\u1ea1i Meli\u00e1 Paris Champs Elys\u00e9es","datePublished":"2023-12-20T03:07:24+00:00","dateModified":"2023-12-20T03:07:24+00:00","mainEntityOfPage":{"@id":"https:\/\/www.ivivu.com\/blog\/2023\/12\/trai-nghiem-khong-gian-song-sang-trong-va-thanh-lich-tai-melia-paris-champs-elysees\/"},"wordCount":1183,"publisher":{"@id":"https:\/\/www.ivivu.com\/blog\/#organization"},"image":{"@id":"https:\/\/www.ivivu.com\/blog\/2023\/12\/trai-nghiem-khong-gian-song-sang-trong-va-thanh-lich-tai-melia-paris-champs-elysees\/#primaryimage"},"thumbnailUrl":"https:\/\/cdn3.ivivu.com\/2023\/12\/Meli\u00e1-Paris-Champs-Elys\u00e9es-ivivu-5.jpg","keywords":["\u1ea9m th\u1ef1c Ph\u00e1p","Du l\u1ecbch Ph\u00e1p","\u0111\u1ecba \u0111i\u1ec3m vui ch\u01a1i Ph\u00e1p","\u0111i\u1ec3m \u0111\u1ebfn","kh\u00e1ch s\u1ea1n Ph\u00e1p","Meli\u00e1 Paris Champs Elys\u00e9es","tour ch\u00e2u \u00c2u"],"articleSection":["Ch\u00e2u \u00c2u","DU L\u1ecaCH TH\u1ebe GI\u1edaI","\u0110i\u1ec3m \u0111\u1ebfn","Khuy\u1ebfn M\u00e3i","N\u1ed5i B\u1eadt 2"],"inLanguage":"vi"},{"@type":"WebPage","@id":"https:\/\/www.ivivu.com\/blog\/2023\/12\/trai-nghiem-khong-gian-song-sang-trong-va-thanh-lich-tai-melia-paris-champs-elysees\/","url":"https:\/\/www.ivivu.com\/blog\/2023\/12\/trai-nghiem-khong-gian-song-sang-trong-va-thanh-lich-tai-melia-paris-champs-elysees\/","name":"Tr\u1ea3i nghi\u1ec7m kh\u00f4ng gian s\u1ed1ng sang tr\u1ecdng v\u00e0 thanh l\u1ecbch t\u1ea1i Meli\u00e1 Paris Champs Elys\u00e9es - iVIVU.com","isPartOf":{"@id":"https:\/\/www.ivivu.com\/blog\/#website"},"primaryImageOfPage":{"@id":"https:\/\/www.ivivu.com\/blog\/2023\/12\/trai-nghiem-khong-gian-song-sang-trong-va-thanh-lich-tai-melia-paris-champs-elysees\/#primaryimage"},"image":{"@id":"https:\/\/www.ivivu.com\/blog\/2023\/12\/trai-nghiem-khong-gian-song-sang-trong-va-thanh-lich-tai-melia-paris-champs-elysees\/#primaryimage"},"thumbnailUrl":"https:\/\/cdn3.ivivu.com\/2023\/12\/Meli\u00e1-Paris-Champs-Elys\u00e9es-ivivu-5.jpg","datePublished":"2023-12-20T03:07:24+00:00","dateModified":"2023-12-20T03:07:24+00:00","description":"Kh\u00e1ch s\u1ea1n Meli\u00e1 Paris Champs Elys\u00e9es c\u00f3 thi\u1ebft k\u1ebf kh\u00f4ng gian v\u00e0 c\u00e1ch b\u00e0y tr\u00ed n\u1ed9i th\u1ea5t sang tr\u1ecdng, thanh l\u1ecbch. N\u01a1i \u0111\u00e2y h\u1ee9a h\u1eb9n l\u00e0 \u0111i\u1ec3m d\u1eebng ch\u00e2n l\u00fd t\u01b0\u1edfng, thu\u1eadn ti\u1ec7n cho b\u1ea1n v\u00e0 gia \u0111\u00ecnh kh\u00e1m ph\u00e1 \u0111\u1ea1i l\u1ed9 Champs-\u00c9lys\u00e9es n\u1ed5i ti\u1ebfng \u1edf th\u1ee7 \u0111\u00f4 Paris.","breadcrumb":{"@id":"https:\/\/www.ivivu.com\/blog\/2023\/12\/trai-nghiem-khong-gian-song-sang-trong-va-thanh-lich-tai-melia-paris-champs-elysees\/#breadcrumb"},"inLanguage":"vi","potentialAction":[{"@type":"ReadAction","target":["https:\/\/www.ivivu.com\/blog\/2023\/12\/trai-nghiem-khong-gian-song-sang-trong-va-thanh-lich-tai-melia-paris-champs-elysees\/"]}]},{"@type":"ImageObject","inLanguage":"vi","@id":"https:\/\/www.ivivu.com\/blog\/2023\/12\/trai-nghiem-khong-gian-song-sang-trong-va-thanh-lich-tai-melia-paris-champs-elysees\/#primaryimage","url":"https:\/\/cdn3.ivivu.com\/2023\/12\/Meli\u00e1-Paris-Champs-Elys\u00e9es-ivivu-5.jpg","contentUrl":"https:\/\/cdn3.ivivu.com\/2023\/12\/Meli\u00e1-Paris-Champs-Elys\u00e9es-ivivu-5.jpg","width":1600,"height":1068},{"@type":"BreadcrumbList","@id":"https:\/\/www.ivivu.com\/blog\/2023\/12\/trai-nghiem-khong-gian-song-sang-trong-va-thanh-lich-tai-melia-paris-champs-elysees\/#breadcrumb","itemListElement":[{"@type":"ListItem","position":1,"name":"Home","item":"https:\/\/www.ivivu.com\/blog\/"},{"@type":"ListItem","position":2,"name":"Tr\u1ea3i nghi\u1ec7m kh\u00f4ng gian s\u1ed1ng sang tr\u1ecdng v\u00e0 thanh l\u1ecbch t\u1ea1i Meli\u00e1 Paris Champs Elys\u00e9es"}]},{"@type":"WebSite","@id":"https:\/\/www.ivivu.com\/blog\/#website","url":"https:\/\/www.ivivu.com\/blog\/","name":"C\u1ea9m nang du l\u1ecbch","description":"","publisher":{"@id":"https:\/\/www.ivivu.com\/blog\/#organization"},"potentialAction":[{"@type":"SearchAction","target":{"@type":"EntryPoint","urlTemplate":"https:\/\/www.ivivu.com\/blog\/?s={search_term_string}"},"query-input":"required name=search_term_string"}],"inLanguage":"vi"},{"@type":"Organization","@id":"https:\/\/www.ivivu.com\/blog\/#organization","name":"iVIVU.com","url":"https:\/\/www.ivivu.com\/blog\/","logo":{"@type":"ImageObject","inLanguage":"vi","@id":"https:\/\/www.ivivu.com\/blog\/#\/schema\/logo\/image\/","url":"https:\/\/cdn3.ivivu.com\/2024\/01\/ivivu_no_slogan.png","contentUrl":"https:\/\/cdn3.ivivu.com\/2024\/01\/ivivu_no_slogan.png","width":788,"height":565,"caption":"iVIVU.com"},"image":{"@id":"https:\/\/www.ivivu.com\/blog\/#\/schema\/logo\/image\/"},"sameAs":["https:\/\/www.facebook.com\/iVIVU"]},{"@type":"Person","@id":"https:\/\/www.ivivu.com\/blog\/#\/schema\/person\/908408d5f737923066744b4a25acdf2d","name":"Thi Thi Nguy\u1ec5n Tr\u1ea7n","url":"https:\/\/www.ivivu.com\/blog\/author\/nguyentranthithikg2000\/"}]}},"_links":{"self":[{"href":"https:\/\/www.ivivu.com\/blog\/wp-json\/wp\/v2\/posts\/443785"}],"collection":[{"href":"https:\/\/www.ivivu.com\/blog\/wp-json\/wp\/v2\/posts"}],"about":[{"href":"https:\/\/www.ivivu.com\/blog\/wp-json\/wp\/v2\/types\/post"}],"author":[{"embeddable":true,"href":"https:\/\/www.ivivu.com\/blog\/wp-json\/wp\/v2\/users\/66"}],"replies":[{"embeddable":true,"href":"https:\/\/www.ivivu.com\/blog\/wp-json\/wp\/v2\/comments?post=443785"}],"version-history":[{"count":5,"href":"https:\/\/www.ivivu.com\/blog\/wp-json\/wp\/v2\/posts\/443785\/revisions"}],"predecessor-version":[{"id":444476,"href":"https:\/\/www.ivivu.com\/blog\/wp-json\/wp\/v2\/posts\/443785\/revisions\/444476"}],"wp:featuredmedia":[{"embeddable":true,"href":"https:\/\/www.ivivu.com\/blog\/wp-json\/wp\/v2\/media\/444447"}],"wp:attachment":[{"href":"https:\/\/www.ivivu.com\/blog\/wp-json\/wp\/v2\/media?parent=443785"}],"wp:term":[{"taxonomy":"category","embeddable":true,"href":"https:\/\/www.ivivu.com\/blog\/wp-json\/wp\/v2\/categories?post=443785"},{"taxonomy":"post_tag","embeddable":true,"href":"https:\/\/www.ivivu.com\/blog\/wp-json\/wp\/v2\/tags?post=443785"}],"curies":[{"name":"wp","href":"https:\/\/api.w.org\/{rel}","templated":true}]}}