{"id":489535,"date":"2025-02-10T07:30:06","date_gmt":"2025-02-10T00:30:06","guid":{"rendered":"https:\/\/www.ivivu.com\/blog\/?p=489535"},"modified":"2025-04-23T10:08:59","modified_gmt":"2025-04-23T03:08:59","slug":"du-lich-kien-giang-thang-hang-chinh-thuc-vao-top-diem-den-than-thien-nhat-the-gioi","status":"publish","type":"post","link":"https:\/\/www.ivivu.com\/blog\/2025\/02\/du-lich-kien-giang-thang-hang-chinh-thuc-vao-top-diem-den-than-thien-nhat-the-gioi\/","title":{"rendered":"Du l\u1ecbch Ki\u00ean Giang th\u0103ng h\u1ea1ng: Ch\u00ednh th\u1ee9c v\u00e0o top \u0111i\u1ec3m \u0111\u1ebfn th\u00e2n thi\u1ec7n nh\u1ea5t th\u1ebf gi\u1edbi"},"content":{"rendered":"<p style=\"text-align: justify;\"><em><strong>Du l\u1ecbch Ki\u00ean Giang l\u1ea7n \u0111\u1ea7u v\u00e0o top 10 \u0111i\u1ec3m \u0111\u1ebfn th\u00e2n thi\u1ec7n nh\u1ea5t th\u1ebf gi\u1edbi, thu h\u00fat du kh\u00e1ch nh\u1edd c\u1ea3nh \u0111\u1eb9p, d\u1ecbch v\u1ee5 ch\u1ea5t l\u01b0\u1ee3ng v\u00e0 ng\u01b0\u1eddi d\u00e2n hi\u1ebfu kh\u00e1ch.<\/strong><\/em><!--more--><div class=\"ltt-contentbox white\"><\/span><strong>Xem th\u00eam:\u00a0<a href=\"https:\/\/www.ivivu.com\/blog\/category\/viet-nam\/kien-giang\/\" target=\"_blank\" rel=\"noopener\">Du l\u1ecbch Ki\u00ean Giang<\/a><\/strong><\/div><\/p>\n<h4 style=\"text-align: justify;\"><strong>Ki\u00ean Giang l\u1ea7n \u0111\u1ea7u xu\u1ea5t hi\u1ec7n trong top \u0111i\u1ec3m \u0111\u1ebfn th\u00e2n thi\u1ec7n nh\u1ea5t th\u1ebf gi\u1edbi<\/strong><\/h4>\n<p style=\"text-align: justify;\">V\u1eeba qua n\u1ec1n t\u1ea3ng Booking c\u00f4ng b\u1ed1 gi\u1ea3i th\u01b0\u1edfng Traveller Review Awards l\u1ea7n th\u1ee9 13. \u0110\u00e2y l\u00e0 gi\u1ea3i th\u01b0\u1edfng t\u00f4n vinh c\u00e1c \u0111i\u1ec3m \u0111\u1ebfn v\u00e0 c\u01a1 s\u1edf l\u01b0u tr\u00fa xu\u1ea5t s\u1eafc. L\u1ea7n \u0111\u1ea7u ti\u00ean, <strong>du l\u1ecbch Ki\u00ean Giang<\/strong> ghi danh trong danh s\u00e1ch 10 \u0111\u1ecba \u0111i\u1ec3m th\u00e2n thi\u1ec7n nh\u1ea5t th\u1ebf gi\u1edbi. \u0110i\u1ec3m \u0111\u1ebfn n\u00e0y x\u1ebfp v\u1ecb tr\u00ed th\u1ee9 9, \u0111\u00e1nh d\u1ea5u b\u01b0\u1edbc ti\u1ebfn quan tr\u1ecdng tr\u00ean b\u1ea3n \u0111\u1ed3 du l\u1ecbch to\u00e0n c\u1ea7u.<\/p>\n<div id=\"attachment_489539\" style=\"width: 1910px\" class=\"wp-caption alignnone\"><img loading=\"lazy\" decoding=\"async\" aria-describedby=\"caption-attachment-489539\" class=\"wp-image-489539 size-full\" src=\"https:\/\/cdn3.ivivu.com\/2025\/02\/kien-gian-ivivu1.jpg\" alt=\"\" width=\"1900\" height=\"1069\" srcset=\"https:\/\/cdn3.ivivu.com\/2025\/02\/kien-gian-ivivu1.jpg 1900w, https:\/\/cdn3.ivivu.com\/2025\/02\/kien-gian-ivivu1-540x305.jpg 540w, https:\/\/cdn3.ivivu.com\/2025\/02\/kien-gian-ivivu1-1024x576.jpg 1024w, https:\/\/cdn3.ivivu.com\/2025\/02\/kien-gian-ivivu1-250x142.jpg 250w, https:\/\/cdn3.ivivu.com\/2025\/02\/kien-gian-ivivu1-768x432.jpg 768w, https:\/\/cdn3.ivivu.com\/2025\/02\/kien-gian-ivivu1-1536x864.jpg 1536w, https:\/\/cdn3.ivivu.com\/2025\/02\/kien-gian-ivivu1-750x422.jpg 750w, https:\/\/cdn3.ivivu.com\/2025\/02\/kien-gian-ivivu1-225x127.jpg 225w, https:\/\/cdn3.ivivu.com\/2025\/02\/kien-gian-ivivu1-370x208.jpg 370w, https:\/\/cdn3.ivivu.com\/2025\/02\/kien-gian-ivivu1-50x28.jpg 50w, https:\/\/cdn3.ivivu.com\/2025\/02\/kien-gian-ivivu1-107x60.jpg 107w, https:\/\/cdn3.ivivu.com\/2025\/02\/kien-gian-ivivu1-195x110.jpg 195w, https:\/\/cdn3.ivivu.com\/2025\/02\/kien-gian-ivivu1-220x125.jpg 220w, https:\/\/cdn3.ivivu.com\/2025\/02\/kien-gian-ivivu1-400x225.jpg 400w, https:\/\/cdn3.ivivu.com\/2025\/02\/kien-gian-ivivu1-140x80.jpg 140w\" sizes=\"(max-width: 1900px) 100vw, 1900px\" \/><p id=\"caption-attachment-489539\" class=\"wp-caption-text\"><em>\u0110\u1ea3o l\u1edbn Nam Du, Ki\u00ean Giang. \u1ea2nh: Kh\u00e1nh Thi\u00ean <\/em><\/p><\/div>\n<p style=\"text-align: justify;\">B\u1ea3ng x\u1ebfp h\u1ea1ng d\u1ef1a tr\u00ean t\u1ef7 l\u1ec7 c\u01a1 s\u1edf l\u01b0u tr\u00fa \u0111\u1ea1t gi\u1ea3i th\u01b0\u1edfng cao. K\u1ebft qu\u1ea3 ph\u1ea3n \u00e1nh m\u1ee9c \u0111\u1ed9 h\u00e0i l\u00f2ng c\u1ee7a du kh\u00e1ch. N\u0103m nay, h\u01a1n 1,71 tri\u1ec7u \u0111\u1ed1i t\u00e1c tr\u00ean 212 qu\u1ed1c gia \u0111\u01b0\u1ee3c vinh danh. Vi\u1ec7t Nam c\u00f3 h\u01a1n 13.000 \u0111\u01a1n v\u1ecb xu\u1ea5t s\u1eafc, trong \u0111\u00f3 Ki\u00ean Giang l\u00e0 \u0111\u1ea1i di\u1ec7n n\u1ed5i b\u1eadt.<\/p>\n<div id=\"attachment_489540\" style=\"width: 2058px\" class=\"wp-caption alignnone\"><img loading=\"lazy\" decoding=\"async\" aria-describedby=\"caption-attachment-489540\" class=\"wp-image-489540 size-full\" src=\"https:\/\/cdn3.ivivu.com\/2025\/02\/kien-gian-ivivu2.jpg\" alt=\"\" width=\"2048\" height=\"1152\" srcset=\"https:\/\/cdn3.ivivu.com\/2025\/02\/kien-gian-ivivu2.jpg 2048w, https:\/\/cdn3.ivivu.com\/2025\/02\/kien-gian-ivivu2-540x305.jpg 540w, https:\/\/cdn3.ivivu.com\/2025\/02\/kien-gian-ivivu2-1024x576.jpg 1024w, https:\/\/cdn3.ivivu.com\/2025\/02\/kien-gian-ivivu2-250x142.jpg 250w, https:\/\/cdn3.ivivu.com\/2025\/02\/kien-gian-ivivu2-768x432.jpg 768w, https:\/\/cdn3.ivivu.com\/2025\/02\/kien-gian-ivivu2-1536x864.jpg 1536w, https:\/\/cdn3.ivivu.com\/2025\/02\/kien-gian-ivivu2-750x422.jpg 750w, https:\/\/cdn3.ivivu.com\/2025\/02\/kien-gian-ivivu2-225x127.jpg 225w, https:\/\/cdn3.ivivu.com\/2025\/02\/kien-gian-ivivu2-370x208.jpg 370w, https:\/\/cdn3.ivivu.com\/2025\/02\/kien-gian-ivivu2-50x28.jpg 50w, https:\/\/cdn3.ivivu.com\/2025\/02\/kien-gian-ivivu2-107x60.jpg 107w, https:\/\/cdn3.ivivu.com\/2025\/02\/kien-gian-ivivu2-195x110.jpg 195w, https:\/\/cdn3.ivivu.com\/2025\/02\/kien-gian-ivivu2-220x125.jpg 220w, https:\/\/cdn3.ivivu.com\/2025\/02\/kien-gian-ivivu2-400x225.jpg 400w, https:\/\/cdn3.ivivu.com\/2025\/02\/kien-gian-ivivu2-140x80.jpg 140w\" sizes=\"(max-width: 2048px) 100vw, 2048px\" \/><p id=\"caption-attachment-489540\" class=\"wp-caption-text\"><em> M\u00f6venpick Resort Waverly Ph\u00fa Qu\u1ed1c l\u00e0 \u0111i\u1ec3m \u0111\u1ebfn ho\u00e0n h\u1ea3o cho k\u1ef3 ngh\u1ec9<\/em><\/p><\/div>\n<p style=\"text-align: justify;\">S\u1ef1 g\u00f3p m\u1eb7t trong danh s\u00e1ch n\u00e0y cho th\u1ea5y <em><strong>du l\u1ecbch Ki\u00ean Giang<\/strong><\/em> \u0111ang ph\u00e1t tri\u1ec3n m\u1ea1nh. D\u1ecbch v\u1ee5 th\u00e2n thi\u1ec7n, c\u01a1 s\u1edf l\u01b0u tr\u00fa ch\u1ea5t l\u01b0\u1ee3ng v\u00e0 c\u1ea3nh quan thi\u00ean nhi\u00ean tuy\u1ec7t \u0111\u1eb9p l\u00e0 nh\u1eefng y\u1ebfu t\u1ed1 thu h\u00fat du kh\u00e1ch. \u0110\u00e2y l\u00e0 t\u00edn hi\u1ec7u t\u00edch c\u1ef1c, gi\u00fap \u0111i\u1ec3m \u0111\u1ebfn n\u00e0y ti\u1ebfp c\u1eadn \u0111\u00f4ng \u0111\u1ea3o kh\u00e1ch qu\u1ed1c t\u1ebf h\u01a1n.<\/p>\n<h4 style=\"text-align: justify;\"><strong>\u0110i\u1ec1u g\u00ec l\u00e0m n\u00ean s\u1ee9c h\u00fat c\u1ee7a du l\u1ecbch Ki\u00ean Giang?<\/strong><\/h4>\n<p style=\"text-align: justify;\">Ki\u00ean Giang kh\u00f4ng ch\u1ec9 n\u1ed5i ti\u1ebfng v\u1edbi Ph\u00fa Qu\u1ed1c, thi\u00ean \u0111\u01b0\u1eddng \u0111\u1ea3o ng\u1ecdc. V\u00f9ng \u0111\u1ea5t n\u00e0y c\u00f2n s\u1edf h\u1eefu nhi\u1ec1u danh th\u1eafng hoang s\u01a1, k\u1ef3 v\u0129. Nh\u1eefng b\u00e3i bi\u1ec3n nh\u01b0 B\u00e3i Sao, B\u00e3i D\u00e0i c\u00f9ng h\u1ec7 sinh th\u00e1i r\u1eebng ng\u1eadp m\u1eb7n t\u1ea1o n\u00ean s\u1ee9c h\u1ea5p d\u1eabn \u0111\u1eb7c bi\u1ec7t.<\/p>\n<div id=\"attachment_489542\" style=\"width: 1034px\" class=\"wp-caption alignnone\"><img loading=\"lazy\" decoding=\"async\" aria-describedby=\"caption-attachment-489542\" class=\"wp-image-489542 size-full\" src=\"https:\/\/cdn3.ivivu.com\/2025\/02\/kien-gian-ivivu3.jpg\" alt=\"\" width=\"1024\" height=\"681\" srcset=\"https:\/\/cdn3.ivivu.com\/2025\/02\/kien-gian-ivivu3.jpg 1024w, https:\/\/cdn3.ivivu.com\/2025\/02\/kien-gian-ivivu3-459x305.jpg 459w, https:\/\/cdn3.ivivu.com\/2025\/02\/kien-gian-ivivu3-768x511.jpg 768w\" sizes=\"(max-width: 1024px) 100vw, 1024px\" \/><p id=\"caption-attachment-489542\" class=\"wp-caption-text\"><em>Ch\u00e8o thuy\u1ec1n kayak kh\u00e1m ph\u00e1 v\u1ebb \u0111\u1eb9p c\u1ee7a bi\u1ec3n<\/em><\/p><\/div>\n<p style=\"text-align: justify;\">Kh\u00f4ng ch\u1ec9 c\u00f3 thi\u00ean nhi\u00ean t\u01b0\u01a1i \u0111\u1eb9p, <em>du l\u1ecbch Ki\u00ean Giang<\/em> c\u00f2n n\u1ed5i b\u1eadt v\u1edbi n\u1ec1n v\u0103n h\u00f3a \u0111\u1eb7c s\u1eafc. Nh\u1eefng l\u1ec5 h\u1ed9i truy\u1ec1n th\u1ed1ng, l\u00e0ng ch\u00e0i c\u1ed5 k\u00ednh v\u00e0 \u1ea9m th\u1ef1c \u0111\u1ed9c \u0111\u00e1o \u0111\u1ec3 l\u1ea1i \u1ea5n t\u01b0\u1ee3ng s\u00e2u s\u1eafc. C\u00e1c m\u00f3n \u0103n nh\u01b0 g\u1ecfi c\u00e1 tr\u00edch, b\u00fan k\u00e8n, h\u1ea3i s\u1ea3n t\u01b0\u01a1i ngon lu\u00f4n h\u1ea5p d\u1eabn du kh\u00e1ch.<\/p>\n<div id=\"attachment_489543\" style=\"width: 910px\" class=\"wp-caption alignnone\"><img loading=\"lazy\" decoding=\"async\" aria-describedby=\"caption-attachment-489543\" class=\"wp-image-489543 size-full\" src=\"https:\/\/cdn3.ivivu.com\/2025\/02\/kien-gian-ivivu4.jpg\" alt=\"\" width=\"900\" height=\"600\" srcset=\"https:\/\/cdn3.ivivu.com\/2025\/02\/kien-gian-ivivu4.jpg 900w, https:\/\/cdn3.ivivu.com\/2025\/02\/kien-gian-ivivu4-458x305.jpg 458w, https:\/\/cdn3.ivivu.com\/2025\/02\/kien-gian-ivivu4-768x512.jpg 768w\" sizes=\"(max-width: 900px) 100vw, 900px\" \/><p id=\"caption-attachment-489543\" class=\"wp-caption-text\">H\u1ea3i s\u1ea3n t\u01b0\u01a1i ngon<\/p><\/div>\n<p style=\"text-align: justify;\">\u0110\u1eb7c bi\u1ec7t, s\u1ef1 hi\u1ebfu kh\u00e1ch c\u1ee7a ng\u01b0\u1eddi d\u00e2n l\u00e0 y\u1ebfu t\u1ed1 quan tr\u1ecdng gi\u00fap Ki\u00ean Giang \u0111\u1ea1t th\u1ee9 h\u1ea1ng cao. Vi\u1ec7c \u0111\u01b0\u1ee3c c\u00f4ng nh\u1eadn l\u00e0 \u0111i\u1ec3m \u0111\u1ebfn th\u00e2n thi\u1ec7n gi\u00fap n\u00e2ng t\u1ea7m du l\u1ecbch Ki\u00ean Giang. \u0110\u1ed3ng th\u1eddi, danh hi\u1ec7u n\u00e0y m\u1edf ra c\u01a1 h\u1ed9i ph\u00e1t tri\u1ec3n du l\u1ecbch b\u1ec1n v\u1eefng trong t\u01b0\u01a1ng lai. \u0110\u00e2y l\u00e0 th\u1eddi \u0111i\u1ec3m l\u00fd t\u01b0\u1edfng \u0111\u1ec3 du kh\u00e1ch l\u00ean k\u1ebf ho\u1ea1ch kh\u00e1m ph\u00e1 v\u00f9ng \u0111\u1ea5t n\u00e0y.<\/p>\n<div class=\"ltt-contentbox white\"><\/span><\/p>\n<p><strong>M\u1ed9t s\u1ed1 tour Ki\u00ean Giang h\u1ea5p d\u1eabn t\u1ea1i iVIVU:<\/strong><\/p>\n<p><strong><a href=\"https:\/\/www.ivivu.com\/du-lich\/tour-nam-du-2n2d-kham-pha-dao-nam-du\/341?utm_source=blog_ivivu&amp;utm_medium=post_link&amp;utm_campaign=internal\">Tour Nam Du 2N2\u0110: Kh\u00e1m ph\u00e1 \u0110\u1ea3o Nam Du \u2013 H\u00f2n M\u1ea5u<\/a><\/strong><\/p>\n<p><strong><a href=\"https:\/\/www.ivivu.com\/du-lich\/tour-hon-son-2n2d-thien-nhien-hoang-so-ky-thu\/1145?utm_source=blog_ivivu&amp;utm_medium=post_link&amp;utm_campaign=internal\">Tour H\u00f2n S\u01a1n 2N2\u0110: Thi\u00ean Nhi\u00ean Hoang S\u01a1 K\u1ef3 Th\u00fa<\/a><\/strong><\/p>\n<p><\/div>\n<p style=\"text-align: right;\"><strong><i>Theo iVIVU.com<\/i><\/strong><\/p>\n<div class=\"ltt-contentbox white\"><\/span><\/p>\n<p><strong>Xem th\u00eam b\u00e0i vi\u1ebft:<\/strong><\/p>\n<p><strong><a href=\"https:\/\/www.ivivu.com\/blog\/2024\/10\/lang-mac-cuu-noi-tri-an-nguoi-khai-pha-vung-dat-ha-tien\/\">L\u0103ng M\u1ea1c C\u1eedu \u2013 n\u01a1i tri \u00e2n ng\u01b0\u1eddi khai ph\u00e1 v\u00f9ng \u0111\u1ea5t H\u00e0 Ti\u00ean<\/a><\/strong><\/p>\n<p><strong><a href=\"https:\/\/www.ivivu.com\/blog\/2024\/06\/cam-nang-du-lich-hon-nghe-kien-giang-tu-a-den-z-nam-2024\/\">C\u1ea9m nang du l\u1ecbch h\u00f2n Ngh\u1ec7 Ki\u00ean Giang t\u1eeb A \u0111\u1ebfn Z n\u0103m 2024<\/a><\/strong><\/p>\n<p><strong><a href=\"https:\/\/www.ivivu.com\/blog\/2024\/08\/vuon-quoc-gia-u-minh-thuong-khu-ramsar-quoc-te-doc-dao-o-kien-giang\/\">V\u01b0\u1eddn qu\u1ed1c gia U Minh Th\u01b0\u1ee3ng \u2013 khu ramsar qu\u1ed1c t\u1ebf \u0111\u1ed9c \u0111\u00e1o \u1edf Ki\u00ean Giang<\/a><\/strong><\/p>\n<p><\/div>\n<h3 style=\"text-align: center;\"><div class=\"ltt-contentbox white\"><\/span><strong>Click \u0111\u1eb7t ngay <a href=\"https:\/\/www.ivivu.com?utm_source=blog_ivivu&amp;utm_medium=post_link&amp;utm_campaign=internal\" target=\"_blank\" rel=\"noopener\">kh\u00e1ch s\u1ea1n Vi\u1ec7t Nam v\u00e0 tr\u00ean to\u00e0n th\u1ebf gi\u1edbi<\/a> gi\u00e1 t\u1ed1t nh\u1ea5t ch\u1ec9 c\u00f3 t\u1ea1i iVIVU.com<\/strong><\/div><\/h3>\n<p><span style=\"font-weight: 400;\">***<\/span><\/p>\n<p><strong>Tham kh\u1ea3o: <a href=\"https:\/\/www.ivivu.com\/blog\">C\u1ea9m nang du l\u1ecbch<\/a><\/strong><\/p>\n","protected":false},"excerpt":{"rendered":"<p>Du l\u1ecbch Ki\u00ean Giang l\u1ea7n \u0111\u1ea7u v\u00e0o top 10 \u0111i\u1ec3m \u0111\u1ebfn th\u00e2n thi\u1ec7n nh\u1ea5t th\u1ebf gi\u1edbi, thu h\u00fat du kh\u00e1ch nh\u1edd c\u1ea3nh \u0111\u1eb9p, d\u1ecbch v\u1ee5 ch\u1ea5t l\u01b0\u1ee3ng v\u00e0 ng\u01b0\u1eddi d\u00e2n hi\u1ebfu kh\u00e1ch.<\/p>\n","protected":false},"author":68,"featured_media":489539,"comment_status":"closed","ping_status":"open","sticky":false,"template":"","format":"standard","meta":{"_acf_changed":false,"footnotes":""},"categories":[465,239,229,795,14742,289,518,13533],"tags":[27022,3250,5427,39961,5574],"acf":[],"yoast_head":"<!-- This site is optimized with the Yoast SEO Premium plugin v22.6 (Yoast SEO v22.6) - https:\/\/yoast.com\/wordpress\/plugins\/seo\/ -->\n<title>Du l\u1ecbch Ki\u00ean Giang v\u00e0o top \u0111i\u1ec3m \u0111\u1ebfn th\u00e2n thi\u1ec7n nh\u1ea5t th\u1ebf gi\u1edbi<\/title>\n<meta name=\"description\" content=\"Du l\u1ecbch Ki\u00ean Giang l\u1ea7n \u0111\u1ea7u v\u00e0o top 10 \u0111i\u1ec3m \u0111\u1ebfn th\u00e2n thi\u1ec7n nh\u1ea5t th\u1ebf gi\u1edbi, thu h\u00fat du kh\u00e1ch nh\u1edd c\u1ea3nh \u0111\u1eb9p, d\u1ecbch v\u1ee5 ch\u1ea5t l\u01b0\u1ee3ng v\u00e0 s\u1ef1 hi\u1ebfu kh\u00e1ch.\" \/>\n<meta name=\"robots\" content=\"index, follow, max-snippet:-1, max-image-preview:large, max-video-preview:-1\" \/>\n<link rel=\"canonical\" href=\"https:\/\/www.ivivu.com\/blog\/2025\/02\/du-lich-kien-giang-thang-hang-chinh-thuc-vao-top-diem-den-than-thien-nhat-the-gioi\/\" \/>\n<meta name=\"twitter:label1\" content=\"\u0110\u01b0\u1ee3c vi\u1ebft b\u1edfi\" \/>\n\t<meta name=\"twitter:data1\" content=\"Ph\u1ea1m Qu\u1ed1c Duy\" \/>\n\t<meta name=\"twitter:label2\" content=\"\u01af\u1edbc t\u00ednh th\u1eddi gian \u0111\u1ecdc\" \/>\n\t<meta name=\"twitter:data2\" content=\"5 ph\u00fat\" \/>\n<script type=\"application\/ld+json\" class=\"yoast-schema-graph\">{\"@context\":\"https:\/\/schema.org\",\"@graph\":[{\"@type\":\"Article\",\"@id\":\"https:\/\/www.ivivu.com\/blog\/2025\/02\/du-lich-kien-giang-thang-hang-chinh-thuc-vao-top-diem-den-than-thien-nhat-the-gioi\/#article\",\"isPartOf\":{\"@id\":\"https:\/\/www.ivivu.com\/blog\/2025\/02\/du-lich-kien-giang-thang-hang-chinh-thuc-vao-top-diem-den-than-thien-nhat-the-gioi\/\"},\"author\":{\"name\":\"Ph\u1ea1m Qu\u1ed1c Duy\",\"@id\":\"https:\/\/www.ivivu.com\/blog\/#\/schema\/person\/2f6764fce4f5cfd54a745031701e1294\"},\"headline\":\"Du l\u1ecbch Ki\u00ean Giang th\u0103ng h\u1ea1ng: Ch\u00ednh th\u1ee9c v\u00e0o top \u0111i\u1ec3m \u0111\u1ebfn th\u00e2n thi\u1ec7n nh\u1ea5t th\u1ebf gi\u1edbi\",\"datePublished\":\"2025-02-10T00:30:06+00:00\",\"dateModified\":\"2025-04-23T03:08:59+00:00\",\"mainEntityOfPage\":{\"@id\":\"https:\/\/www.ivivu.com\/blog\/2025\/02\/du-lich-kien-giang-thang-hang-chinh-thuc-vao-top-diem-den-than-thien-nhat-the-gioi\/\"},\"wordCount\":951,\"publisher\":{\"@id\":\"https:\/\/www.ivivu.com\/blog\/#organization\"},\"image\":{\"@id\":\"https:\/\/www.ivivu.com\/blog\/2025\/02\/du-lich-kien-giang-thang-hang-chinh-thuc-vao-top-diem-den-than-thien-nhat-the-gioi\/#primaryimage\"},\"thumbnailUrl\":\"https:\/\/cdn3.ivivu.com\/2025\/02\/kien-gian-ivivu1.jpg\",\"keywords\":[\"combo du lich phu quoc\",\"du l\u1ecbch Ki\u00ean Giang\",\"\u0111\u1ecba \u0111i\u1ec3m du l\u1ecbch ki\u00ean giang\",\"\u0111i\u0323a \u0111i\u00ea\u0309m du li\u0323ch phu\u0301 qu\u00f4\u0301c\",\"tour du l\u1ecbch ph\u00fa qu\u1ed1c\"],\"articleSection\":[\"Du l\u1ecbch Ki\u00ean Giang\",\"Du l\u1ecbch Ph\u00fa Qu\u1ed1c\",\"DU L\u1ecaCH VI\u1ec6T NAM\",\"\u0110i\u1ec3m \u0111\u1ebfn\",\"N\u1ed5i B\u1eadt 2\",\"TIN DU L\u1ecaCH\",\"Tin l\u1ec5 h\u1ed9i - s\u1ef1 ki\u1ec7n\",\"Tour du l\u1ecbch\"],\"inLanguage\":\"vi\"},{\"@type\":\"WebPage\",\"@id\":\"https:\/\/www.ivivu.com\/blog\/2025\/02\/du-lich-kien-giang-thang-hang-chinh-thuc-vao-top-diem-den-than-thien-nhat-the-gioi\/\",\"url\":\"https:\/\/www.ivivu.com\/blog\/2025\/02\/du-lich-kien-giang-thang-hang-chinh-thuc-vao-top-diem-den-than-thien-nhat-the-gioi\/\",\"name\":\"Du l\u1ecbch Ki\u00ean Giang v\u00e0o top \u0111i\u1ec3m \u0111\u1ebfn th\u00e2n thi\u1ec7n nh\u1ea5t th\u1ebf gi\u1edbi\",\"isPartOf\":{\"@id\":\"https:\/\/www.ivivu.com\/blog\/#website\"},\"primaryImageOfPage\":{\"@id\":\"https:\/\/www.ivivu.com\/blog\/2025\/02\/du-lich-kien-giang-thang-hang-chinh-thuc-vao-top-diem-den-than-thien-nhat-the-gioi\/#primaryimage\"},\"image\":{\"@id\":\"https:\/\/www.ivivu.com\/blog\/2025\/02\/du-lich-kien-giang-thang-hang-chinh-thuc-vao-top-diem-den-than-thien-nhat-the-gioi\/#primaryimage\"},\"thumbnailUrl\":\"https:\/\/cdn3.ivivu.com\/2025\/02\/kien-gian-ivivu1.jpg\",\"datePublished\":\"2025-02-10T00:30:06+00:00\",\"dateModified\":\"2025-04-23T03:08:59+00:00\",\"description\":\"Du l\u1ecbch Ki\u00ean Giang l\u1ea7n \u0111\u1ea7u v\u00e0o top 10 \u0111i\u1ec3m \u0111\u1ebfn th\u00e2n thi\u1ec7n nh\u1ea5t th\u1ebf gi\u1edbi, thu h\u00fat du kh\u00e1ch nh\u1edd c\u1ea3nh \u0111\u1eb9p, d\u1ecbch v\u1ee5 ch\u1ea5t l\u01b0\u1ee3ng v\u00e0 s\u1ef1 hi\u1ebfu kh\u00e1ch.\",\"breadcrumb\":{\"@id\":\"https:\/\/www.ivivu.com\/blog\/2025\/02\/du-lich-kien-giang-thang-hang-chinh-thuc-vao-top-diem-den-than-thien-nhat-the-gioi\/#breadcrumb\"},\"inLanguage\":\"vi\",\"potentialAction\":[{\"@type\":\"ReadAction\",\"target\":[\"https:\/\/www.ivivu.com\/blog\/2025\/02\/du-lich-kien-giang-thang-hang-chinh-thuc-vao-top-diem-den-than-thien-nhat-the-gioi\/\"]}]},{\"@type\":\"ImageObject\",\"inLanguage\":\"vi\",\"@id\":\"https:\/\/www.ivivu.com\/blog\/2025\/02\/du-lich-kien-giang-thang-hang-chinh-thuc-vao-top-diem-den-than-thien-nhat-the-gioi\/#primaryimage\",\"url\":\"https:\/\/cdn3.ivivu.com\/2025\/02\/kien-gian-ivivu1.jpg\",\"contentUrl\":\"https:\/\/cdn3.ivivu.com\/2025\/02\/kien-gian-ivivu1.jpg\",\"width\":1900,\"height\":1069},{\"@type\":\"BreadcrumbList\",\"@id\":\"https:\/\/www.ivivu.com\/blog\/2025\/02\/du-lich-kien-giang-thang-hang-chinh-thuc-vao-top-diem-den-than-thien-nhat-the-gioi\/#breadcrumb\",\"itemListElement\":[{\"@type\":\"ListItem\",\"position\":1,\"name\":\"Home\",\"item\":\"https:\/\/www.ivivu.com\/blog\/\"},{\"@type\":\"ListItem\",\"position\":2,\"name\":\"Du l\u1ecbch Ki\u00ean Giang th\u0103ng h\u1ea1ng: Ch\u00ednh th\u1ee9c v\u00e0o top \u0111i\u1ec3m \u0111\u1ebfn th\u00e2n thi\u1ec7n nh\u1ea5t th\u1ebf gi\u1edbi\"}]},{\"@type\":\"WebSite\",\"@id\":\"https:\/\/www.ivivu.com\/blog\/#website\",\"url\":\"https:\/\/www.ivivu.com\/blog\/\",\"name\":\"C\u1ea9m nang du l\u1ecbch\",\"description\":\"\",\"publisher\":{\"@id\":\"https:\/\/www.ivivu.com\/blog\/#organization\"},\"potentialAction\":[{\"@type\":\"SearchAction\",\"target\":{\"@type\":\"EntryPoint\",\"urlTemplate\":\"https:\/\/www.ivivu.com\/blog\/?s={search_term_string}\"},\"query-input\":\"required name=search_term_string\"}],\"inLanguage\":\"vi\"},{\"@type\":\"Organization\",\"@id\":\"https:\/\/www.ivivu.com\/blog\/#organization\",\"name\":\"iVIVU.com\",\"url\":\"https:\/\/www.ivivu.com\/blog\/\",\"logo\":{\"@type\":\"ImageObject\",\"inLanguage\":\"vi\",\"@id\":\"https:\/\/www.ivivu.com\/blog\/#\/schema\/logo\/image\/\",\"url\":\"https:\/\/cdn3.ivivu.com\/2024\/01\/ivivu_no_slogan.png\",\"contentUrl\":\"https:\/\/cdn3.ivivu.com\/2024\/01\/ivivu_no_slogan.png\",\"width\":788,\"height\":565,\"caption\":\"iVIVU.com\"},\"image\":{\"@id\":\"https:\/\/www.ivivu.com\/blog\/#\/schema\/logo\/image\/\"},\"sameAs\":[\"https:\/\/www.facebook.com\/iVIVU\"]},{\"@type\":\"Person\",\"@id\":\"https:\/\/www.ivivu.com\/blog\/#\/schema\/person\/2f6764fce4f5cfd54a745031701e1294\",\"name\":\"Ph\u1ea1m Qu\u1ed1c Duy\",\"url\":\"https:\/\/www.ivivu.com\/blog\/author\/duy-pham\/\"}]}<\/script>\n<!-- \/ Yoast SEO Premium plugin. -->","yoast_head_json":{"title":"Du l\u1ecbch Ki\u00ean Giang v\u00e0o top \u0111i\u1ec3m \u0111\u1ebfn th\u00e2n thi\u1ec7n nh\u1ea5t th\u1ebf gi\u1edbi","description":"Du l\u1ecbch Ki\u00ean Giang l\u1ea7n \u0111\u1ea7u v\u00e0o top 10 \u0111i\u1ec3m \u0111\u1ebfn th\u00e2n thi\u1ec7n nh\u1ea5t th\u1ebf gi\u1edbi, thu h\u00fat du kh\u00e1ch nh\u1edd c\u1ea3nh \u0111\u1eb9p, d\u1ecbch v\u1ee5 ch\u1ea5t l\u01b0\u1ee3ng v\u00e0 s\u1ef1 hi\u1ebfu kh\u00e1ch.","robots":{"index":"index","follow":"follow","max-snippet":"max-snippet:-1","max-image-preview":"max-image-preview:large","max-video-preview":"max-video-preview:-1"},"canonical":"https:\/\/www.ivivu.com\/blog\/2025\/02\/du-lich-kien-giang-thang-hang-chinh-thuc-vao-top-diem-den-than-thien-nhat-the-gioi\/","twitter_misc":{"\u0110\u01b0\u1ee3c vi\u1ebft b\u1edfi":"Ph\u1ea1m Qu\u1ed1c Duy","\u01af\u1edbc t\u00ednh th\u1eddi gian \u0111\u1ecdc":"5 ph\u00fat"},"schema":{"@context":"https:\/\/schema.org","@graph":[{"@type":"Article","@id":"https:\/\/www.ivivu.com\/blog\/2025\/02\/du-lich-kien-giang-thang-hang-chinh-thuc-vao-top-diem-den-than-thien-nhat-the-gioi\/#article","isPartOf":{"@id":"https:\/\/www.ivivu.com\/blog\/2025\/02\/du-lich-kien-giang-thang-hang-chinh-thuc-vao-top-diem-den-than-thien-nhat-the-gioi\/"},"author":{"name":"Ph\u1ea1m Qu\u1ed1c Duy","@id":"https:\/\/www.ivivu.com\/blog\/#\/schema\/person\/2f6764fce4f5cfd54a745031701e1294"},"headline":"Du l\u1ecbch Ki\u00ean Giang th\u0103ng h\u1ea1ng: Ch\u00ednh th\u1ee9c v\u00e0o top \u0111i\u1ec3m \u0111\u1ebfn th\u00e2n thi\u1ec7n nh\u1ea5t th\u1ebf gi\u1edbi","datePublished":"2025-02-10T00:30:06+00:00","dateModified":"2025-04-23T03:08:59+00:00","mainEntityOfPage":{"@id":"https:\/\/www.ivivu.com\/blog\/2025\/02\/du-lich-kien-giang-thang-hang-chinh-thuc-vao-top-diem-den-than-thien-nhat-the-gioi\/"},"wordCount":951,"publisher":{"@id":"https:\/\/www.ivivu.com\/blog\/#organization"},"image":{"@id":"https:\/\/www.ivivu.com\/blog\/2025\/02\/du-lich-kien-giang-thang-hang-chinh-thuc-vao-top-diem-den-than-thien-nhat-the-gioi\/#primaryimage"},"thumbnailUrl":"https:\/\/cdn3.ivivu.com\/2025\/02\/kien-gian-ivivu1.jpg","keywords":["combo du lich phu quoc","du l\u1ecbch Ki\u00ean Giang","\u0111\u1ecba \u0111i\u1ec3m du l\u1ecbch ki\u00ean giang","\u0111i\u0323a \u0111i\u00ea\u0309m du li\u0323ch phu\u0301 qu\u00f4\u0301c","tour du l\u1ecbch ph\u00fa qu\u1ed1c"],"articleSection":["Du l\u1ecbch Ki\u00ean Giang","Du l\u1ecbch Ph\u00fa Qu\u1ed1c","DU L\u1ecaCH VI\u1ec6T NAM","\u0110i\u1ec3m \u0111\u1ebfn","N\u1ed5i B\u1eadt 2","TIN DU L\u1ecaCH","Tin l\u1ec5 h\u1ed9i - s\u1ef1 ki\u1ec7n","Tour du l\u1ecbch"],"inLanguage":"vi"},{"@type":"WebPage","@id":"https:\/\/www.ivivu.com\/blog\/2025\/02\/du-lich-kien-giang-thang-hang-chinh-thuc-vao-top-diem-den-than-thien-nhat-the-gioi\/","url":"https:\/\/www.ivivu.com\/blog\/2025\/02\/du-lich-kien-giang-thang-hang-chinh-thuc-vao-top-diem-den-than-thien-nhat-the-gioi\/","name":"Du l\u1ecbch Ki\u00ean Giang v\u00e0o top \u0111i\u1ec3m \u0111\u1ebfn th\u00e2n thi\u1ec7n nh\u1ea5t th\u1ebf gi\u1edbi","isPartOf":{"@id":"https:\/\/www.ivivu.com\/blog\/#website"},"primaryImageOfPage":{"@id":"https:\/\/www.ivivu.com\/blog\/2025\/02\/du-lich-kien-giang-thang-hang-chinh-thuc-vao-top-diem-den-than-thien-nhat-the-gioi\/#primaryimage"},"image":{"@id":"https:\/\/www.ivivu.com\/blog\/2025\/02\/du-lich-kien-giang-thang-hang-chinh-thuc-vao-top-diem-den-than-thien-nhat-the-gioi\/#primaryimage"},"thumbnailUrl":"https:\/\/cdn3.ivivu.com\/2025\/02\/kien-gian-ivivu1.jpg","datePublished":"2025-02-10T00:30:06+00:00","dateModified":"2025-04-23T03:08:59+00:00","description":"Du l\u1ecbch Ki\u00ean Giang l\u1ea7n \u0111\u1ea7u v\u00e0o top 10 \u0111i\u1ec3m \u0111\u1ebfn th\u00e2n thi\u1ec7n nh\u1ea5t th\u1ebf gi\u1edbi, thu h\u00fat du kh\u00e1ch nh\u1edd c\u1ea3nh \u0111\u1eb9p, d\u1ecbch v\u1ee5 ch\u1ea5t l\u01b0\u1ee3ng v\u00e0 s\u1ef1 hi\u1ebfu kh\u00e1ch.","breadcrumb":{"@id":"https:\/\/www.ivivu.com\/blog\/2025\/02\/du-lich-kien-giang-thang-hang-chinh-thuc-vao-top-diem-den-than-thien-nhat-the-gioi\/#breadcrumb"},"inLanguage":"vi","potentialAction":[{"@type":"ReadAction","target":["https:\/\/www.ivivu.com\/blog\/2025\/02\/du-lich-kien-giang-thang-hang-chinh-thuc-vao-top-diem-den-than-thien-nhat-the-gioi\/"]}]},{"@type":"ImageObject","inLanguage":"vi","@id":"https:\/\/www.ivivu.com\/blog\/2025\/02\/du-lich-kien-giang-thang-hang-chinh-thuc-vao-top-diem-den-than-thien-nhat-the-gioi\/#primaryimage","url":"https:\/\/cdn3.ivivu.com\/2025\/02\/kien-gian-ivivu1.jpg","contentUrl":"https:\/\/cdn3.ivivu.com\/2025\/02\/kien-gian-ivivu1.jpg","width":1900,"height":1069},{"@type":"BreadcrumbList","@id":"https:\/\/www.ivivu.com\/blog\/2025\/02\/du-lich-kien-giang-thang-hang-chinh-thuc-vao-top-diem-den-than-thien-nhat-the-gioi\/#breadcrumb","itemListElement":[{"@type":"ListItem","position":1,"name":"Home","item":"https:\/\/www.ivivu.com\/blog\/"},{"@type":"ListItem","position":2,"name":"Du l\u1ecbch Ki\u00ean Giang th\u0103ng h\u1ea1ng: Ch\u00ednh th\u1ee9c v\u00e0o top \u0111i\u1ec3m \u0111\u1ebfn th\u00e2n thi\u1ec7n nh\u1ea5t th\u1ebf gi\u1edbi"}]},{"@type":"WebSite","@id":"https:\/\/www.ivivu.com\/blog\/#website","url":"https:\/\/www.ivivu.com\/blog\/","name":"C\u1ea9m nang du l\u1ecbch","description":"","publisher":{"@id":"https:\/\/www.ivivu.com\/blog\/#organization"},"potentialAction":[{"@type":"SearchAction","target":{"@type":"EntryPoint","urlTemplate":"https:\/\/www.ivivu.com\/blog\/?s={search_term_string}"},"query-input":"required name=search_term_string"}],"inLanguage":"vi"},{"@type":"Organization","@id":"https:\/\/www.ivivu.com\/blog\/#organization","name":"iVIVU.com","url":"https:\/\/www.ivivu.com\/blog\/","logo":{"@type":"ImageObject","inLanguage":"vi","@id":"https:\/\/www.ivivu.com\/blog\/#\/schema\/logo\/image\/","url":"https:\/\/cdn3.ivivu.com\/2024\/01\/ivivu_no_slogan.png","contentUrl":"https:\/\/cdn3.ivivu.com\/2024\/01\/ivivu_no_slogan.png","width":788,"height":565,"caption":"iVIVU.com"},"image":{"@id":"https:\/\/www.ivivu.com\/blog\/#\/schema\/logo\/image\/"},"sameAs":["https:\/\/www.facebook.com\/iVIVU"]},{"@type":"Person","@id":"https:\/\/www.ivivu.com\/blog\/#\/schema\/person\/2f6764fce4f5cfd54a745031701e1294","name":"Ph\u1ea1m Qu\u1ed1c Duy","url":"https:\/\/www.ivivu.com\/blog\/author\/duy-pham\/"}]}},"_links":{"self":[{"href":"https:\/\/www.ivivu.com\/blog\/wp-json\/wp\/v2\/posts\/489535"}],"collection":[{"href":"https:\/\/www.ivivu.com\/blog\/wp-json\/wp\/v2\/posts"}],"about":[{"href":"https:\/\/www.ivivu.com\/blog\/wp-json\/wp\/v2\/types\/post"}],"author":[{"embeddable":true,"href":"https:\/\/www.ivivu.com\/blog\/wp-json\/wp\/v2\/users\/68"}],"replies":[{"embeddable":true,"href":"https:\/\/www.ivivu.com\/blog\/wp-json\/wp\/v2\/comments?post=489535"}],"version-history":[{"count":10,"href":"https:\/\/www.ivivu.com\/blog\/wp-json\/wp\/v2\/posts\/489535\/revisions"}],"predecessor-version":[{"id":495264,"href":"https:\/\/www.ivivu.com\/blog\/wp-json\/wp\/v2\/posts\/489535\/revisions\/495264"}],"wp:featuredmedia":[{"embeddable":true,"href":"https:\/\/www.ivivu.com\/blog\/wp-json\/wp\/v2\/media\/489539"}],"wp:attachment":[{"href":"https:\/\/www.ivivu.com\/blog\/wp-json\/wp\/v2\/media?parent=489535"}],"wp:term":[{"taxonomy":"category","embeddable":true,"href":"https:\/\/www.ivivu.com\/blog\/wp-json\/wp\/v2\/categories?post=489535"},{"taxonomy":"post_tag","embeddable":true,"href":"https:\/\/www.ivivu.com\/blog\/wp-json\/wp\/v2\/tags?post=489535"}],"curies":[{"name":"wp","href":"https:\/\/api.w.org\/{rel}","templated":true}]}}