{"id":498390,"date":"2025-05-30T11:31:56","date_gmt":"2025-05-30T04:31:56","guid":{"rendered":"https:\/\/www.ivivu.com\/blog\/?p=498390"},"modified":"2025-05-30T11:33:36","modified_gmt":"2025-05-30T04:33:36","slug":"6-diem-den-du-lich-viet-nam-duoc-goi-y-boi-bao-anh","status":"publish","type":"post","link":"https:\/\/www.ivivu.com\/blog\/2025\/05\/6-diem-den-du-lich-viet-nam-duoc-goi-y-boi-bao-anh\/","title":{"rendered":"6 \u0111i\u1ec3m \u0111\u1ebfn du l\u1ecbch Vi\u1ec7t Nam \u0111\u01b0\u1ee3c g\u1ee3i \u00fd b\u1edfi b\u00e1o Anh"},"content":{"rendered":"<p style=\"text-align: justify;\"><em><strong>T\u1eeb bi\u1ec3n M\u0169i N\u00e9 \u0111\u1ebfn ru\u1ed9ng b\u1eadc thang M\u00f9 Cang Ch\u1ea3i, \u0111\u00e2y l\u00e0 6 \u0111\u1ecba danh Vi\u1ec7t Nam l\u1ecdt v\u00e0o danh s\u00e1ch \u0111i\u1ec3m \u0111\u1ebfn du l\u1ecbch Vi\u1ec7t Nam \u0111\u01b0\u1ee3c b\u00e1o Anh g\u1ee3i \u00fd.<\/strong><\/em><\/p>\n<p><!--more--><\/p>\n<p style=\"text-align: justify;\">T\u1edd The Independent (Anh) \u0111\u00e3 g\u1ee3i \u00fd 6 \u0111i\u1ec3m \u0111\u1ebfn m\u00e0 du kh\u00e1ch qu\u1ed1c t\u1ebf kh\u00f4ng n\u00ean b\u1ecf l\u1ee1 khi \u0111\u1ebfn Vi\u1ec7t Nam. Danh s\u00e1ch n\u00e0y \u0111\u01b0\u1ee3c l\u1ef1a ch\u1ecdn d\u1ef1a tr\u00ean m\u1ed9t s\u1ed1 ti\u00eau ch\u00ed. Nh\u01b0 gi\u00e0u tr\u1ea3i nghi\u1ec7m, \u1ea9m th\u1ef1c \u0111a d\u1ea1ng, ch\u1ee3 s\u00f4i \u0111\u1ed9ng&#8230; Nh\u1eefng \u0111i\u1ec3m \u0111\u1ebfn n\u00e0y h\u1ee9a h\u1eb9n mang \u0111\u1ebfn cho du kh\u00e1ch nh\u1eefng gi\u00e2y ph\u00fat th\u01b0 gi\u00e3n, y\u00ean t\u0129nh.<\/p>\n<h4 style=\"text-align: justify;\">1. M\u00f9 Cang Ch\u1ea3i, Y\u00ean B\u00e1i<\/h4>\n<p style=\"text-align: justify;\">\u1ea8n m\u00ecnh gi\u1eefa n\u00fai non, M\u00f9 Cang Ch\u1ea3i (Y\u00ean B\u00e1i) n\u1ed5i b\u1eadt v\u1edbi v\u1ebb \u0111\u1eb9p c\u1ee7a nh\u1eefng th\u1eeda ru\u1ed9ng b\u1eadc thang tr\u1ea3i d\u00e0i tr\u00ean tri\u1ec1n n\u00fai. V\u00e0o m\u00f9a l\u00faa ch\u00edn (th\u00e1ng 9-10), n\u01a1i \u0111\u00e2y r\u1ef1c r\u1ee1 trong s\u1eafc v\u00e0ng \u00f3ng \u1ea3. \u0110\u00e2y l\u00e0 <strong>\u0111i\u1ec3m \u0111\u1ebfn du l\u1ecbch Vi\u1ec7t Nam<\/strong> v\u1eabn gi\u1eef \u0111\u01b0\u1ee3c v\u1ebb nguy\u00ean s\u01a1 v\u00e0 v\u0103n h\u00f3a b\u1ea3n \u0111\u1ecba \u0111\u1eb7c s\u1eafc. Du kh\u00e1ch \u0111\u1ebfn \u0111\u00e2y c\u00f3 c\u01a1 h\u1ed9i t\u00ecm hi\u1ec3u cu\u1ed9c s\u1ed1ng c\u1ee7a ng\u01b0\u1eddi M\u00f4ng v\u00e0 th\u01b0\u1edfng th\u1ee9c \u1ea9m th\u1ef1c v\u00f9ng cao.<\/p>\n<div id=\"attachment_498496\" style=\"width: 1034px\" class=\"wp-caption aligncenter\"><img loading=\"lazy\" decoding=\"async\" aria-describedby=\"caption-attachment-498496\" class=\"size-large wp-image-498496\" src=\"https:\/\/cdn3.ivivu.com\/2025\/05\/diem-den-du-lich-viet-nam-ivivu-1-1024x685.jpg\" alt=\"\" width=\"1024\" height=\"685\" srcset=\"https:\/\/cdn3.ivivu.com\/2025\/05\/diem-den-du-lich-viet-nam-ivivu-1-1024x685.jpg 1024w, https:\/\/cdn3.ivivu.com\/2025\/05\/diem-den-du-lich-viet-nam-ivivu-1-456x305.jpg 456w, https:\/\/cdn3.ivivu.com\/2025\/05\/diem-den-du-lich-viet-nam-ivivu-1-768x514.jpg 768w, https:\/\/cdn3.ivivu.com\/2025\/05\/diem-den-du-lich-viet-nam-ivivu-1-1536x1028.jpg 1536w, https:\/\/cdn3.ivivu.com\/2025\/05\/diem-den-du-lich-viet-nam-ivivu-1.jpg 2048w\" sizes=\"(max-width: 1024px) 100vw, 1024px\" \/><p id=\"caption-attachment-498496\" class=\"wp-caption-text\">M\u00f9a n\u01b0\u1edbc \u0111\u1ed5 \u1edf M\u00f9 Cang Ch\u1ea3i<\/p><\/div>\n<div id=\"attachment_498847\" style=\"width: 1090px\" class=\"wp-caption alignnone\"><img loading=\"lazy\" decoding=\"async\" aria-describedby=\"caption-attachment-498847\" class=\"wp-image-498847 size-full\" src=\"https:\/\/cdn3.ivivu.com\/2025\/05\/diem-den-du-lich-Viet-Nam-ivivu-1-1.jpg\" alt=\"\" width=\"1080\" height=\"1080\" srcset=\"https:\/\/cdn3.ivivu.com\/2025\/05\/diem-den-du-lich-Viet-Nam-ivivu-1-1.jpg 1080w, https:\/\/cdn3.ivivu.com\/2025\/05\/diem-den-du-lich-Viet-Nam-ivivu-1-1-305x305.jpg 305w, https:\/\/cdn3.ivivu.com\/2025\/05\/diem-den-du-lich-Viet-Nam-ivivu-1-1-1024x1024.jpg 1024w, https:\/\/cdn3.ivivu.com\/2025\/05\/diem-den-du-lich-Viet-Nam-ivivu-1-1-768x768.jpg 768w, https:\/\/cdn3.ivivu.com\/2025\/05\/diem-den-du-lich-Viet-Nam-ivivu-1-1-75x75.jpg 75w\" sizes=\"(max-width: 1080px) 100vw, 1080px\" \/><p id=\"caption-attachment-498847\" class=\"wp-caption-text\">V\u00e0 m\u00f9a l\u00faa ch\u00edn. \u1ea2nh: huongg_ly<\/p><\/div>\n<p><a href=\"https:\/\/www.ivivu.com\/khach-san-yen-bai\/khu-nghi-duong-garrya-mu-cang-chai-yen-bai?utm_source=blog_ivivu&amp;utm_medium=post_link&amp;utm_campaign=internal\" target=\"_blank\" rel=\"noopener\"><img loading=\"lazy\" decoding=\"async\" class=\"alignnone size-full wp-image-498846\" src=\"https:\/\/cdn3.ivivu.com\/2025\/05\/diem-den-du-lich-Viet-Nam-ivivu.png\" alt=\"\" width=\"770\" height=\"190\" srcset=\"https:\/\/cdn3.ivivu.com\/2025\/05\/diem-den-du-lich-Viet-Nam-ivivu.png 770w, https:\/\/cdn3.ivivu.com\/2025\/05\/diem-den-du-lich-Viet-Nam-ivivu-540x133.png 540w, https:\/\/cdn3.ivivu.com\/2025\/05\/diem-den-du-lich-Viet-Nam-ivivu-768x190.png 768w\" sizes=\"(max-width: 770px) 100vw, 770px\" \/><\/a><\/p>\n<h4 style=\"text-align: justify;\">2. V\u1ecbnh B\u00e1i T\u1eed Long, Qu\u1ea3ng Ninh<\/h4>\n<p style=\"text-align: justify;\">Kh\u00f4ng qu\u00e1 xa v\u1ecbnh H\u1ea1 Long, nh\u01b0ng v\u1ecbnh B\u00e1i T\u1eed Long l\u1ea1i \u00edt \u0111\u01b0\u1ee3c bi\u1ebft \u0111\u1ebfn h\u01a1n. Ch\u00ednh \u0111i\u1ec1u \u0111\u00f3 l\u1ea1i tr\u1edf th\u00e0nh \u0111i\u1ec3m h\u1ea5p d\u1eabn c\u1ee7a n\u01a1i n\u00e0y. B\u00e1i T\u1eed Long \u0111\u01b0\u1ee3c xem l\u00e0 \u201cvi\u00ean ng\u1ecdc th\u00f4\u201d d\u00e0nh cho nh\u1eefng du kh\u00e1ch y\u00eau th\u00edch s\u1ef1 y\u00ean b\u00ecnh v\u00e0 v\u1ebb \u0111\u1eb9p nguy\u00ean s\u01a1. V\u1edbi h\u00e0ng tr\u0103m h\u00f2n \u0111\u1ea3o \u0111\u00e1 v\u00f4i nh\u00f4 l\u00ean gi\u1eefa l\u00e0n n\u01b0\u1edbc xanh trong v\u1eaft, v\u1ecbnh mang \u0111\u1ebfn khung c\u1ea3nh k\u1ef3 v\u0129 nh\u01b0ng thanh t\u0129nh. T\u1ea1i \u0111\u00e2y, du kh\u00e1ch c\u00f3 th\u1ec3 tham gia c\u00e1c tour ch\u00e8o kayak, c\u00e2u m\u1ef1c \u0111\u00eam, th\u0103m l\u00e0ng ch\u00e0i C\u00e1i B\u00e8o. Hay t\u1eadn h\u01b0\u1edfng kh\u00f4ng kh\u00ed bi\u1ec3n tr\u00ean nh\u1eefng du thuy\u1ec1n sang tr\u1ecdng.<\/p>\n<div id=\"attachment_498848\" style=\"width: 1360px\" class=\"wp-caption alignnone\"><img loading=\"lazy\" decoding=\"async\" aria-describedby=\"caption-attachment-498848\" class=\"wp-image-498848 size-full\" src=\"https:\/\/cdn3.ivivu.com\/2025\/05\/diem-den-du-lich-Viet-Nam-ivivu-3-1.jpg\" alt=\"\" width=\"1350\" height=\"759\" srcset=\"https:\/\/cdn3.ivivu.com\/2025\/05\/diem-den-du-lich-Viet-Nam-ivivu-3-1.jpg 1350w, https:\/\/cdn3.ivivu.com\/2025\/05\/diem-den-du-lich-Viet-Nam-ivivu-3-1-540x305.jpg 540w, https:\/\/cdn3.ivivu.com\/2025\/05\/diem-den-du-lich-Viet-Nam-ivivu-3-1-1024x576.jpg 1024w, https:\/\/cdn3.ivivu.com\/2025\/05\/diem-den-du-lich-Viet-Nam-ivivu-3-1-250x142.jpg 250w, https:\/\/cdn3.ivivu.com\/2025\/05\/diem-den-du-lich-Viet-Nam-ivivu-3-1-768x432.jpg 768w, https:\/\/cdn3.ivivu.com\/2025\/05\/diem-den-du-lich-Viet-Nam-ivivu-3-1-750x422.jpg 750w, https:\/\/cdn3.ivivu.com\/2025\/05\/diem-den-du-lich-Viet-Nam-ivivu-3-1-225x127.jpg 225w, https:\/\/cdn3.ivivu.com\/2025\/05\/diem-den-du-lich-Viet-Nam-ivivu-3-1-370x208.jpg 370w, https:\/\/cdn3.ivivu.com\/2025\/05\/diem-den-du-lich-Viet-Nam-ivivu-3-1-50x28.jpg 50w, https:\/\/cdn3.ivivu.com\/2025\/05\/diem-den-du-lich-Viet-Nam-ivivu-3-1-107x60.jpg 107w, https:\/\/cdn3.ivivu.com\/2025\/05\/diem-den-du-lich-Viet-Nam-ivivu-3-1-195x110.jpg 195w, https:\/\/cdn3.ivivu.com\/2025\/05\/diem-den-du-lich-Viet-Nam-ivivu-3-1-220x125.jpg 220w, https:\/\/cdn3.ivivu.com\/2025\/05\/diem-den-du-lich-Viet-Nam-ivivu-3-1-400x225.jpg 400w, https:\/\/cdn3.ivivu.com\/2025\/05\/diem-den-du-lich-Viet-Nam-ivivu-3-1-140x80.jpg 140w\" sizes=\"(max-width: 1350px) 100vw, 1350px\" \/><p id=\"caption-attachment-498848\" class=\"wp-caption-text\">V\u01b0\u1eddn qu\u1ed1c gia B\u00e1i T\u1eed Long nh\u00ecn t\u1eeb tr\u00ean cao<\/p><\/div>\n<p><a href=\"https:\/\/www.ivivu.com\/khach-san-vinh-ha-long\/signature-halong-cruise?utm_source=blog_ivivu&amp;utm_medium=post_link&amp;utm_campaign=internal\" target=\"_blank\" rel=\"noopener\"><img loading=\"lazy\" decoding=\"async\" class=\"alignnone size-full wp-image-498849\" src=\"https:\/\/cdn3.ivivu.com\/2025\/05\/diem-den-du-lich-Viet-Nam-ivivu-4.png\" alt=\"\" width=\"770\" height=\"190\" srcset=\"https:\/\/cdn3.ivivu.com\/2025\/05\/diem-den-du-lich-Viet-Nam-ivivu-4.png 770w, https:\/\/cdn3.ivivu.com\/2025\/05\/diem-den-du-lich-Viet-Nam-ivivu-4-540x133.png 540w, https:\/\/cdn3.ivivu.com\/2025\/05\/diem-den-du-lich-Viet-Nam-ivivu-4-768x190.png 768w\" sizes=\"(max-width: 770px) 100vw, 770px\" \/><\/a><\/p>\n<h4 style=\"text-align: justify;\">3. Phong Nha, Qu\u1ea3ng B\u00ecnh<\/h4>\n<p style=\"text-align: justify;\">N\u1eb1m trong khu v\u1ef1c di s\u1ea3n th\u1ebf gi\u1edbi Phong Nha \u2013 K\u1ebb B\u00e0ng, Phong Nha l\u00e0 \u201cthi\u00ean \u0111\u01b0\u1eddng kh\u00e1m ph\u00e1\u201d d\u00e0nh cho nh\u1eefng ai \u01b0a m\u1ea1o hi\u1ec3m. H\u1ec7 th\u1ed1ng hang \u0111\u1ed9ng n\u01a1i \u0111\u00e2y \u0111\u01b0\u1ee3c \u0111\u00e1nh gi\u00e1 l\u00e0 \u0111\u1ed9c \u0111\u00e1o b\u1eadc nh\u1ea5t th\u1ebf gi\u1edbi. Nh\u1eefng c\u00e1i t\u00ean n\u1ed5i b\u1eadt nh\u01b0 hang S\u01a1n \u0110o\u00f2ng \u2013 hang \u0111\u1ed9ng l\u1edbn nh\u1ea5t h\u00e0nh tinh, hang \u00c9n, hang T\u1ed1i, \u0111\u1ed9ng Phong Nha, Ti\u00ean S\u01a1n&#8230; <strong><em>\u0110i\u1ec3m \u0111\u1ebfn du l\u1ecbch Vi\u1ec7t Nam<\/em><\/strong> n\u00e0y c\u00f2n \u0111\u01b0\u1ee3c y\u00eau th\u00edch b\u1edfi c\u00e1ch ng\u01b0\u1eddi d\u00e2n \u0111\u1ecba ph\u01b0\u01a1ng b\u1ea3o t\u1ed3n thi\u00ean nhi\u00ean v\u00e0 ph\u00e1t tri\u1ec3n du l\u1ecbch b\u1ec1n v\u1eefng.<\/p>\n<div id=\"attachment_498850\" style=\"width: 910px\" class=\"wp-caption alignnone\"><img loading=\"lazy\" decoding=\"async\" aria-describedby=\"caption-attachment-498850\" class=\"wp-image-498850 size-full\" src=\"https:\/\/cdn3.ivivu.com\/2025\/05\/diem-den-du-lich-Viet-Nam-ivivu-4-1.jpg\" alt=\"\" width=\"900\" height=\"600\" srcset=\"https:\/\/cdn3.ivivu.com\/2025\/05\/diem-den-du-lich-Viet-Nam-ivivu-4-1.jpg 900w, https:\/\/cdn3.ivivu.com\/2025\/05\/diem-den-du-lich-Viet-Nam-ivivu-4-1-458x305.jpg 458w, https:\/\/cdn3.ivivu.com\/2025\/05\/diem-den-du-lich-Viet-Nam-ivivu-4-1-768x512.jpg 768w\" sizes=\"(max-width: 900px) 100vw, 900px\" \/><p id=\"caption-attachment-498850\" class=\"wp-caption-text\">Ch\u00e8o thuy\u1ec1n kh\u00e1m ph\u00e1 \u0111\u1ed9ng Phong Nha. \u1ea2nh: Vnexpress<\/p><\/div>\n<p><a href=\"https:\/\/www.ivivu.com\/du-lich\/tour-quang-binh-nua-ngay-don-tu-dong-hoi-kham-pha-dong-phong-nha-vuong-quoc-hang-dong\/4613?utm_source=blog_ivivu&amp;utm_medium=post_link&amp;utm_campaign=internal\" target=\"_blank\" rel=\"noopener\"><img loading=\"lazy\" decoding=\"async\" class=\"alignnone size-full wp-image-498851\" src=\"https:\/\/cdn3.ivivu.com\/2025\/05\/diem-den-du-lich-Viet-Nam-ivivu-8.png\" alt=\"\" width=\"770\" height=\"190\" srcset=\"https:\/\/cdn3.ivivu.com\/2025\/05\/diem-den-du-lich-Viet-Nam-ivivu-8.png 770w, https:\/\/cdn3.ivivu.com\/2025\/05\/diem-den-du-lich-Viet-Nam-ivivu-8-540x133.png 540w, https:\/\/cdn3.ivivu.com\/2025\/05\/diem-den-du-lich-Viet-Nam-ivivu-8-768x190.png 768w\" sizes=\"(max-width: 770px) 100vw, 770px\" \/><\/a><\/p>\n<h4 style=\"text-align: justify;\">4. \u0110\u00e0 L\u1ea1t, L\u00e2m \u0110\u1ed3ng<\/h4>\n<p style=\"text-align: justify;\">\u0110\u00e0 L\u1ea1t t\u1eeb l\u00e2u \u0111\u00e3 n\u1ed5i ti\u1ebfng l\u00e0 \u201cth\u00e0nh ph\u1ed1 t\u00ecnh y\u00eau\u201d c\u1ee7a Vi\u1ec7t Nam. V\u00e0 kh\u00f4ng ng\u1ea1c nhi\u00ean khi n\u01a1i \u0111\u00e2y l\u1ecdt v\u00e0o danh s\u00e1ch nh\u1eefng \u0111i\u1ec3m \u0111\u1ebfn n\u00ean gh\u00e9 th\u0103m c\u1ee7a b\u00e1o Anh. V\u1edbi kh\u00ed h\u1eadu m\u00e1t m\u1ebb quanh n\u0103m, r\u1eebng th\u00f4ng xanh b\u1ea1t ng\u00e0n, ki\u1ebfn tr\u00fac Ph\u00e1p c\u1ed5 k\u00ednh, \u0110\u00e0 L\u1ea1t mang \u0111\u1ebfn nhi\u1ec1u tr\u1ea3i nghi\u1ec7m. Du kh\u00e1ch c\u00f3 th\u1ec3 d\u1ea1o ch\u01a1i quanh H\u1ed3 Xu\u00e2n H\u01b0\u01a1ng, gh\u00e9 th\u0103m thung l\u0169ng T\u00ecnh Y\u00eau&#8230; Ho\u1eb7c tham quan v\u01b0\u1eddn hoa th\u00e0nh ph\u1ed1 hay lang thang c\u00e1c qu\u00e1n c\u00e0 ph\u00ea vintage. B\u00ean c\u1ea1nh c\u1ea3nh \u0111\u1eb9p, \u1ea9m th\u1ef1c \u0110\u00e0 L\u1ea1t g\u00e2y \u1ea5n t\u01b0\u1ee3ng v\u1edbi b\u00e1nh c\u0103n, l\u1ea9u g\u00e0 l\u00e1 \u00e9, s\u1eefa \u0111\u1eadu n\u00e0nh n\u00f3ng\u2026<\/p>\n<div id=\"attachment_498499\" style=\"width: 970px\" class=\"wp-caption aligncenter\"><img loading=\"lazy\" decoding=\"async\" aria-describedby=\"caption-attachment-498499\" class=\"size-full wp-image-498499\" src=\"https:\/\/cdn3.ivivu.com\/2025\/05\/diem-den-du-lich-viet-nam-ivivu-4.jpg\" alt=\"\" width=\"960\" height=\"960\" srcset=\"https:\/\/cdn3.ivivu.com\/2025\/05\/diem-den-du-lich-viet-nam-ivivu-4.jpg 960w, https:\/\/cdn3.ivivu.com\/2025\/05\/diem-den-du-lich-viet-nam-ivivu-4-305x305.jpg 305w, https:\/\/cdn3.ivivu.com\/2025\/05\/diem-den-du-lich-viet-nam-ivivu-4-768x768.jpg 768w, https:\/\/cdn3.ivivu.com\/2025\/05\/diem-den-du-lich-viet-nam-ivivu-4-75x75.jpg 75w\" sizes=\"(max-width: 960px) 100vw, 960px\" \/><p id=\"caption-attachment-498499\" class=\"wp-caption-text\">S\u0103n m\u00e2y \u0110\u00e0 L\u1ea1t<\/p><\/div>\n<p><a href=\"https:\/\/www.ivivu.com\/khach-san-da-lat\/ana-mandara-villas-da-lat-resort-spa?utm_source=blog_ivivu&amp;utm_medium=post_link&amp;utm_campaign=internal\" target=\"_blank\" rel=\"noopener\"><img loading=\"lazy\" decoding=\"async\" class=\"size-full wp-image-498412 aligncenter\" src=\"https:\/\/cdn3.ivivu.com\/2025\/05\/ana-mandara-da-lat.jpg\" alt=\"\" width=\"770\" height=\"190\" srcset=\"https:\/\/cdn3.ivivu.com\/2025\/05\/ana-mandara-da-lat.jpg 770w, https:\/\/cdn3.ivivu.com\/2025\/05\/ana-mandara-da-lat-540x133.jpg 540w, https:\/\/cdn3.ivivu.com\/2025\/05\/ana-mandara-da-lat-768x190.jpg 768w\" sizes=\"(max-width: 770px) 100vw, 770px\" \/><\/a><\/p>\n<h4 style=\"text-align: justify;\">5. Quy Nh\u01a1n, B\u00ecnh \u0110\u1ecbnh<\/h4>\n<p style=\"text-align: justify;\">Quy Nh\u01a1n (B\u00ecnh \u0110\u1ecbnh) n\u1ed5i l\u00ean nh\u01b0 m\u1ed9t \u0111i\u1ec3m \u0111\u1ebfn m\u1edbi cu\u1ed1n h\u00fat. Quy Nh\u01a1n s\u1edf h\u1eefu b\u00e3i bi\u1ec3n tr\u1ea3i d\u00e0i hoang s\u01a1, l\u00e0n n\u01b0\u1edbc trong xanh v\u00e0 nh\u1eefng gh\u1ec1nh \u0111\u00e1 t\u1ef1 nhi\u00ean tuy\u1ec7t \u0111\u1eb9p nh\u01b0 K\u1ef3 Co, Eo Gi\u00f3, Quy Nh\u01a1n&#8230; Kh\u00f4ng ch\u1ec9 c\u00f3 bi\u1ec3n, Quy Nh\u01a1n c\u00f2n h\u1ea5p d\u1eabn b\u1edfi n\u1ec1n \u1ea9m th\u1ef1c \u0111\u1eadm \u0111\u00e0. M\u1ed9t s\u1ed1 m\u00f3n \u0103n n\u1ed5i ti\u1ebfng nh\u01b0 b\u00e1nh x\u00e8o t\u00f4m nh\u1ea3y, b\u00fan ch\u1ea3 c\u00e1, tr\u00e9 tr\u1ed9n&#8230; Con ng\u01b0\u1eddi n\u01a1i \u0111\u00e2y c\u0169ng th\u00e2n thi\u1ec7n v\u1edbi nh\u1ecbp s\u1ed1ng ch\u1eadm r\u00e3i, r\u1ea5t ph\u00f9 h\u1ee3p cho k\u1ef3 ngh\u1ec9 d\u01b0\u1ee1ng y\u00ean b\u00ecnh.<\/p>\n<div id=\"attachment_498852\" style=\"width: 1510px\" class=\"wp-caption alignnone\"><img loading=\"lazy\" decoding=\"async\" aria-describedby=\"caption-attachment-498852\" class=\"wp-image-498852 size-full\" src=\"https:\/\/cdn3.ivivu.com\/2025\/05\/diem-den-du-lich-Viet-Nam-ivivu-9.jpg\" alt=\"\" width=\"1500\" height=\"1125\" srcset=\"https:\/\/cdn3.ivivu.com\/2025\/05\/diem-den-du-lich-Viet-Nam-ivivu-9.jpg 1500w, https:\/\/cdn3.ivivu.com\/2025\/05\/diem-den-du-lich-Viet-Nam-ivivu-9-407x305.jpg 407w, https:\/\/cdn3.ivivu.com\/2025\/05\/diem-den-du-lich-Viet-Nam-ivivu-9-1024x768.jpg 1024w, https:\/\/cdn3.ivivu.com\/2025\/05\/diem-den-du-lich-Viet-Nam-ivivu-9-768x576.jpg 768w\" sizes=\"(max-width: 1500px) 100vw, 1500px\" \/><p id=\"caption-attachment-498852\" class=\"wp-caption-text\">Bi\u1ec3n \u1edf Quy Nh\u01a1n. \u1ea2nh: B\u00e1o Thanh ni\u00ean<\/p><\/div>\n<p><a href=\"https:\/\/www.ivivu.com\/khach-san-quy-nhon\/anantara-villas-quy-nhon?utm_source=blog_ivivu&amp;utm_medium=post_link&amp;utm_campaign=internal\" target=\"_blank\" rel=\"noopener\"><img loading=\"lazy\" decoding=\"async\" class=\"size-full wp-image-498422 aligncenter\" src=\"https:\/\/cdn3.ivivu.com\/2025\/05\/anantara-quy-nhon-villas.jpg\" alt=\"\" width=\"770\" height=\"190\" srcset=\"https:\/\/cdn3.ivivu.com\/2025\/05\/anantara-quy-nhon-villas.jpg 770w, https:\/\/cdn3.ivivu.com\/2025\/05\/anantara-quy-nhon-villas-540x133.jpg 540w, https:\/\/cdn3.ivivu.com\/2025\/05\/anantara-quy-nhon-villas-768x190.jpg 768w\" sizes=\"(max-width: 770px) 100vw, 770px\" \/><\/a><\/p>\n<h4 style=\"text-align: justify;\">6. M\u0169i N\u00e9, B\u00ecnh Thu\u1eadn<\/h4>\n<p style=\"text-align: justify;\">M\u0169i N\u00e9 t\u1eeb l\u00e2u \u0111\u00e3 tr\u1edf th\u00e0nh <em>\u0111i\u1ec3m \u0111\u1ebfn du l\u1ecbch Vi\u1ec7t Nam<\/em> y\u00eau th\u00edch c\u1ee7a du kh\u00e1ch qu\u1ed1c t\u1ebf. V\u00ec c\u00f3 b\u00e3i bi\u1ec3n d\u00e0i th\u01a1 m\u1ed9ng, c\u00e1t tr\u1eafng v\u00e0 kh\u00ed h\u1eadu n\u1eafng \u1ea5m quanh n\u0103m. \u0110\u1ed3i c\u00e1t bay l\u00e0 n\u01a1i du kh\u00e1ch c\u00f3 th\u1ec3 tr\u01b0\u1ee3t c\u00e1t, ng\u1eafm b\u00ecnh minh&#8230; Ngo\u00e0i ra, c\u00e1c ho\u1ea1t \u0111\u1ed9ng th\u1ec3 thao bi\u1ec3n nh\u01b0 l\u01b0\u1edbt v\u00e1n bu\u1ed3m, d\u00f9 l\u01b0\u1ee3n, ch\u00e8o SUP c\u0169ng r\u1ea5t ph\u00e1t tri\u1ec3n.<\/p>\n<div id=\"attachment_498853\" style=\"width: 1510px\" class=\"wp-caption alignnone\"><img loading=\"lazy\" decoding=\"async\" aria-describedby=\"caption-attachment-498853\" class=\"wp-image-498853 size-full\" src=\"https:\/\/cdn3.ivivu.com\/2025\/05\/diem-den-du-lich-Viet-Nam-ivivu-10.jpg\" alt=\"\" width=\"1500\" height=\"1500\" srcset=\"https:\/\/cdn3.ivivu.com\/2025\/05\/diem-den-du-lich-Viet-Nam-ivivu-10.jpg 1500w, https:\/\/cdn3.ivivu.com\/2025\/05\/diem-den-du-lich-Viet-Nam-ivivu-10-305x305.jpg 305w, https:\/\/cdn3.ivivu.com\/2025\/05\/diem-den-du-lich-Viet-Nam-ivivu-10-1024x1024.jpg 1024w, https:\/\/cdn3.ivivu.com\/2025\/05\/diem-den-du-lich-Viet-Nam-ivivu-10-768x768.jpg 768w, https:\/\/cdn3.ivivu.com\/2025\/05\/diem-den-du-lich-Viet-Nam-ivivu-10-75x75.jpg 75w\" sizes=\"(max-width: 1500px) 100vw, 1500px\" \/><p id=\"caption-attachment-498853\" class=\"wp-caption-text\">M\u1ed9t trong nh\u1eefng cung \u0111\u01b0\u1eddng bi\u1ec3n \u0111\u1eb9p nh\u1ea5t Vi\u1ec7t Nam &#8211; B\u00e0u Tr\u1eafng, B\u00ecnh Thu\u1eadn<\/p><\/div>\n<p><a href=\"https:\/\/www.ivivu.com\/khach-san-phan-thiet\/khu-nghi-duong-asteria-mui-ne-phan-thiet?utm_source=blog_ivivu&amp;utm_medium=post_link&amp;utm_campaign=internal\" target=\"_blank\" rel=\"noopener\"><img loading=\"lazy\" decoding=\"async\" class=\"alignnone size-full wp-image-498854\" src=\"https:\/\/cdn3.ivivu.com\/2025\/05\/diem-den-du-lich-Viet-Nam-ivivu-11.png\" alt=\"\" width=\"770\" height=\"190\" srcset=\"https:\/\/cdn3.ivivu.com\/2025\/05\/diem-den-du-lich-Viet-Nam-ivivu-11.png 770w, https:\/\/cdn3.ivivu.com\/2025\/05\/diem-den-du-lich-Viet-Nam-ivivu-11-540x133.png 540w, https:\/\/cdn3.ivivu.com\/2025\/05\/diem-den-du-lich-Viet-Nam-ivivu-11-768x190.png 768w\" sizes=\"(max-width: 770px) 100vw, 770px\" \/><\/a><\/p>\n<p style=\"text-align: right;\"><em><strong>Theo iVIVU.com<\/strong><\/em><\/p>\n<div class=\"ltt-contentbox white\"><\/span><\/p>\n<p><strong>Xem th\u00eam b\u00e0i vi\u1ebft:<\/strong><\/p>\n<p><strong><a href=\"https:\/\/www.ivivu.com\/blog\/2025\/05\/du-lich-sinh-thai-can-tho-ve-mien-tay-mua-cay-trai-chin-ro\/\" target=\"_blank\" rel=\"noopener\">Du l\u1ecbch sinh th\u00e1i C\u1ea7n Th\u01a1: V\u1ec1 mi\u1ec1n T\u00e2y m\u00f9a c\u00e2y tr\u00e1i ch\u00edn r\u1ed9<\/a><\/strong><\/p>\n<p><strong><a href=\"https:\/\/www.ivivu.com\/blog\/2025\/05\/nhung-diem-nhan-dang-chu-y-o-le-hoi-phao-hoa-quoc-te-da-nang-2025\/\" target=\"_blank\" rel=\"noopener\">Nh\u1eefng \u0111i\u1ec3m nh\u1ea5n \u0111\u00e1ng ch\u00fa \u00fd \u1edf l\u1ec5 h\u1ed9i ph\u00e1o hoa qu\u1ed1c t\u1ebf \u0110\u00e0 N\u1eb5ng 2025<\/a><\/strong><\/p>\n<p><strong><a href=\"https:\/\/www.ivivu.com\/blog\/2025\/05\/kham-pha-singapore-voi-the-gioi-khung-long-song-dong-jurassic-world-the-experience\/\" target=\"_blank\" rel=\"noopener\">Kh\u00e1m ph\u00e1 Singapore v\u1edbi th\u1ebf gi\u1edbi kh\u1ee7ng long s\u1ed1ng \u0111\u1ed9ng \u201cJurassic World: The Experience\u201d<\/a><\/strong><\/div>\n<h3 style=\"text-align: center;\"><div class=\"ltt-contentbox white\"><\/span>Click \u0111\u1eb7t ngay\u00a0<a href=\"https:\/\/www.ivivu.com\/ve-may-bay\/?utm_source=blog_ivivu&amp;utm_medium=post_link&amp;utm_campaign=internal\" target=\"_blank\" rel=\"noopener\">v\u00e9 m\u00e1y bay<\/a> n\u1ed9i \u0111\u1ecba v\u00e0 qu\u1ed1c t\u1ebf gi\u00e1 t\u1ed1t nh\u1ea5t t\u1ea1i iVIVU.com!<\/div><\/h3>\n<p>***<\/p>\n<p><strong>Tham kh\u1ea3o:\u00a0<a href=\"https:\/\/www.ivivu.com\/blog\" target=\"_blank\" rel=\"noopener\">C\u1ea9m nang du l\u1ecbch iVIVU.com<\/a><\/strong><\/p>\n","protected":false},"excerpt":{"rendered":"<p>T\u1eeb bi\u1ec3n M\u0169i N\u00e9 \u0111\u1ebfn ru\u1ed9ng b\u1eadc thang M\u00f9 Cang Ch\u1ea3i, \u0111\u00e2y l\u00e0 6 \u0111\u1ecba danh Vi\u1ec7t Nam l\u1ecdt v\u00e0o danh s\u00e1ch \u0111i\u1ec3m \u0111\u1ebfn du l\u1ecbch Vi\u1ec7t Nam \u0111\u01b0\u1ee3c b\u00e1o Anh g\u1ee3i \u00fd.<\/p>\n","protected":false},"author":64,"featured_media":498859,"comment_status":"closed","ping_status":"open","sticky":false,"template":"","format":"standard","meta":{"_acf_changed":false,"footnotes":""},"categories":[229,795,14742],"tags":[47309,2926,3178,3633,10510,39957,47308],"acf":[],"yoast_head":"<!-- This site is optimized with the Yoast SEO Premium plugin v22.6 (Yoast SEO v22.6) - https:\/\/yoast.com\/wordpress\/plugins\/seo\/ -->\n<title>6 \u0111i\u1ec3m \u0111\u1ebfn du l\u1ecbch Vi\u1ec7t Nam \u0111\u01b0\u1ee3c g\u1ee3i \u00fd b\u1edfi b\u00e1o Anh<\/title>\n<meta name=\"description\" content=\"T\u1eeb bi\u1ec3n M\u0169i N\u00e9 \u0111\u1ebfn ru\u1ed9ng b\u1eadc thang M\u00f9 Cang Ch\u1ea3i, \u0111\u00e2y l\u00e0 6 \u0111\u1ecba danh Vi\u1ec7t Nam l\u1ecdt v\u00e0o danh s\u00e1ch \u0111i\u1ec3m \u0111\u1ebfn du l\u1ecbch Vi\u1ec7t Nam \u0111\u01b0\u1ee3c b\u00e1o Anh g\u1ee3i \u00fd.\" \/>\n<meta name=\"robots\" content=\"index, follow, max-snippet:-1, max-image-preview:large, max-video-preview:-1\" \/>\n<link rel=\"canonical\" href=\"https:\/\/www.ivivu.com\/blog\/2025\/05\/6-diem-den-du-lich-viet-nam-duoc-goi-y-boi-bao-anh\/\" \/>\n<meta name=\"twitter:label1\" content=\"\u0110\u01b0\u1ee3c vi\u1ebft b\u1edfi\" \/>\n\t<meta name=\"twitter:data1\" content=\"B\u00edch Tr\u00e2m Ch\u00e2u Th\u1ecb\" \/>\n\t<meta name=\"twitter:label2\" content=\"\u01af\u1edbc t\u00ednh th\u1eddi gian \u0111\u1ecdc\" \/>\n\t<meta name=\"twitter:data2\" content=\"8 ph\u00fat\" \/>\n<script type=\"application\/ld+json\" class=\"yoast-schema-graph\">{\"@context\":\"https:\/\/schema.org\",\"@graph\":[{\"@type\":\"Article\",\"@id\":\"https:\/\/www.ivivu.com\/blog\/2025\/05\/6-diem-den-du-lich-viet-nam-duoc-goi-y-boi-bao-anh\/#article\",\"isPartOf\":{\"@id\":\"https:\/\/www.ivivu.com\/blog\/2025\/05\/6-diem-den-du-lich-viet-nam-duoc-goi-y-boi-bao-anh\/\"},\"author\":{\"name\":\"B\u00edch Tr\u00e2m Ch\u00e2u Th\u1ecb\",\"@id\":\"https:\/\/www.ivivu.com\/blog\/#\/schema\/person\/5f2922ecdf4990921e5ce852233c0c13\"},\"headline\":\"6 \u0111i\u1ec3m \u0111\u1ebfn du l\u1ecbch Vi\u1ec7t Nam \u0111\u01b0\u1ee3c g\u1ee3i \u00fd b\u1edfi b\u00e1o Anh\",\"datePublished\":\"2025-05-30T04:31:56+00:00\",\"dateModified\":\"2025-05-30T04:33:36+00:00\",\"mainEntityOfPage\":{\"@id\":\"https:\/\/www.ivivu.com\/blog\/2025\/05\/6-diem-den-du-lich-viet-nam-duoc-goi-y-boi-bao-anh\/\"},\"wordCount\":1325,\"publisher\":{\"@id\":\"https:\/\/www.ivivu.com\/blog\/#organization\"},\"image\":{\"@id\":\"https:\/\/www.ivivu.com\/blog\/2025\/05\/6-diem-den-du-lich-viet-nam-duoc-goi-y-boi-bao-anh\/#primaryimage\"},\"thumbnailUrl\":\"https:\/\/cdn3.ivivu.com\/2025\/05\/diem-den-du-lich-Viet-Nam-ivivu-3-2.jpg\",\"keywords\":[\"du l\u1ecbch b\u00e1i t\u1eed long\",\"du l\u1ecbch \u0111\u00e0 l\u1ea1t\",\"du l\u1ecbch m\u00f9 cang ch\u1ea3i\",\"du l\u1ecbch M\u0169i N\u00e9\",\"du lich quy nhon\",\"du li\u0323ch vi\u00ea\u0323t nam\",\"\u0111i\u1ec3m \u0111\u1ebfn du l\u1ecbch vi\u1ec7t nam\"],\"articleSection\":[\"DU L\u1ecaCH VI\u1ec6T NAM\",\"\u0110i\u1ec3m \u0111\u1ebfn\",\"N\u1ed5i B\u1eadt 2\"],\"inLanguage\":\"vi\"},{\"@type\":\"WebPage\",\"@id\":\"https:\/\/www.ivivu.com\/blog\/2025\/05\/6-diem-den-du-lich-viet-nam-duoc-goi-y-boi-bao-anh\/\",\"url\":\"https:\/\/www.ivivu.com\/blog\/2025\/05\/6-diem-den-du-lich-viet-nam-duoc-goi-y-boi-bao-anh\/\",\"name\":\"6 \u0111i\u1ec3m \u0111\u1ebfn du l\u1ecbch Vi\u1ec7t Nam \u0111\u01b0\u1ee3c g\u1ee3i \u00fd b\u1edfi b\u00e1o Anh\",\"isPartOf\":{\"@id\":\"https:\/\/www.ivivu.com\/blog\/#website\"},\"primaryImageOfPage\":{\"@id\":\"https:\/\/www.ivivu.com\/blog\/2025\/05\/6-diem-den-du-lich-viet-nam-duoc-goi-y-boi-bao-anh\/#primaryimage\"},\"image\":{\"@id\":\"https:\/\/www.ivivu.com\/blog\/2025\/05\/6-diem-den-du-lich-viet-nam-duoc-goi-y-boi-bao-anh\/#primaryimage\"},\"thumbnailUrl\":\"https:\/\/cdn3.ivivu.com\/2025\/05\/diem-den-du-lich-Viet-Nam-ivivu-3-2.jpg\",\"datePublished\":\"2025-05-30T04:31:56+00:00\",\"dateModified\":\"2025-05-30T04:33:36+00:00\",\"description\":\"T\u1eeb bi\u1ec3n M\u0169i N\u00e9 \u0111\u1ebfn ru\u1ed9ng b\u1eadc thang M\u00f9 Cang Ch\u1ea3i, \u0111\u00e2y l\u00e0 6 \u0111\u1ecba danh Vi\u1ec7t Nam l\u1ecdt v\u00e0o danh s\u00e1ch \u0111i\u1ec3m \u0111\u1ebfn du l\u1ecbch Vi\u1ec7t Nam \u0111\u01b0\u1ee3c b\u00e1o Anh g\u1ee3i \u00fd.\",\"breadcrumb\":{\"@id\":\"https:\/\/www.ivivu.com\/blog\/2025\/05\/6-diem-den-du-lich-viet-nam-duoc-goi-y-boi-bao-anh\/#breadcrumb\"},\"inLanguage\":\"vi\",\"potentialAction\":[{\"@type\":\"ReadAction\",\"target\":[\"https:\/\/www.ivivu.com\/blog\/2025\/05\/6-diem-den-du-lich-viet-nam-duoc-goi-y-boi-bao-anh\/\"]}]},{\"@type\":\"ImageObject\",\"inLanguage\":\"vi\",\"@id\":\"https:\/\/www.ivivu.com\/blog\/2025\/05\/6-diem-den-du-lich-viet-nam-duoc-goi-y-boi-bao-anh\/#primaryimage\",\"url\":\"https:\/\/cdn3.ivivu.com\/2025\/05\/diem-den-du-lich-Viet-Nam-ivivu-3-2.jpg\",\"contentUrl\":\"https:\/\/cdn3.ivivu.com\/2025\/05\/diem-den-du-lich-Viet-Nam-ivivu-3-2.jpg\",\"width\":1350,\"height\":759},{\"@type\":\"BreadcrumbList\",\"@id\":\"https:\/\/www.ivivu.com\/blog\/2025\/05\/6-diem-den-du-lich-viet-nam-duoc-goi-y-boi-bao-anh\/#breadcrumb\",\"itemListElement\":[{\"@type\":\"ListItem\",\"position\":1,\"name\":\"Home\",\"item\":\"https:\/\/www.ivivu.com\/blog\/\"},{\"@type\":\"ListItem\",\"position\":2,\"name\":\"6 \u0111i\u1ec3m \u0111\u1ebfn du l\u1ecbch Vi\u1ec7t Nam \u0111\u01b0\u1ee3c g\u1ee3i \u00fd b\u1edfi b\u00e1o Anh\"}]},{\"@type\":\"WebSite\",\"@id\":\"https:\/\/www.ivivu.com\/blog\/#website\",\"url\":\"https:\/\/www.ivivu.com\/blog\/\",\"name\":\"C\u1ea9m nang du l\u1ecbch\",\"description\":\"\",\"publisher\":{\"@id\":\"https:\/\/www.ivivu.com\/blog\/#organization\"},\"potentialAction\":[{\"@type\":\"SearchAction\",\"target\":{\"@type\":\"EntryPoint\",\"urlTemplate\":\"https:\/\/www.ivivu.com\/blog\/?s={search_term_string}\"},\"query-input\":\"required name=search_term_string\"}],\"inLanguage\":\"vi\"},{\"@type\":\"Organization\",\"@id\":\"https:\/\/www.ivivu.com\/blog\/#organization\",\"name\":\"iVIVU.com\",\"url\":\"https:\/\/www.ivivu.com\/blog\/\",\"logo\":{\"@type\":\"ImageObject\",\"inLanguage\":\"vi\",\"@id\":\"https:\/\/www.ivivu.com\/blog\/#\/schema\/logo\/image\/\",\"url\":\"https:\/\/cdn3.ivivu.com\/2024\/01\/ivivu_no_slogan.png\",\"contentUrl\":\"https:\/\/cdn3.ivivu.com\/2024\/01\/ivivu_no_slogan.png\",\"width\":788,\"height\":565,\"caption\":\"iVIVU.com\"},\"image\":{\"@id\":\"https:\/\/www.ivivu.com\/blog\/#\/schema\/logo\/image\/\"},\"sameAs\":[\"https:\/\/www.facebook.com\/iVIVU\"]},{\"@type\":\"Person\",\"@id\":\"https:\/\/www.ivivu.com\/blog\/#\/schema\/person\/5f2922ecdf4990921e5ce852233c0c13\",\"name\":\"B\u00edch Tr\u00e2m Ch\u00e2u Th\u1ecb\",\"url\":\"https:\/\/www.ivivu.com\/blog\/author\/tramchau887\/\"}]}<\/script>\n<!-- \/ Yoast SEO Premium plugin. -->","yoast_head_json":{"title":"6 \u0111i\u1ec3m \u0111\u1ebfn du l\u1ecbch Vi\u1ec7t Nam \u0111\u01b0\u1ee3c g\u1ee3i \u00fd b\u1edfi b\u00e1o Anh","description":"T\u1eeb bi\u1ec3n M\u0169i N\u00e9 \u0111\u1ebfn ru\u1ed9ng b\u1eadc thang M\u00f9 Cang Ch\u1ea3i, \u0111\u00e2y l\u00e0 6 \u0111\u1ecba danh Vi\u1ec7t Nam l\u1ecdt v\u00e0o danh s\u00e1ch \u0111i\u1ec3m \u0111\u1ebfn du l\u1ecbch Vi\u1ec7t Nam \u0111\u01b0\u1ee3c b\u00e1o Anh g\u1ee3i \u00fd.","robots":{"index":"index","follow":"follow","max-snippet":"max-snippet:-1","max-image-preview":"max-image-preview:large","max-video-preview":"max-video-preview:-1"},"canonical":"https:\/\/www.ivivu.com\/blog\/2025\/05\/6-diem-den-du-lich-viet-nam-duoc-goi-y-boi-bao-anh\/","twitter_misc":{"\u0110\u01b0\u1ee3c vi\u1ebft b\u1edfi":"B\u00edch Tr\u00e2m Ch\u00e2u Th\u1ecb","\u01af\u1edbc t\u00ednh th\u1eddi gian \u0111\u1ecdc":"8 ph\u00fat"},"schema":{"@context":"https:\/\/schema.org","@graph":[{"@type":"Article","@id":"https:\/\/www.ivivu.com\/blog\/2025\/05\/6-diem-den-du-lich-viet-nam-duoc-goi-y-boi-bao-anh\/#article","isPartOf":{"@id":"https:\/\/www.ivivu.com\/blog\/2025\/05\/6-diem-den-du-lich-viet-nam-duoc-goi-y-boi-bao-anh\/"},"author":{"name":"B\u00edch Tr\u00e2m Ch\u00e2u Th\u1ecb","@id":"https:\/\/www.ivivu.com\/blog\/#\/schema\/person\/5f2922ecdf4990921e5ce852233c0c13"},"headline":"6 \u0111i\u1ec3m \u0111\u1ebfn du l\u1ecbch Vi\u1ec7t Nam \u0111\u01b0\u1ee3c g\u1ee3i \u00fd b\u1edfi b\u00e1o Anh","datePublished":"2025-05-30T04:31:56+00:00","dateModified":"2025-05-30T04:33:36+00:00","mainEntityOfPage":{"@id":"https:\/\/www.ivivu.com\/blog\/2025\/05\/6-diem-den-du-lich-viet-nam-duoc-goi-y-boi-bao-anh\/"},"wordCount":1325,"publisher":{"@id":"https:\/\/www.ivivu.com\/blog\/#organization"},"image":{"@id":"https:\/\/www.ivivu.com\/blog\/2025\/05\/6-diem-den-du-lich-viet-nam-duoc-goi-y-boi-bao-anh\/#primaryimage"},"thumbnailUrl":"https:\/\/cdn3.ivivu.com\/2025\/05\/diem-den-du-lich-Viet-Nam-ivivu-3-2.jpg","keywords":["du l\u1ecbch b\u00e1i t\u1eed long","du l\u1ecbch \u0111\u00e0 l\u1ea1t","du l\u1ecbch m\u00f9 cang ch\u1ea3i","du l\u1ecbch M\u0169i N\u00e9","du lich quy nhon","du li\u0323ch vi\u00ea\u0323t nam","\u0111i\u1ec3m \u0111\u1ebfn du l\u1ecbch vi\u1ec7t nam"],"articleSection":["DU L\u1ecaCH VI\u1ec6T NAM","\u0110i\u1ec3m \u0111\u1ebfn","N\u1ed5i B\u1eadt 2"],"inLanguage":"vi"},{"@type":"WebPage","@id":"https:\/\/www.ivivu.com\/blog\/2025\/05\/6-diem-den-du-lich-viet-nam-duoc-goi-y-boi-bao-anh\/","url":"https:\/\/www.ivivu.com\/blog\/2025\/05\/6-diem-den-du-lich-viet-nam-duoc-goi-y-boi-bao-anh\/","name":"6 \u0111i\u1ec3m \u0111\u1ebfn du l\u1ecbch Vi\u1ec7t Nam \u0111\u01b0\u1ee3c g\u1ee3i \u00fd b\u1edfi b\u00e1o Anh","isPartOf":{"@id":"https:\/\/www.ivivu.com\/blog\/#website"},"primaryImageOfPage":{"@id":"https:\/\/www.ivivu.com\/blog\/2025\/05\/6-diem-den-du-lich-viet-nam-duoc-goi-y-boi-bao-anh\/#primaryimage"},"image":{"@id":"https:\/\/www.ivivu.com\/blog\/2025\/05\/6-diem-den-du-lich-viet-nam-duoc-goi-y-boi-bao-anh\/#primaryimage"},"thumbnailUrl":"https:\/\/cdn3.ivivu.com\/2025\/05\/diem-den-du-lich-Viet-Nam-ivivu-3-2.jpg","datePublished":"2025-05-30T04:31:56+00:00","dateModified":"2025-05-30T04:33:36+00:00","description":"T\u1eeb bi\u1ec3n M\u0169i N\u00e9 \u0111\u1ebfn ru\u1ed9ng b\u1eadc thang M\u00f9 Cang Ch\u1ea3i, \u0111\u00e2y l\u00e0 6 \u0111\u1ecba danh Vi\u1ec7t Nam l\u1ecdt v\u00e0o danh s\u00e1ch \u0111i\u1ec3m \u0111\u1ebfn du l\u1ecbch Vi\u1ec7t Nam \u0111\u01b0\u1ee3c b\u00e1o Anh g\u1ee3i \u00fd.","breadcrumb":{"@id":"https:\/\/www.ivivu.com\/blog\/2025\/05\/6-diem-den-du-lich-viet-nam-duoc-goi-y-boi-bao-anh\/#breadcrumb"},"inLanguage":"vi","potentialAction":[{"@type":"ReadAction","target":["https:\/\/www.ivivu.com\/blog\/2025\/05\/6-diem-den-du-lich-viet-nam-duoc-goi-y-boi-bao-anh\/"]}]},{"@type":"ImageObject","inLanguage":"vi","@id":"https:\/\/www.ivivu.com\/blog\/2025\/05\/6-diem-den-du-lich-viet-nam-duoc-goi-y-boi-bao-anh\/#primaryimage","url":"https:\/\/cdn3.ivivu.com\/2025\/05\/diem-den-du-lich-Viet-Nam-ivivu-3-2.jpg","contentUrl":"https:\/\/cdn3.ivivu.com\/2025\/05\/diem-den-du-lich-Viet-Nam-ivivu-3-2.jpg","width":1350,"height":759},{"@type":"BreadcrumbList","@id":"https:\/\/www.ivivu.com\/blog\/2025\/05\/6-diem-den-du-lich-viet-nam-duoc-goi-y-boi-bao-anh\/#breadcrumb","itemListElement":[{"@type":"ListItem","position":1,"name":"Home","item":"https:\/\/www.ivivu.com\/blog\/"},{"@type":"ListItem","position":2,"name":"6 \u0111i\u1ec3m \u0111\u1ebfn du l\u1ecbch Vi\u1ec7t Nam \u0111\u01b0\u1ee3c g\u1ee3i \u00fd b\u1edfi b\u00e1o Anh"}]},{"@type":"WebSite","@id":"https:\/\/www.ivivu.com\/blog\/#website","url":"https:\/\/www.ivivu.com\/blog\/","name":"C\u1ea9m nang du l\u1ecbch","description":"","publisher":{"@id":"https:\/\/www.ivivu.com\/blog\/#organization"},"potentialAction":[{"@type":"SearchAction","target":{"@type":"EntryPoint","urlTemplate":"https:\/\/www.ivivu.com\/blog\/?s={search_term_string}"},"query-input":"required name=search_term_string"}],"inLanguage":"vi"},{"@type":"Organization","@id":"https:\/\/www.ivivu.com\/blog\/#organization","name":"iVIVU.com","url":"https:\/\/www.ivivu.com\/blog\/","logo":{"@type":"ImageObject","inLanguage":"vi","@id":"https:\/\/www.ivivu.com\/blog\/#\/schema\/logo\/image\/","url":"https:\/\/cdn3.ivivu.com\/2024\/01\/ivivu_no_slogan.png","contentUrl":"https:\/\/cdn3.ivivu.com\/2024\/01\/ivivu_no_slogan.png","width":788,"height":565,"caption":"iVIVU.com"},"image":{"@id":"https:\/\/www.ivivu.com\/blog\/#\/schema\/logo\/image\/"},"sameAs":["https:\/\/www.facebook.com\/iVIVU"]},{"@type":"Person","@id":"https:\/\/www.ivivu.com\/blog\/#\/schema\/person\/5f2922ecdf4990921e5ce852233c0c13","name":"B\u00edch Tr\u00e2m Ch\u00e2u Th\u1ecb","url":"https:\/\/www.ivivu.com\/blog\/author\/tramchau887\/"}]}},"_links":{"self":[{"href":"https:\/\/www.ivivu.com\/blog\/wp-json\/wp\/v2\/posts\/498390"}],"collection":[{"href":"https:\/\/www.ivivu.com\/blog\/wp-json\/wp\/v2\/posts"}],"about":[{"href":"https:\/\/www.ivivu.com\/blog\/wp-json\/wp\/v2\/types\/post"}],"author":[{"embeddable":true,"href":"https:\/\/www.ivivu.com\/blog\/wp-json\/wp\/v2\/users\/64"}],"replies":[{"embeddable":true,"href":"https:\/\/www.ivivu.com\/blog\/wp-json\/wp\/v2\/comments?post=498390"}],"version-history":[{"count":7,"href":"https:\/\/www.ivivu.com\/blog\/wp-json\/wp\/v2\/posts\/498390\/revisions"}],"predecessor-version":[{"id":498857,"href":"https:\/\/www.ivivu.com\/blog\/wp-json\/wp\/v2\/posts\/498390\/revisions\/498857"}],"wp:featuredmedia":[{"embeddable":true,"href":"https:\/\/www.ivivu.com\/blog\/wp-json\/wp\/v2\/media\/498859"}],"wp:attachment":[{"href":"https:\/\/www.ivivu.com\/blog\/wp-json\/wp\/v2\/media?parent=498390"}],"wp:term":[{"taxonomy":"category","embeddable":true,"href":"https:\/\/www.ivivu.com\/blog\/wp-json\/wp\/v2\/categories?post=498390"},{"taxonomy":"post_tag","embeddable":true,"href":"https:\/\/www.ivivu.com\/blog\/wp-json\/wp\/v2\/tags?post=498390"}],"curies":[{"name":"wp","href":"https:\/\/api.w.org\/{rel}","templated":true}]}}