{"id":506804,"date":"2025-08-30T13:00:46","date_gmt":"2025-08-30T06:00:46","guid":{"rendered":"https:\/\/www.ivivu.com\/blog\/?p=506804"},"modified":"2025-08-29T18:29:12","modified_gmt":"2025-08-29T11:29:12","slug":"top-9-resort-phan-thiet-mui-ne-dang-trai-nghiem-nhat-cho-ky-nghi-le-2-9","status":"publish","type":"post","link":"https:\/\/www.ivivu.com\/blog\/2025\/08\/top-9-resort-phan-thiet-mui-ne-dang-trai-nghiem-nhat-cho-ky-nghi-le-2-9\/","title":{"rendered":"Top 9 resort Phan Thi\u1ebft \u2013 M\u0169i N\u00e9 \u0111\u00e1ng tr\u1ea3i nghi\u1ec7m nh\u1ea5t cho k\u1ef3 ngh\u1ec9 l\u1ec5 2\/9"},"content":{"rendered":"<p style=\"text-align: justify;\"><em><strong>iVIVU g\u1ee3i \u00fd top 9 resort Phan Thi\u1ebft \u2013 M\u0169i N\u00e9 sang tr\u1ecdng, nhi\u1ec1u tr\u1ea3i nghi\u1ec7m cho k\u1ef3 ngh\u1ec9 2-9 \u0111\u1ea7y \u00fd ngh\u0129a b\u00ean gia \u0111\u00ecnh v\u00e0 b\u1ea1n b\u00e8.<\/strong><\/em><\/p>\n<p><!--more--><\/p>\n<p><strong><div class=\"ltt-contentbox white\"><\/span>Xem th\u00eam:\u00a0<a href=\"https:\/\/www.ivivu.com\/blog\/category\/viet-nam\/du-lich-binh-thuan-viet-nam\/bai-viet-phan-thiet\/\" target=\"_blank\" rel=\"noopener\">Du l\u1ecbch Phan Thi\u1ebft <\/a><\/div><\/strong><\/p>\n<h4>1. Khu ngh\u1ec9 d\u01b0\u1ee1ng Centara Mirage M\u0169i N\u00e9 \u2013 Thi\u00ean \u0111\u01b0\u1eddng cho gia \u0111\u00ecnh c\u00f3 tr\u1ebb nh\u1ecf<\/h4>\n<p style=\"text-align: justify;\">L\u1ea5y c\u1ea3m h\u1ee9ng t\u1eeb bi\u1ec3n \u0110\u1ecba Trung H\u1ea3i, Centara Mirage mang \u0111\u1ebfn kh\u00f4ng gian ngh\u1ec9 d\u01b0\u1ee1ng s\u00f4i \u0111\u1ed9ng. \u0110\u1eb7c bi\u1ec7t ph\u00f9 h\u1ee3p cho gia \u0111\u00ecnh c\u00f3 tr\u1ebb em. <strong>Resort Phan Thi\u1ebft<\/strong> n\u00e0y n\u1ed5i b\u1eadt v\u1edbi c\u00f4ng vi\u00ean n\u01b0\u1edbc mini, khu vui ch\u01a1i tr\u1ebb em, b\u00e3i bi\u1ec3n ri\u00eang c\u00f9ng nhi\u1ec1u ho\u1ea1t \u0111\u1ed9ng gi\u1ea3i tr\u00ed \u0111a d\u1ea1ng. C\u00e1c c\u0103n ph\u00f2ng \u0111\u01b0\u1ee3c thi\u1ebft k\u1ebf t\u01b0\u01a1i s\u00e1ng, hi\u1ec7n \u0111\u1ea1i, nh\u00ecn th\u1eb3ng ra bi\u1ec3n.<\/p>\n<div id=\"attachment_506830\" style=\"width: 1034px\" class=\"wp-caption aligncenter\"><img loading=\"lazy\" decoding=\"async\" aria-describedby=\"caption-attachment-506830\" class=\"size-large wp-image-506830\" src=\"https:\/\/cdn3.ivivu.com\/2025\/08\/resort-phan-thiet-ivivu-1-1024x683.jpg\" alt=\"\" width=\"1024\" height=\"683\" srcset=\"https:\/\/cdn3.ivivu.com\/2025\/08\/resort-phan-thiet-ivivu-1-1024x683.jpg 1024w, https:\/\/cdn3.ivivu.com\/2025\/08\/resort-phan-thiet-ivivu-1-457x305.jpg 457w, https:\/\/cdn3.ivivu.com\/2025\/08\/resort-phan-thiet-ivivu-1-768x512.jpg 768w, https:\/\/cdn3.ivivu.com\/2025\/08\/resort-phan-thiet-ivivu-1-1536x1025.jpg 1536w, https:\/\/cdn3.ivivu.com\/2025\/08\/resort-phan-thiet-ivivu-1.jpg 2048w\" sizes=\"(max-width: 1024px) 100vw, 1024px\" \/><p id=\"caption-attachment-506830\" class=\"wp-caption-text\">C\u00e1c ph\u00f2ng v\u00e0 bi\u1ec7t th\u1ef1 \u0111\u01b0\u1ee3c x\u00e2y d\u1ef1ng theo phong c\u00e1ch \u0110\u1ecba Trung H\u1ea3i<\/p><\/div>\n<div id=\"attachment_506832\" style=\"width: 1034px\" class=\"wp-caption aligncenter\"><img loading=\"lazy\" decoding=\"async\" aria-describedby=\"caption-attachment-506832\" class=\"wp-image-506832 size-large\" src=\"https:\/\/cdn3.ivivu.com\/2025\/08\/resort-phan-thiet-ivivu-2-1024x683.jpg\" alt=\"\" width=\"1024\" height=\"683\" srcset=\"https:\/\/cdn3.ivivu.com\/2025\/08\/resort-phan-thiet-ivivu-2-1024x683.jpg 1024w, https:\/\/cdn3.ivivu.com\/2025\/08\/resort-phan-thiet-ivivu-2-458x305.jpg 458w, https:\/\/cdn3.ivivu.com\/2025\/08\/resort-phan-thiet-ivivu-2-768x512.jpg 768w, https:\/\/cdn3.ivivu.com\/2025\/08\/resort-phan-thiet-ivivu-2-1536x1024.jpg 1536w, https:\/\/cdn3.ivivu.com\/2025\/08\/resort-phan-thiet-ivivu-2.jpg 2048w\" sizes=\"(max-width: 1024px) 100vw, 1024px\" \/><p id=\"caption-attachment-506832\" class=\"wp-caption-text\">Ph\u00f2ng \u1ed1c c\u00f3 gam m\u00e0u nh\u1eb9 nh\u00e0ng<\/p><\/div>\n<p><a href=\"https:\/\/www.ivivu.com\/khach-san-phan-thiet\/khu-nghi-duong-centara-mirage-mui-ne?utm_source=blog_ivivu&amp;utm_medium=post_link&amp;utm_campaign=internal\" target=\"_blank\" rel=\"noopener\"><img loading=\"lazy\" decoding=\"async\" class=\"size-full wp-image-506809 aligncenter\" src=\"https:\/\/cdn3.ivivu.com\/2025\/08\/centara-mirage-mui-ne.jpg\" alt=\"\" width=\"770\" height=\"190\" srcset=\"https:\/\/cdn3.ivivu.com\/2025\/08\/centara-mirage-mui-ne.jpg 770w, https:\/\/cdn3.ivivu.com\/2025\/08\/centara-mirage-mui-ne-540x133.jpg 540w, https:\/\/cdn3.ivivu.com\/2025\/08\/centara-mirage-mui-ne-768x190.jpg 768w\" sizes=\"(max-width: 770px) 100vw, 770px\" \/><\/a><\/p>\n<h4>2. Khu ngh\u1ec9 d\u01b0\u1ee1ng Asteria M\u0169i N\u00e9 \u2013 T\u1eadn h\u01b0\u1edfng v\u1ebb \u0111\u1eb9p thi\u00ean nhi\u00ean b\u00ean b\u1edd bi\u1ec3n<\/h4>\n<p style=\"text-align: justify;\">Asteria M\u0169i N\u00e9 mang phong c\u00e1ch thi\u1ebft k\u1ebf hi\u1ec7n \u0111\u1ea1i, t\u01b0\u01a1i tr\u1ebb. Resort c\u00f3 h\u1ed3 b\u01a1i l\u1edbn s\u00e1t bi\u1ec3n, kh\u00f4ng gian m\u1edf nhi\u1ec1u c\u00e2y xanh c\u00f9ng d\u1ecbch v\u1ee5 nh\u00e0 h\u00e0ng \u0111a d\u1ea1ng. V\u1edbi l\u1ee3i th\u1ebf g\u1ea7n trung t\u00e2m M\u0169i N\u00e9, t\u1eeb \u0111\u00e2y du kh\u00e1ch c\u00f3 th\u1ec3 d\u1ec5 d\u00e0ng kh\u00e1m ph\u00e1 c\u00e1c \u0111i\u1ec3m \u0111\u1ebfn n\u1ed5i ti\u1ebfng.<\/p>\n<div id=\"attachment_506868\" style=\"width: 2058px\" class=\"wp-caption alignnone\"><img loading=\"lazy\" decoding=\"async\" aria-describedby=\"caption-attachment-506868\" class=\"wp-image-506868 size-full\" src=\"https:\/\/cdn3.ivivu.com\/2025\/08\/Resort-Phan-Thiet-ivivu.jpg\" alt=\"\" width=\"2048\" height=\"1364\" srcset=\"https:\/\/cdn3.ivivu.com\/2025\/08\/Resort-Phan-Thiet-ivivu.jpg 2048w, https:\/\/cdn3.ivivu.com\/2025\/08\/Resort-Phan-Thiet-ivivu-458x305.jpg 458w, https:\/\/cdn3.ivivu.com\/2025\/08\/Resort-Phan-Thiet-ivivu-1024x682.jpg 1024w, https:\/\/cdn3.ivivu.com\/2025\/08\/Resort-Phan-Thiet-ivivu-768x512.jpg 768w, https:\/\/cdn3.ivivu.com\/2025\/08\/Resort-Phan-Thiet-ivivu-1536x1023.jpg 1536w\" sizes=\"(max-width: 2048px) 100vw, 2048px\" \/><p id=\"caption-attachment-506868\" class=\"wp-caption-text\">Kh\u00f4ng gian ngh\u1ec9 d\u01b0\u1ee1ng ti\u1ec7n nghi b\u00ean b\u1edd bi\u1ec3n<\/p><\/div>\n<p><a href=\"https:\/\/www.ivivu.com\/khach-san-phan-thiet\/khu-nghi-duong-asteria-mui-ne-phan-thiet?utm_source=blog_ivivu&amp;utm_medium=post_link&amp;utm_campaign=internal\" target=\"_blank\" rel=\"noopener\"><img loading=\"lazy\" decoding=\"async\" class=\"size-full wp-image-506810 aligncenter\" src=\"https:\/\/cdn3.ivivu.com\/2025\/08\/asteria-mui-ne.jpg\" alt=\"\" width=\"770\" height=\"190\" srcset=\"https:\/\/cdn3.ivivu.com\/2025\/08\/asteria-mui-ne.jpg 770w, https:\/\/cdn3.ivivu.com\/2025\/08\/asteria-mui-ne-540x133.jpg 540w, https:\/\/cdn3.ivivu.com\/2025\/08\/asteria-mui-ne-768x190.jpg 768w\" sizes=\"(max-width: 770px) 100vw, 770px\" \/><\/a><\/p>\n<h4>3. Khu ngh\u1ec9 d\u01b0\u1ee1ng Movenpick Phan Thi\u1ebft \u2013 Chu\u1ea9n 5 sao qu\u1ed1c t\u1ebf<\/h4>\n<p style=\"text-align: justify;\">Thu\u1ed9c th\u01b0\u01a1ng hi\u1ec7u kh\u00e1ch s\u1ea1n \u2013 resort danh ti\u1ebfng Th\u1ee5y S\u0129, M\u00f6venpick Phan Thi\u1ebft mang \u0111\u1ebfn d\u1ecbch v\u1ee5 5 sao qu\u1ed1c t\u1ebf. Resort g\u00e2y \u1ea5n t\u01b0\u1ee3ng b\u1edfi thi\u1ebft k\u1ebf l\u1ea5y c\u1ea3m h\u1ee9ng t\u1eeb h\u1ea3i c\u1ea3ng ch\u00e2u \u00c2u, c\u00e1c nh\u00e0 h\u00e0ng phong ph\u00fa v\u00e0 d\u1ecbch v\u1ee5 cao c\u1ea5p. Du kh\u00e1ch c\u00f3 th\u1ec3 t\u1eadn h\u01b0\u1edfng kh\u00f4ng gian sang tr\u1ecdng, th\u01b0 gi\u00e3n b\u00ean h\u1ed3 b\u01a1i ho\u1eb7c th\u01b0\u1edfng th\u1ee9c \u1ea9m th\u1ef1c t\u01b0\u01a1i ngon.<\/p>\n<div id=\"attachment_506834\" style=\"width: 1034px\" class=\"wp-caption aligncenter\"><img loading=\"lazy\" decoding=\"async\" aria-describedby=\"caption-attachment-506834\" class=\"size-large wp-image-506834\" src=\"https:\/\/cdn3.ivivu.com\/2025\/08\/resort-phan-thiet-ivivu-4-1024x1024.jpg\" alt=\"\" width=\"1024\" height=\"1024\" srcset=\"https:\/\/cdn3.ivivu.com\/2025\/08\/resort-phan-thiet-ivivu-4-1024x1024.jpg 1024w, https:\/\/cdn3.ivivu.com\/2025\/08\/resort-phan-thiet-ivivu-4-305x305.jpg 305w, https:\/\/cdn3.ivivu.com\/2025\/08\/resort-phan-thiet-ivivu-4-768x768.jpg 768w, https:\/\/cdn3.ivivu.com\/2025\/08\/resort-phan-thiet-ivivu-4-1536x1536.jpg 1536w, https:\/\/cdn3.ivivu.com\/2025\/08\/resort-phan-thiet-ivivu-4-75x75.jpg 75w, https:\/\/cdn3.ivivu.com\/2025\/08\/resort-phan-thiet-ivivu-4.jpg 2048w\" sizes=\"(max-width: 1024px) 100vw, 1024px\" \/><p id=\"caption-attachment-506834\" class=\"wp-caption-text\">Tr\u1ea3i nghi\u1ec7m k\u1ef3 ngh\u1ec9 m\u1edbi m\u1ebb t\u1ea1i Movenpick Phan Thi\u1ebft<\/p><\/div>\n<p><a href=\"https:\/\/www.ivivu.com\/khach-san-phan-thiet\/khu-nghi-duong-movenpick-phan-thiet?utm_source=blog_ivivu&amp;utm_medium=post_link&amp;utm_campaign=internal\" target=\"_blank\" rel=\"noopener\"><img loading=\"lazy\" decoding=\"async\" class=\"size-full wp-image-506816 aligncenter\" src=\"https:\/\/cdn3.ivivu.com\/2025\/08\/movenpick-phan-thiet.jpg\" alt=\"\" width=\"770\" height=\"190\" srcset=\"https:\/\/cdn3.ivivu.com\/2025\/08\/movenpick-phan-thiet.jpg 770w, https:\/\/cdn3.ivivu.com\/2025\/08\/movenpick-phan-thiet-540x133.jpg 540w, https:\/\/cdn3.ivivu.com\/2025\/08\/movenpick-phan-thiet-768x190.jpg 768w\" sizes=\"(max-width: 770px) 100vw, 770px\" \/><\/a><\/p>\n<h4>4. Khu ngh\u1ec9 d\u01b0\u1ee1ng Le VIVA M\u0169i N\u00e9 \u2013 K\u1ef3 ngh\u1ec9 th\u01a1 m\u1ed9ng b\u00ean \u0111\u1ea1i d\u01b0\u01a1ng<\/h4>\n<p style=\"text-align: justify;\">Le VIVA M\u0169i N\u00e9 ghi d\u1ea5u \u1ea5n v\u1edbi kh\u00f4ng gian tho\u00e1ng \u0111\u00e3ng, nhi\u1ec1u m\u1ea3ng xanh v\u00e0 thi\u1ebft k\u1ebf g\u1ea7n g\u0169i thi\u00ean nhi\u00ean. \u0110\u00e2y l\u00e0 <strong><em>resort Phan Thi\u1ebft<\/em><\/strong> ph\u00f9 h\u1ee3p cho nh\u1eefng ai mu\u1ed1n t\u00ecm m\u1ed9t n\u01a1i ngh\u1ec9 ng\u01a1i y\u00ean b\u00ecnh. B\u00e3i bi\u1ec3n ri\u00eang c\u00f9ng h\u1ed3 b\u01a1i r\u1ed9ng r\u00e3i mang l\u1ea1i c\u1ea3m gi\u00e1c th\u01b0 gi\u00e3n tuy\u1ec7t \u0111\u1ed1i.<\/p>\n<div id=\"attachment_506871\" style=\"width: 1210px\" class=\"wp-caption alignnone\"><img loading=\"lazy\" decoding=\"async\" aria-describedby=\"caption-attachment-506871\" class=\"wp-image-506871 size-full\" src=\"https:\/\/cdn3.ivivu.com\/2025\/08\/Resort-Phan-Thiet-ivivu-2-1.jpg\" alt=\"\" width=\"1200\" height=\"900\" srcset=\"https:\/\/cdn3.ivivu.com\/2025\/08\/Resort-Phan-Thiet-ivivu-2-1.jpg 1200w, https:\/\/cdn3.ivivu.com\/2025\/08\/Resort-Phan-Thiet-ivivu-2-1-407x305.jpg 407w, https:\/\/cdn3.ivivu.com\/2025\/08\/Resort-Phan-Thiet-ivivu-2-1-1024x768.jpg 1024w, https:\/\/cdn3.ivivu.com\/2025\/08\/Resort-Phan-Thiet-ivivu-2-1-768x576.jpg 768w\" sizes=\"(max-width: 1200px) 100vw, 1200px\" \/><p id=\"caption-attachment-506871\" class=\"wp-caption-text\">Ki\u1ebfn tr\u00fac mang phong c\u00e1ch ch\u00e2u \u00c2u c\u1ed5 \u0111i\u1ec3n, sang tr\u1ecdng<\/p><\/div>\n<p><a href=\"https:\/\/www.ivivu.com\/khach-san-phan-thiet\/khu-nghi-duong-le-viva-mui-ne?utm_source=blog_ivivu&amp;utm_medium=post_link&amp;utm_campaign=internal\" target=\"_blank\" rel=\"noopener\"><img loading=\"lazy\" decoding=\"async\" class=\"size-full wp-image-506817 aligncenter\" src=\"https:\/\/cdn3.ivivu.com\/2025\/08\/le-viva-mui-ne.jpg\" alt=\"\" width=\"770\" height=\"190\" srcset=\"https:\/\/cdn3.ivivu.com\/2025\/08\/le-viva-mui-ne.jpg 770w, https:\/\/cdn3.ivivu.com\/2025\/08\/le-viva-mui-ne-540x133.jpg 540w, https:\/\/cdn3.ivivu.com\/2025\/08\/le-viva-mui-ne-768x190.jpg 768w\" sizes=\"(max-width: 770px) 100vw, 770px\" \/><\/a><\/p>\n<h4>5. Khu ngh\u1ec9 d\u01b0\u1ee1ng Radisson M\u0169i N\u00e9 \u2013 T\u1eadn h\u01b0\u1edfng s\u1ef1 sang tr\u1ecdng v\u00e0 hi\u1ec7n \u0111\u1ea1i<\/h4>\n<p style=\"text-align: justify;\">Mang th\u01b0\u01a1ng hi\u1ec7u qu\u1ed1c t\u1ebf uy t\u00edn, Radisson M\u0169i N\u00e9 chinh ph\u1ee5c du kh\u00e1ch b\u1eb1ng d\u1ecbch v\u1ee5 chuy\u00ean nghi\u1ec7p, kh\u00f4ng gian sang tr\u1ecdng. Resort s\u1edf h\u1eefu h\u1ec7 th\u1ed1ng ph\u00f2ng ngh\u1ec9 h\u01b0\u1edbng bi\u1ec3n, nh\u00e0 h\u00e0ng \u0111a phong c\u00e1ch v\u00e0 spa cao c\u1ea5p.<\/p>\n<div id=\"attachment_506872\" style=\"width: 1210px\" class=\"wp-caption alignnone\"><img loading=\"lazy\" decoding=\"async\" aria-describedby=\"caption-attachment-506872\" class=\"wp-image-506872 size-full\" src=\"https:\/\/cdn3.ivivu.com\/2025\/08\/Resort-Phan-Thiet-ivivu-3-1.jpg\" alt=\"\" width=\"1200\" height=\"750\" srcset=\"https:\/\/cdn3.ivivu.com\/2025\/08\/Resort-Phan-Thiet-ivivu-3-1.jpg 1200w, https:\/\/cdn3.ivivu.com\/2025\/08\/Resort-Phan-Thiet-ivivu-3-1-488x305.jpg 488w, https:\/\/cdn3.ivivu.com\/2025\/08\/Resort-Phan-Thiet-ivivu-3-1-1024x640.jpg 1024w, https:\/\/cdn3.ivivu.com\/2025\/08\/Resort-Phan-Thiet-ivivu-3-1-768x480.jpg 768w\" sizes=\"(max-width: 1200px) 100vw, 1200px\" \/><p id=\"caption-attachment-506872\" class=\"wp-caption-text\">Resort ven bi\u1ec3n quy\u1ebfn r\u0169<\/p><\/div>\n<p><a href=\"https:\/\/www.ivivu.com\/khach-san-phan-thiet\/khu-nghi-duong-radisson-mui-ne?utm_source=blog_ivivu&amp;utm_medium=post_link&amp;utm_campaign=internal\" target=\"_blank\" rel=\"noopener\"><img loading=\"lazy\" decoding=\"async\" class=\"size-full wp-image-506808 aligncenter\" src=\"https:\/\/cdn3.ivivu.com\/2025\/08\/radisson-mui-ne.jpg\" alt=\"\" width=\"770\" height=\"190\" srcset=\"https:\/\/cdn3.ivivu.com\/2025\/08\/radisson-mui-ne.jpg 770w, https:\/\/cdn3.ivivu.com\/2025\/08\/radisson-mui-ne-540x133.jpg 540w, https:\/\/cdn3.ivivu.com\/2025\/08\/radisson-mui-ne-768x190.jpg 768w\" sizes=\"(max-width: 770px) 100vw, 770px\" \/><\/a><\/p>\n<h4>6. Khu ngh\u1ec9 d\u01b0\u1ee1ng The Anam M\u0169i N\u00e9 \u2013 L\u00e3ng m\u1ea1n phong c\u00e1ch \u0110\u00f4ng D\u01b0\u01a1ng<\/h4>\n<p style=\"text-align: justify;\">The Anam M\u0169i N\u00e9 mang phong c\u00e1ch ki\u1ebfn tr\u00fac \u0110\u00f4ng D\u01b0\u01a1ng c\u1ed5 \u0111i\u1ec3n c\u00f9ng s\u1ef1 ti\u1ec7n nghi hi\u1ec7n \u0111\u1ea1i. Kh\u00f4ng gian resort t\u1ea1o c\u1ea3m gi\u00e1c l\u00e3ng m\u1ea1n, ho\u00e0i ni\u1ec7m. Resort c\u00f3 b\u00e3i bi\u1ec3n ri\u00eang, h\u1ed3 b\u01a1i s\u00e1t bi\u1ec3n v\u00e0 c\u00e1c d\u1ecbch v\u1ee5 cao c\u1ea5p nh\u01b0 spa, \u1ea9m th\u1ef1c chu\u1ea9n qu\u1ed1c t\u1ebf.<\/p>\n<div id=\"attachment_506874\" style=\"width: 1210px\" class=\"wp-caption alignnone\"><img loading=\"lazy\" decoding=\"async\" aria-describedby=\"caption-attachment-506874\" class=\"wp-image-506874 size-full\" src=\"https:\/\/cdn3.ivivu.com\/2025\/08\/Resort-Phan-Thiet-ivivu-4-1.jpg\" alt=\"\" width=\"1200\" height=\"800\" srcset=\"https:\/\/cdn3.ivivu.com\/2025\/08\/Resort-Phan-Thiet-ivivu-4-1.jpg 1200w, https:\/\/cdn3.ivivu.com\/2025\/08\/Resort-Phan-Thiet-ivivu-4-1-458x305.jpg 458w, https:\/\/cdn3.ivivu.com\/2025\/08\/Resort-Phan-Thiet-ivivu-4-1-1024x683.jpg 1024w, https:\/\/cdn3.ivivu.com\/2025\/08\/Resort-Phan-Thiet-ivivu-4-1-768x512.jpg 768w\" sizes=\"(max-width: 1200px) 100vw, 1200px\" \/><p id=\"caption-attachment-506874\" class=\"wp-caption-text\">Ki\u1ebfn tr\u00fac \u0110\u00f4ng D\u01b0\u01a1ng c\u1ed5 \u0111i\u1ec3n v\u1edbi ti\u1ec7n nghi hi\u1ec7n \u0111\u1ea1i<\/p><\/div>\n<p><a href=\"https:\/\/www.ivivu.com\/khach-san-phan-thiet\/khu-nghi-duong-the-anam-mui-ne?utm_source=blog_ivivu&amp;utm_medium=post_link&amp;utm_campaign=internal\" target=\"_blank\" rel=\"noopener\"><img loading=\"lazy\" decoding=\"async\" class=\"size-full wp-image-506820 aligncenter\" src=\"https:\/\/cdn3.ivivu.com\/2025\/08\/the-anam-mui-ne.jpg\" alt=\"\" width=\"770\" height=\"190\" srcset=\"https:\/\/cdn3.ivivu.com\/2025\/08\/the-anam-mui-ne.jpg 770w, https:\/\/cdn3.ivivu.com\/2025\/08\/the-anam-mui-ne-540x133.jpg 540w, https:\/\/cdn3.ivivu.com\/2025\/08\/the-anam-mui-ne-768x190.jpg 768w\" sizes=\"(max-width: 770px) 100vw, 770px\" \/><\/a><\/p>\n<h4>7. Seahorse Resort &amp; Spa Phan Thi\u1ebft \u2013 Th\u01b0 gi\u00e3n gi\u1eefa &#8220;\u1ed1c \u0111\u1ea3o&#8221; nhi\u1ec7t \u0111\u1edbi<\/h4>\n<p style=\"text-align: justify;\">L\u00e0 m\u1ed9t trong nh\u1eefng <em>resort Phan Thi\u1ebft<\/em> n\u1ed5i ti\u1ebfng v\u00e0 l\u00e2u \u0111\u1eddi, Seahorse Resort &amp; Spa n\u1ed5i b\u1eadt v\u1edbi khu\u00f4n vi\u00ean r\u1ed9ng nhi\u1ec1u c\u00e2y xanh, trong l\u00e0nh v\u00e0 th\u01b0 gi\u00e3n. Resort c\u00f3 h\u1ed3 b\u01a1i l\u1edbn, spa chuy\u00ean nghi\u1ec7p v\u00e0 kh\u00f4ng gian ngh\u1ec9 d\u01b0\u1ee1ng g\u1eafn li\u1ec1n v\u1edbi thi\u00ean nhi\u00ean.<\/p>\n<div id=\"attachment_506842\" style=\"width: 1034px\" class=\"wp-caption aligncenter\"><img loading=\"lazy\" decoding=\"async\" aria-describedby=\"caption-attachment-506842\" class=\"size-full wp-image-506842\" src=\"https:\/\/cdn3.ivivu.com\/2025\/08\/resort-phan-thiet-ivivu-9.jpg\" alt=\"\" width=\"1024\" height=\"679\" srcset=\"https:\/\/cdn3.ivivu.com\/2025\/08\/resort-phan-thiet-ivivu-9.jpg 1024w, https:\/\/cdn3.ivivu.com\/2025\/08\/resort-phan-thiet-ivivu-9-460x305.jpg 460w, https:\/\/cdn3.ivivu.com\/2025\/08\/resort-phan-thiet-ivivu-9-768x509.jpg 768w\" sizes=\"(max-width: 1024px) 100vw, 1024px\" \/><p id=\"caption-attachment-506842\" class=\"wp-caption-text\">Khu\u00f4n vi\u00ean xanh m\u00e1t th\u00edch h\u1ee3p \u0111i d\u1ea1o<\/p><\/div>\n<p><a href=\"https:\/\/www.ivivu.com\/khach-san-phan-thiet\/seahorse-resort-spa-phan-thiet?utm_source=blog_ivivu&amp;utm_medium=post_link&amp;utm_campaign=internal\" target=\"_blank\" rel=\"noopener\"><img loading=\"lazy\" decoding=\"async\" class=\"size-full wp-image-506806 aligncenter\" src=\"https:\/\/cdn3.ivivu.com\/2025\/08\/seahorse-resort.jpg\" alt=\"\" width=\"770\" height=\"190\" srcset=\"https:\/\/cdn3.ivivu.com\/2025\/08\/seahorse-resort.jpg 770w, https:\/\/cdn3.ivivu.com\/2025\/08\/seahorse-resort-540x133.jpg 540w, https:\/\/cdn3.ivivu.com\/2025\/08\/seahorse-resort-768x190.jpg 768w\" sizes=\"(max-width: 770px) 100vw, 770px\" \/><\/a><\/p>\n<h4 style=\"text-align: justify;\">8. Khu ngh\u1ec9 d\u01b0\u1ee1ng Anantara M\u0169i N\u00e9 \u2013 Sang tr\u1ecdng \u0111\u1eadm ch\u1ea5t \u00c1 \u0110\u00f4ng<\/h4>\n<p style=\"text-align: justify;\">Anantara M\u0169i N\u00e9 l\u00e0 khu ngh\u1ec9 d\u01b0\u1ee1ng 5 sao n\u1ed5i ti\u1ebfng, \u0111\u01b0\u1ee3c thi\u1ebft k\u1ebf \u0111\u1eadm ch\u1ea5t \u00c1 \u0110\u00f4ng v\u1edbi m\u00e1i ng\u00f3i \u0111\u1ecf, h\u1ed3 sen v\u00e0 kh\u00f4ng gian n\u1ed9i th\u1ea5t sang tr\u1ecdng. Resort s\u1edf h\u1eefu c\u00e1c villa c\u00f3 h\u1ed3 b\u01a1i ri\u00eang, th\u00edch h\u1ee3p cho k\u1ef3 ngh\u1ec9 l\u00e3ng m\u1ea1n ho\u1eb7c du l\u1ecbch cao c\u1ea5p.<\/p>\n<div id=\"attachment_506843\" style=\"width: 1034px\" class=\"wp-caption aligncenter\"><img loading=\"lazy\" decoding=\"async\" aria-describedby=\"caption-attachment-506843\" class=\"size-large wp-image-506843\" src=\"https:\/\/cdn3.ivivu.com\/2025\/08\/resort-phan-thiet-ivivu-10-1024x683.jpg\" alt=\"\" width=\"1024\" height=\"683\" srcset=\"https:\/\/cdn3.ivivu.com\/2025\/08\/resort-phan-thiet-ivivu-10-1024x683.jpg 1024w, https:\/\/cdn3.ivivu.com\/2025\/08\/resort-phan-thiet-ivivu-10-457x305.jpg 457w, https:\/\/cdn3.ivivu.com\/2025\/08\/resort-phan-thiet-ivivu-10-768x512.jpg 768w, https:\/\/cdn3.ivivu.com\/2025\/08\/resort-phan-thiet-ivivu-10-1536x1025.jpg 1536w, https:\/\/cdn3.ivivu.com\/2025\/08\/resort-phan-thiet-ivivu-10.jpg 2048w\" sizes=\"(max-width: 1024px) 100vw, 1024px\" \/><p id=\"caption-attachment-506843\" class=\"wp-caption-text\">T\u1eadn h\u01b0\u1edfng v\u1ebb \u0111\u1eb9p quy\u1ebfn r\u0169 c\u1ee7a mi\u1ec1n nhi\u1ec7t \u0111\u1edbi<\/p><\/div>\n<p><a href=\"https:\/\/www.ivivu.com\/khach-san-phan-thiet\/khu-nghi-duong-anantara-mui-ne?utm_source=blog_ivivu&amp;utm_medium=post_link&amp;utm_campaign=internal\" target=\"_blank\" rel=\"noopener\"><img loading=\"lazy\" decoding=\"async\" class=\"size-full wp-image-506821 aligncenter\" src=\"https:\/\/cdn3.ivivu.com\/2025\/08\/anantara-mui-ne.jpg\" alt=\"\" width=\"770\" height=\"190\" srcset=\"https:\/\/cdn3.ivivu.com\/2025\/08\/anantara-mui-ne.jpg 770w, https:\/\/cdn3.ivivu.com\/2025\/08\/anantara-mui-ne-540x133.jpg 540w, https:\/\/cdn3.ivivu.com\/2025\/08\/anantara-mui-ne-768x190.jpg 768w\" sizes=\"(max-width: 770px) 100vw, 770px\" \/><\/a><\/p>\n<h4 style=\"text-align: justify;\">9. The Cliff Resort &amp; Residences Phan Thi\u1ebft \u2013 Th\u01b0 gi\u00e3n tr\u1ecdn v\u1eb9n b\u00ean thi\u00ean nhi\u00ean tuy\u1ec7t m\u1ef9<\/h4>\n<p style=\"text-align: justify;\">The Cliff Resort &amp; Residences t\u1ecda l\u1ea1c tr\u00ean tri\u1ec1n d\u1ed1c h\u01b0\u1edbng ra bi\u1ec3n, mang \u0111\u1ebfn view to\u00e0n c\u1ea3nh tuy\u1ec7t \u0111\u1eb9p. Resort \u0111\u01b0\u1ee3c bi\u1ebft \u0111\u1ebfn v\u1edbi h\u1ed3 b\u01a1i v\u00f4 c\u1ef1c s\u00e1t bi\u1ec3n, c\u00e1c c\u0103n h\u1ed9 v\u00e0 villa ti\u1ec7n nghi. V\u1edbi d\u1ecbch v\u1ee5 ch\u1ec9n chu v\u00e0 c\u1ea3nh quan \u1ea5n t\u01b0\u1ee3ng, The Cliff l\u00e0 m\u1ed9t trong nh\u1eefng resort Phan Thi\u1ebft \u0111\u01b0\u1ee3c y\u00eau th\u00edch nh\u1ea5t m\u1ed7i d\u1ecbp l\u1ec5.<\/p>\n<div id=\"attachment_506879\" style=\"width: 2058px\" class=\"wp-caption alignnone\"><img loading=\"lazy\" decoding=\"async\" aria-describedby=\"caption-attachment-506879\" class=\"wp-image-506879 size-full\" src=\"https:\/\/cdn3.ivivu.com\/2025\/08\/Resort-Phan-Thiet-ivivu-6-1.jpg\" alt=\"\" width=\"2048\" height=\"1152\" srcset=\"https:\/\/cdn3.ivivu.com\/2025\/08\/Resort-Phan-Thiet-ivivu-6-1.jpg 2048w, https:\/\/cdn3.ivivu.com\/2025\/08\/Resort-Phan-Thiet-ivivu-6-1-540x305.jpg 540w, https:\/\/cdn3.ivivu.com\/2025\/08\/Resort-Phan-Thiet-ivivu-6-1-1024x576.jpg 1024w, https:\/\/cdn3.ivivu.com\/2025\/08\/Resort-Phan-Thiet-ivivu-6-1-250x142.jpg 250w, https:\/\/cdn3.ivivu.com\/2025\/08\/Resort-Phan-Thiet-ivivu-6-1-768x432.jpg 768w, https:\/\/cdn3.ivivu.com\/2025\/08\/Resort-Phan-Thiet-ivivu-6-1-1536x864.jpg 1536w, https:\/\/cdn3.ivivu.com\/2025\/08\/Resort-Phan-Thiet-ivivu-6-1-750x422.jpg 750w, https:\/\/cdn3.ivivu.com\/2025\/08\/Resort-Phan-Thiet-ivivu-6-1-225x127.jpg 225w, https:\/\/cdn3.ivivu.com\/2025\/08\/Resort-Phan-Thiet-ivivu-6-1-370x208.jpg 370w, https:\/\/cdn3.ivivu.com\/2025\/08\/Resort-Phan-Thiet-ivivu-6-1-50x28.jpg 50w, https:\/\/cdn3.ivivu.com\/2025\/08\/Resort-Phan-Thiet-ivivu-6-1-107x60.jpg 107w, https:\/\/cdn3.ivivu.com\/2025\/08\/Resort-Phan-Thiet-ivivu-6-1-195x110.jpg 195w, https:\/\/cdn3.ivivu.com\/2025\/08\/Resort-Phan-Thiet-ivivu-6-1-220x125.jpg 220w, https:\/\/cdn3.ivivu.com\/2025\/08\/Resort-Phan-Thiet-ivivu-6-1-400x225.jpg 400w, https:\/\/cdn3.ivivu.com\/2025\/08\/Resort-Phan-Thiet-ivivu-6-1-140x80.jpg 140w\" sizes=\"(max-width: 2048px) 100vw, 2048px\" \/><p id=\"caption-attachment-506879\" class=\"wp-caption-text\">N\u01a1i thi\u00ean nhi\u00ean v\u00e0 ki\u1ebfn tr\u00fac h\u00f2a quy\u1ec7n t\u1ea1o n\u00ean b\u1ee9c tranh tuy\u1ec7t m\u1ef9<\/p><\/div>\n<p><a href=\"https:\/\/www.ivivu.com\/khach-san-phan-thiet\/khach-san-the-cliff-resort-residences-phan-thiet?utm_source=blog_ivivu&amp;utm_medium=post_link&amp;utm_campaign=internal\" target=\"_blank\" rel=\"noopener\"><img loading=\"lazy\" decoding=\"async\" class=\"size-full wp-image-506823 aligncenter\" src=\"https:\/\/cdn3.ivivu.com\/2025\/08\/the-cliff-resort.jpg\" alt=\"\" width=\"770\" height=\"190\" srcset=\"https:\/\/cdn3.ivivu.com\/2025\/08\/the-cliff-resort.jpg 770w, https:\/\/cdn3.ivivu.com\/2025\/08\/the-cliff-resort-540x133.jpg 540w, https:\/\/cdn3.ivivu.com\/2025\/08\/the-cliff-resort-768x190.jpg 768w\" sizes=\"(max-width: 770px) 100vw, 770px\" \/><\/a><\/p>\n<p style=\"text-align: right;\"><em><strong>Theo iVIVU.com<\/strong><\/em><\/p>\n<p style=\"text-align: left;\"><div class=\"ltt-contentbox white\"><\/span><\/p>\n<p style=\"text-align: left;\"><strong>Xem th\u00eam b\u00e0i vi\u1ebft:<\/strong><\/p>\n<p style=\"text-align: left;\"><strong><a href=\"https:\/\/www.ivivu.com\/blog\/2014\/10\/du-lich-viet-nam-du-lich-viet-nam-du-lich-phan-thiet-cam-nang-tu-a-den-z\/\" target=\"_blank\" rel=\"noopener\">Du l\u1ecbch Phan Thi\u1ebft: C\u1ea9m nang t\u1eeb A \u0111\u1ebfn Z (Update th\u00f4ng tin m\u1edbi nh\u1ea5t n\u0103m 2025)<\/a><\/strong><\/p>\n<p style=\"text-align: left;\"><strong><a href=\"https:\/\/www.ivivu.com\/blog\/2025\/07\/du-lich-phan-thiet-bang-tau-hoa-hanh-trinh-thu-gian-day-tien-loi\/\" target=\"_blank\" rel=\"noopener\">Du l\u1ecbch Phan Thi\u1ebft b\u1eb1ng t\u00e0u h\u1ecfa: H\u00e0nh tr\u00ecnh th\u01b0 gi\u00e3n \u0111\u1ea7y ti\u1ec7n l\u1ee3i<\/a><\/strong><\/p>\n<p style=\"text-align: left;\"><strong><a href=\"https:\/\/www.ivivu.com\/blog\/2025\/08\/top-7-combo-phan-thiet-voi-xe-dua-don-va-nghi-duong-tron-goi\/\" target=\"_blank\" rel=\"noopener\">Top 7 combo Phan Thi\u1ebft v\u1edbi xe \u0111\u01b0a \u0111\u00f3n v\u00e0 ngh\u1ec9 d\u01b0\u1ee1ng tr\u1ecdn g\u00f3i<\/a><\/strong><\/p>\n<div class=\"ltt-contentbox white\"><\/div><\/div>\n<div class=\"ltt-contentbox white\">\n<h3 class=\"ltt-contentbox white\" style=\"text-align: center;\"><strong><div class=\"ltt-contentbox white\"><\/span>Click \u0111\u1eb7t ngay\u00a0<a href=\"https:\/\/www.ivivu.com\/khach-san-phan-thiet?utm_source=blog_ivivu&amp;utm_medium=post_link&amp;utm_campaign=internal\" target=\"_blank\" rel=\"noopener\">kh\u00e1ch s\u1ea1n Phan Thi\u1ebft<\/a>\u00a0gi\u00e1 t\u1ed1t nh\u1ea5t ch\u1ec9 c\u00f3 t\u1ea1i iVIVU.com!<\/div><\/strong><\/h3>\n<\/div>\n<div>\n<p><strong>***<\/strong><\/p>\n<p><strong>Tham kh\u1ea3o:\u00a0<a href=\"https:\/\/www.ivivu.com\/blog\" target=\"_blank\" rel=\"noopener\">C\u1ea9m nang du l\u1ecbch iVIVU.com<\/a><\/strong><\/p>\n<\/div>\n","protected":false},"excerpt":{"rendered":"<p>iVIVU g\u1ee3i \u00fd top 9 resort Phan Thi\u1ebft \u2013 M\u0169i N\u00e9 sang tr\u1ecdng, nhi\u1ec1u tr\u1ea3i nghi\u1ec7m cho k\u1ef3 ngh\u1ec9 2-9 \u0111\u1ea7y \u00fd ngh\u0129a b\u00ean gia \u0111\u00ecnh v\u00e0 b\u1ea1n b\u00e8.<\/p>\n","protected":false},"author":64,"featured_media":506883,"comment_status":"closed","ping_status":"open","sticky":false,"template":"","format":"standard","meta":{"_acf_changed":false,"footnotes":""},"categories":[19888,238,229,795,797,14742],"tags":[25442,3633,127,5059,5188,10387,5973],"acf":[],"yoast_head":"<!-- This site is optimized with the Yoast SEO Premium plugin v22.6 (Yoast SEO v22.6) - https:\/\/yoast.com\/wordpress\/plugins\/seo\/ -->\n<title>9 resort Phan Thi\u1ebft \u2013 M\u0169i N\u00e9 \u0111\u00e1ng tr\u1ea3i nghi\u1ec7m cho k\u1ef3 ngh\u1ec9 l\u1ec5 2\/9<\/title>\n<meta name=\"description\" content=\"iVIVU g\u1ee3i \u00fd top 9 resort Phan Thi\u1ebft \u2013 M\u0169i N\u00e9 sang tr\u1ecdng nhi\u1ec1u tr\u1ea3i nghi\u1ec7m cho k\u1ef3 ngh\u1ec9 2-9 \u0111\u1ea7y \u00fd ngh\u0129a b\u00ean gia \u0111\u00ecnh v\u00e0 b\u1ea1n b\u00e8.\" \/>\n<meta name=\"robots\" content=\"index, follow, max-snippet:-1, max-image-preview:large, max-video-preview:-1\" \/>\n<link rel=\"canonical\" href=\"https:\/\/www.ivivu.com\/blog\/2025\/08\/top-9-resort-phan-thiet-mui-ne-dang-trai-nghiem-nhat-cho-ky-nghi-le-2-9\/\" \/>\n<meta name=\"twitter:label1\" content=\"\u0110\u01b0\u1ee3c vi\u1ebft b\u1edfi\" \/>\n\t<meta name=\"twitter:data1\" content=\"B\u00edch Tr\u00e2m Ch\u00e2u Th\u1ecb\" \/>\n\t<meta name=\"twitter:label2\" content=\"\u01af\u1edbc t\u00ednh th\u1eddi gian \u0111\u1ecdc\" \/>\n\t<meta name=\"twitter:data2\" content=\"9 ph\u00fat\" \/>\n<script type=\"application\/ld+json\" class=\"yoast-schema-graph\">{\"@context\":\"https:\/\/schema.org\",\"@graph\":[{\"@type\":\"Article\",\"@id\":\"https:\/\/www.ivivu.com\/blog\/2025\/08\/top-9-resort-phan-thiet-mui-ne-dang-trai-nghiem-nhat-cho-ky-nghi-le-2-9\/#article\",\"isPartOf\":{\"@id\":\"https:\/\/www.ivivu.com\/blog\/2025\/08\/top-9-resort-phan-thiet-mui-ne-dang-trai-nghiem-nhat-cho-ky-nghi-le-2-9\/\"},\"author\":{\"name\":\"B\u00edch Tr\u00e2m Ch\u00e2u Th\u1ecb\",\"@id\":\"https:\/\/www.ivivu.com\/blog\/#\/schema\/person\/5f2922ecdf4990921e5ce852233c0c13\"},\"headline\":\"Top 9 resort Phan Thi\u1ebft \u2013 M\u0169i N\u00e9 \u0111\u00e1ng tr\u1ea3i nghi\u1ec7m nh\u1ea5t cho k\u1ef3 ngh\u1ec9 l\u1ec5 2\/9\",\"datePublished\":\"2025-08-30T06:00:46+00:00\",\"dateModified\":\"2025-08-29T11:29:12+00:00\",\"mainEntityOfPage\":{\"@id\":\"https:\/\/www.ivivu.com\/blog\/2025\/08\/top-9-resort-phan-thiet-mui-ne-dang-trai-nghiem-nhat-cho-ky-nghi-le-2-9\/\"},\"wordCount\":1354,\"publisher\":{\"@id\":\"https:\/\/www.ivivu.com\/blog\/#organization\"},\"image\":{\"@id\":\"https:\/\/www.ivivu.com\/blog\/2025\/08\/top-9-resort-phan-thiet-mui-ne-dang-trai-nghiem-nhat-cho-ky-nghi-le-2-9\/#primaryimage\"},\"thumbnailUrl\":\"https:\/\/cdn3.ivivu.com\/2025\/08\/Resort-Phan-Thiet-ivivu-9-1.jpg\",\"keywords\":[\"combo Phan Thi\u1ebft\",\"du l\u1ecbch M\u0169i N\u00e9\",\"Du l\u1ecbch Phan Thi\u00eat\",\"kh\u00e1ch s\u1ea1n m\u0169i n\u00e9\",\"kh\u00e1ch s\u1ea1n phan thi\u1ebft\",\"Resort M\u0169i N\u00e9\",\"Resort Phan Thi\u1ebft\"],\"articleSection\":[\"Du l\u1ecbch M\u0169i N\u00e9\",\"Du l\u1ecbch Phan Thi\u1ebft\",\"DU L\u1ecaCH VI\u1ec6T NAM\",\"\u0110i\u1ec3m \u0111\u1ebfn\",\"Khuy\u1ebfn M\u00e3i\",\"N\u1ed5i B\u1eadt 2\"],\"inLanguage\":\"vi\"},{\"@type\":\"WebPage\",\"@id\":\"https:\/\/www.ivivu.com\/blog\/2025\/08\/top-9-resort-phan-thiet-mui-ne-dang-trai-nghiem-nhat-cho-ky-nghi-le-2-9\/\",\"url\":\"https:\/\/www.ivivu.com\/blog\/2025\/08\/top-9-resort-phan-thiet-mui-ne-dang-trai-nghiem-nhat-cho-ky-nghi-le-2-9\/\",\"name\":\"9 resort Phan Thi\u1ebft \u2013 M\u0169i N\u00e9 \u0111\u00e1ng tr\u1ea3i nghi\u1ec7m cho k\u1ef3 ngh\u1ec9 l\u1ec5 2\/9\",\"isPartOf\":{\"@id\":\"https:\/\/www.ivivu.com\/blog\/#website\"},\"primaryImageOfPage\":{\"@id\":\"https:\/\/www.ivivu.com\/blog\/2025\/08\/top-9-resort-phan-thiet-mui-ne-dang-trai-nghiem-nhat-cho-ky-nghi-le-2-9\/#primaryimage\"},\"image\":{\"@id\":\"https:\/\/www.ivivu.com\/blog\/2025\/08\/top-9-resort-phan-thiet-mui-ne-dang-trai-nghiem-nhat-cho-ky-nghi-le-2-9\/#primaryimage\"},\"thumbnailUrl\":\"https:\/\/cdn3.ivivu.com\/2025\/08\/Resort-Phan-Thiet-ivivu-9-1.jpg\",\"datePublished\":\"2025-08-30T06:00:46+00:00\",\"dateModified\":\"2025-08-29T11:29:12+00:00\",\"description\":\"iVIVU g\u1ee3i \u00fd top 9 resort Phan Thi\u1ebft \u2013 M\u0169i N\u00e9 sang tr\u1ecdng nhi\u1ec1u tr\u1ea3i nghi\u1ec7m cho k\u1ef3 ngh\u1ec9 2-9 \u0111\u1ea7y \u00fd ngh\u0129a b\u00ean gia \u0111\u00ecnh v\u00e0 b\u1ea1n b\u00e8.\",\"breadcrumb\":{\"@id\":\"https:\/\/www.ivivu.com\/blog\/2025\/08\/top-9-resort-phan-thiet-mui-ne-dang-trai-nghiem-nhat-cho-ky-nghi-le-2-9\/#breadcrumb\"},\"inLanguage\":\"vi\",\"potentialAction\":[{\"@type\":\"ReadAction\",\"target\":[\"https:\/\/www.ivivu.com\/blog\/2025\/08\/top-9-resort-phan-thiet-mui-ne-dang-trai-nghiem-nhat-cho-ky-nghi-le-2-9\/\"]}]},{\"@type\":\"ImageObject\",\"inLanguage\":\"vi\",\"@id\":\"https:\/\/www.ivivu.com\/blog\/2025\/08\/top-9-resort-phan-thiet-mui-ne-dang-trai-nghiem-nhat-cho-ky-nghi-le-2-9\/#primaryimage\",\"url\":\"https:\/\/cdn3.ivivu.com\/2025\/08\/Resort-Phan-Thiet-ivivu-9-1.jpg\",\"contentUrl\":\"https:\/\/cdn3.ivivu.com\/2025\/08\/Resort-Phan-Thiet-ivivu-9-1.jpg\",\"width\":512,\"height\":342},{\"@type\":\"BreadcrumbList\",\"@id\":\"https:\/\/www.ivivu.com\/blog\/2025\/08\/top-9-resort-phan-thiet-mui-ne-dang-trai-nghiem-nhat-cho-ky-nghi-le-2-9\/#breadcrumb\",\"itemListElement\":[{\"@type\":\"ListItem\",\"position\":1,\"name\":\"Home\",\"item\":\"https:\/\/www.ivivu.com\/blog\/\"},{\"@type\":\"ListItem\",\"position\":2,\"name\":\"Top 9 resort Phan Thi\u1ebft \u2013 M\u0169i N\u00e9 \u0111\u00e1ng tr\u1ea3i nghi\u1ec7m nh\u1ea5t cho k\u1ef3 ngh\u1ec9 l\u1ec5 2\/9\"}]},{\"@type\":\"WebSite\",\"@id\":\"https:\/\/www.ivivu.com\/blog\/#website\",\"url\":\"https:\/\/www.ivivu.com\/blog\/\",\"name\":\"C\u1ea9m nang du l\u1ecbch\",\"description\":\"\",\"publisher\":{\"@id\":\"https:\/\/www.ivivu.com\/blog\/#organization\"},\"potentialAction\":[{\"@type\":\"SearchAction\",\"target\":{\"@type\":\"EntryPoint\",\"urlTemplate\":\"https:\/\/www.ivivu.com\/blog\/?s={search_term_string}\"},\"query-input\":\"required name=search_term_string\"}],\"inLanguage\":\"vi\"},{\"@type\":\"Organization\",\"@id\":\"https:\/\/www.ivivu.com\/blog\/#organization\",\"name\":\"iVIVU.com\",\"url\":\"https:\/\/www.ivivu.com\/blog\/\",\"logo\":{\"@type\":\"ImageObject\",\"inLanguage\":\"vi\",\"@id\":\"https:\/\/www.ivivu.com\/blog\/#\/schema\/logo\/image\/\",\"url\":\"https:\/\/cdn3.ivivu.com\/2024\/01\/ivivu_no_slogan.png\",\"contentUrl\":\"https:\/\/cdn3.ivivu.com\/2024\/01\/ivivu_no_slogan.png\",\"width\":788,\"height\":565,\"caption\":\"iVIVU.com\"},\"image\":{\"@id\":\"https:\/\/www.ivivu.com\/blog\/#\/schema\/logo\/image\/\"},\"sameAs\":[\"https:\/\/www.facebook.com\/iVIVU\"]},{\"@type\":\"Person\",\"@id\":\"https:\/\/www.ivivu.com\/blog\/#\/schema\/person\/5f2922ecdf4990921e5ce852233c0c13\",\"name\":\"B\u00edch Tr\u00e2m Ch\u00e2u Th\u1ecb\",\"url\":\"https:\/\/www.ivivu.com\/blog\/author\/tramchau887\/\"}]}<\/script>\n<!-- \/ Yoast SEO Premium plugin. -->","yoast_head_json":{"title":"9 resort Phan Thi\u1ebft \u2013 M\u0169i N\u00e9 \u0111\u00e1ng tr\u1ea3i nghi\u1ec7m cho k\u1ef3 ngh\u1ec9 l\u1ec5 2\/9","description":"iVIVU g\u1ee3i \u00fd top 9 resort Phan Thi\u1ebft \u2013 M\u0169i N\u00e9 sang tr\u1ecdng nhi\u1ec1u tr\u1ea3i nghi\u1ec7m cho k\u1ef3 ngh\u1ec9 2-9 \u0111\u1ea7y \u00fd ngh\u0129a b\u00ean gia \u0111\u00ecnh v\u00e0 b\u1ea1n b\u00e8.","robots":{"index":"index","follow":"follow","max-snippet":"max-snippet:-1","max-image-preview":"max-image-preview:large","max-video-preview":"max-video-preview:-1"},"canonical":"https:\/\/www.ivivu.com\/blog\/2025\/08\/top-9-resort-phan-thiet-mui-ne-dang-trai-nghiem-nhat-cho-ky-nghi-le-2-9\/","twitter_misc":{"\u0110\u01b0\u1ee3c vi\u1ebft b\u1edfi":"B\u00edch Tr\u00e2m Ch\u00e2u Th\u1ecb","\u01af\u1edbc t\u00ednh th\u1eddi gian \u0111\u1ecdc":"9 ph\u00fat"},"schema":{"@context":"https:\/\/schema.org","@graph":[{"@type":"Article","@id":"https:\/\/www.ivivu.com\/blog\/2025\/08\/top-9-resort-phan-thiet-mui-ne-dang-trai-nghiem-nhat-cho-ky-nghi-le-2-9\/#article","isPartOf":{"@id":"https:\/\/www.ivivu.com\/blog\/2025\/08\/top-9-resort-phan-thiet-mui-ne-dang-trai-nghiem-nhat-cho-ky-nghi-le-2-9\/"},"author":{"name":"B\u00edch Tr\u00e2m Ch\u00e2u Th\u1ecb","@id":"https:\/\/www.ivivu.com\/blog\/#\/schema\/person\/5f2922ecdf4990921e5ce852233c0c13"},"headline":"Top 9 resort Phan Thi\u1ebft \u2013 M\u0169i N\u00e9 \u0111\u00e1ng tr\u1ea3i nghi\u1ec7m nh\u1ea5t cho k\u1ef3 ngh\u1ec9 l\u1ec5 2\/9","datePublished":"2025-08-30T06:00:46+00:00","dateModified":"2025-08-29T11:29:12+00:00","mainEntityOfPage":{"@id":"https:\/\/www.ivivu.com\/blog\/2025\/08\/top-9-resort-phan-thiet-mui-ne-dang-trai-nghiem-nhat-cho-ky-nghi-le-2-9\/"},"wordCount":1354,"publisher":{"@id":"https:\/\/www.ivivu.com\/blog\/#organization"},"image":{"@id":"https:\/\/www.ivivu.com\/blog\/2025\/08\/top-9-resort-phan-thiet-mui-ne-dang-trai-nghiem-nhat-cho-ky-nghi-le-2-9\/#primaryimage"},"thumbnailUrl":"https:\/\/cdn3.ivivu.com\/2025\/08\/Resort-Phan-Thiet-ivivu-9-1.jpg","keywords":["combo Phan Thi\u1ebft","du l\u1ecbch M\u0169i N\u00e9","Du l\u1ecbch Phan Thi\u00eat","kh\u00e1ch s\u1ea1n m\u0169i n\u00e9","kh\u00e1ch s\u1ea1n phan thi\u1ebft","Resort M\u0169i N\u00e9","Resort Phan Thi\u1ebft"],"articleSection":["Du l\u1ecbch M\u0169i N\u00e9","Du l\u1ecbch Phan Thi\u1ebft","DU L\u1ecaCH VI\u1ec6T NAM","\u0110i\u1ec3m \u0111\u1ebfn","Khuy\u1ebfn M\u00e3i","N\u1ed5i B\u1eadt 2"],"inLanguage":"vi"},{"@type":"WebPage","@id":"https:\/\/www.ivivu.com\/blog\/2025\/08\/top-9-resort-phan-thiet-mui-ne-dang-trai-nghiem-nhat-cho-ky-nghi-le-2-9\/","url":"https:\/\/www.ivivu.com\/blog\/2025\/08\/top-9-resort-phan-thiet-mui-ne-dang-trai-nghiem-nhat-cho-ky-nghi-le-2-9\/","name":"9 resort Phan Thi\u1ebft \u2013 M\u0169i N\u00e9 \u0111\u00e1ng tr\u1ea3i nghi\u1ec7m cho k\u1ef3 ngh\u1ec9 l\u1ec5 2\/9","isPartOf":{"@id":"https:\/\/www.ivivu.com\/blog\/#website"},"primaryImageOfPage":{"@id":"https:\/\/www.ivivu.com\/blog\/2025\/08\/top-9-resort-phan-thiet-mui-ne-dang-trai-nghiem-nhat-cho-ky-nghi-le-2-9\/#primaryimage"},"image":{"@id":"https:\/\/www.ivivu.com\/blog\/2025\/08\/top-9-resort-phan-thiet-mui-ne-dang-trai-nghiem-nhat-cho-ky-nghi-le-2-9\/#primaryimage"},"thumbnailUrl":"https:\/\/cdn3.ivivu.com\/2025\/08\/Resort-Phan-Thiet-ivivu-9-1.jpg","datePublished":"2025-08-30T06:00:46+00:00","dateModified":"2025-08-29T11:29:12+00:00","description":"iVIVU g\u1ee3i \u00fd top 9 resort Phan Thi\u1ebft \u2013 M\u0169i N\u00e9 sang tr\u1ecdng nhi\u1ec1u tr\u1ea3i nghi\u1ec7m cho k\u1ef3 ngh\u1ec9 2-9 \u0111\u1ea7y \u00fd ngh\u0129a b\u00ean gia \u0111\u00ecnh v\u00e0 b\u1ea1n b\u00e8.","breadcrumb":{"@id":"https:\/\/www.ivivu.com\/blog\/2025\/08\/top-9-resort-phan-thiet-mui-ne-dang-trai-nghiem-nhat-cho-ky-nghi-le-2-9\/#breadcrumb"},"inLanguage":"vi","potentialAction":[{"@type":"ReadAction","target":["https:\/\/www.ivivu.com\/blog\/2025\/08\/top-9-resort-phan-thiet-mui-ne-dang-trai-nghiem-nhat-cho-ky-nghi-le-2-9\/"]}]},{"@type":"ImageObject","inLanguage":"vi","@id":"https:\/\/www.ivivu.com\/blog\/2025\/08\/top-9-resort-phan-thiet-mui-ne-dang-trai-nghiem-nhat-cho-ky-nghi-le-2-9\/#primaryimage","url":"https:\/\/cdn3.ivivu.com\/2025\/08\/Resort-Phan-Thiet-ivivu-9-1.jpg","contentUrl":"https:\/\/cdn3.ivivu.com\/2025\/08\/Resort-Phan-Thiet-ivivu-9-1.jpg","width":512,"height":342},{"@type":"BreadcrumbList","@id":"https:\/\/www.ivivu.com\/blog\/2025\/08\/top-9-resort-phan-thiet-mui-ne-dang-trai-nghiem-nhat-cho-ky-nghi-le-2-9\/#breadcrumb","itemListElement":[{"@type":"ListItem","position":1,"name":"Home","item":"https:\/\/www.ivivu.com\/blog\/"},{"@type":"ListItem","position":2,"name":"Top 9 resort Phan Thi\u1ebft \u2013 M\u0169i N\u00e9 \u0111\u00e1ng tr\u1ea3i nghi\u1ec7m nh\u1ea5t cho k\u1ef3 ngh\u1ec9 l\u1ec5 2\/9"}]},{"@type":"WebSite","@id":"https:\/\/www.ivivu.com\/blog\/#website","url":"https:\/\/www.ivivu.com\/blog\/","name":"C\u1ea9m nang du l\u1ecbch","description":"","publisher":{"@id":"https:\/\/www.ivivu.com\/blog\/#organization"},"potentialAction":[{"@type":"SearchAction","target":{"@type":"EntryPoint","urlTemplate":"https:\/\/www.ivivu.com\/blog\/?s={search_term_string}"},"query-input":"required name=search_term_string"}],"inLanguage":"vi"},{"@type":"Organization","@id":"https:\/\/www.ivivu.com\/blog\/#organization","name":"iVIVU.com","url":"https:\/\/www.ivivu.com\/blog\/","logo":{"@type":"ImageObject","inLanguage":"vi","@id":"https:\/\/www.ivivu.com\/blog\/#\/schema\/logo\/image\/","url":"https:\/\/cdn3.ivivu.com\/2024\/01\/ivivu_no_slogan.png","contentUrl":"https:\/\/cdn3.ivivu.com\/2024\/01\/ivivu_no_slogan.png","width":788,"height":565,"caption":"iVIVU.com"},"image":{"@id":"https:\/\/www.ivivu.com\/blog\/#\/schema\/logo\/image\/"},"sameAs":["https:\/\/www.facebook.com\/iVIVU"]},{"@type":"Person","@id":"https:\/\/www.ivivu.com\/blog\/#\/schema\/person\/5f2922ecdf4990921e5ce852233c0c13","name":"B\u00edch Tr\u00e2m Ch\u00e2u Th\u1ecb","url":"https:\/\/www.ivivu.com\/blog\/author\/tramchau887\/"}]}},"_links":{"self":[{"href":"https:\/\/www.ivivu.com\/blog\/wp-json\/wp\/v2\/posts\/506804"}],"collection":[{"href":"https:\/\/www.ivivu.com\/blog\/wp-json\/wp\/v2\/posts"}],"about":[{"href":"https:\/\/www.ivivu.com\/blog\/wp-json\/wp\/v2\/types\/post"}],"author":[{"embeddable":true,"href":"https:\/\/www.ivivu.com\/blog\/wp-json\/wp\/v2\/users\/64"}],"replies":[{"embeddable":true,"href":"https:\/\/www.ivivu.com\/blog\/wp-json\/wp\/v2\/comments?post=506804"}],"version-history":[{"count":10,"href":"https:\/\/www.ivivu.com\/blog\/wp-json\/wp\/v2\/posts\/506804\/revisions"}],"predecessor-version":[{"id":506891,"href":"https:\/\/www.ivivu.com\/blog\/wp-json\/wp\/v2\/posts\/506804\/revisions\/506891"}],"wp:featuredmedia":[{"embeddable":true,"href":"https:\/\/www.ivivu.com\/blog\/wp-json\/wp\/v2\/media\/506883"}],"wp:attachment":[{"href":"https:\/\/www.ivivu.com\/blog\/wp-json\/wp\/v2\/media?parent=506804"}],"wp:term":[{"taxonomy":"category","embeddable":true,"href":"https:\/\/www.ivivu.com\/blog\/wp-json\/wp\/v2\/categories?post=506804"},{"taxonomy":"post_tag","embeddable":true,"href":"https:\/\/www.ivivu.com\/blog\/wp-json\/wp\/v2\/tags?post=506804"}],"curies":[{"name":"wp","href":"https:\/\/api.w.org\/{rel}","templated":true}]}}