{"id":523050,"date":"2026-02-23T07:57:03","date_gmt":"2026-02-23T00:57:03","guid":{"rendered":"https:\/\/www.ivivu.com\/blog\/?p=523050"},"modified":"2026-02-09T13:40:32","modified_gmt":"2026-02-09T06:40:32","slug":"tour-chau-au-9n8d-lac-buoc-giua-czech-co-kinh-ao-tho-mong-va-y-trang-le","status":"publish","type":"post","link":"https:\/\/www.ivivu.com\/blog\/2026\/02\/tour-chau-au-9n8d-lac-buoc-giua-czech-co-kinh-ao-tho-mong-va-y-trang-le\/","title":{"rendered":"Tour ch\u00e2u \u00c2u 9N8\u0110: L\u1ea1c b\u01b0\u1edbc gi\u1eefa Czech c\u1ed5 k\u00ednh, \u00c1o th\u01a1 m\u1ed9ng v\u00e0 \u00dd tr\u00e1ng l\u1ec7"},"content":{"rendered":"<p style=\"text-align: justify;\"><em><strong>H\u00e0nh tr\u00ecnh tour ch\u00e2u \u00c2u 9N8\u0110 \u0111\u01b0a b\u1ea1n qua c\u1ed9ng h\u00f2a Czech c\u1ed5 k\u00ednh, \u00c1o th\u01a1 m\u1ed9ng v\u00e0 \u00dd l\u00e3ng m\u1ea1n v\u1edbi c\u00e1c \u0111i\u1ec3m tham quan n\u1ed5i ti\u1ebfng nh\u1ea5t ch\u00e2u \u00c2u.<\/strong><\/em><\/p>\n<p><!--more--><\/p>\n<div class=\"ltt-contentbox white\"><\/span><strong>Xem th\u00eam: <a href=\"https:\/\/www.ivivu.com\/blog\/category\/the-gioi\/cam-nang-chau-au\/\" target=\"_blank\" rel=\"noopener\">Du l\u1ecbch ch\u00e2u \u00c2u<\/a><\/strong><\/div>\n<h3 style=\"text-align: justify;\">\ud83c\udde8\ud83c\uddff C\u1ed9ng h\u00f2a Czech<\/h3>\n<h4 style=\"text-align: justify;\">Qu\u1ea3ng tr\u01b0\u1eddng Ph\u1ed1 C\u1ed5 (Old Town Square)<\/h4>\n<p style=\"text-align: justify;\"><strong>Tour Ch\u00e2u \u00c2u 9N8\u0110<\/strong> b\u1eaft \u0111\u1ea7u v\u1edbi Qu\u1ea3ng tr\u01b0\u1eddng Ph\u1ed1 C\u1ed5. \u0110\u00e2y l\u00e0 &#8216;tr\u00e1i tim&#8217; c\u1ee7a th\u1ee7 \u0111\u00f4 Praha, n\u1ed5i b\u1eadt v\u1edbi kh\u00f4ng gian ki\u1ebfn tr\u00fac Trung C\u1ed5 c\u00f9ng c\u00e1c c\u00f4ng tr\u00ecnh l\u1ecbch s\u1eed, qu\u00e1n c\u00e0 ph\u00ea c\u1ed5 k\u00ednh v\u00e0 lu\u00f4n nh\u1ed9n nh\u1ecbp du kh\u00e1ch.<\/p>\n<div id=\"attachment_523057\" style=\"width: 1034px\" class=\"wp-caption aligncenter\"><img loading=\"lazy\" decoding=\"async\" aria-describedby=\"caption-attachment-523057\" class=\"size-large wp-image-523057\" src=\"https:\/\/cdn3.ivivu.com\/2026\/02\/tour-chau-au-9n8d-ivivu-1-1024x683.jpg\" alt=\"\" width=\"1024\" height=\"683\" srcset=\"https:\/\/cdn3.ivivu.com\/2026\/02\/tour-chau-au-9n8d-ivivu-1-1024x683.jpg 1024w, https:\/\/cdn3.ivivu.com\/2026\/02\/tour-chau-au-9n8d-ivivu-1-458x305.jpg 458w, https:\/\/cdn3.ivivu.com\/2026\/02\/tour-chau-au-9n8d-ivivu-1-768x512.jpg 768w, https:\/\/cdn3.ivivu.com\/2026\/02\/tour-chau-au-9n8d-ivivu-1-1536x1024.jpg 1536w, https:\/\/cdn3.ivivu.com\/2026\/02\/tour-chau-au-9n8d-ivivu-1-2048x1365.jpg 2048w\" sizes=\"(max-width: 1024px) 100vw, 1024px\" \/><p id=\"caption-attachment-523057\" class=\"wp-caption-text\">Qu\u1ea3ng tr\u01b0\u1eddng Ph\u1ed1 C\u1ed5 &#8211; Old Town Square<\/p><\/div>\n<h4 style=\"text-align: justify;\">\u0110\u1ed3ng h\u1ed3 thi\u00ean v\u0103n Praha<\/h4>\n<p style=\"text-align: justify;\">\u0110\u1ed3ng h\u1ed3 thi\u00ean v\u0103n Praha l\u00e0 m\u1ed9t trong nh\u1eefng chi\u1ebfc \u0111\u1ed3ng h\u1ed3 c\u1ed5 nh\u1ea5t th\u1ebf gi\u1edbi c\u00f2n ho\u1ea1t \u0111\u1ed9ng, n\u1ed5i ti\u1ebfng v\u1edbi c\u01a1 ch\u1ebf chuy\u1ec3n \u0111\u1ed9ng tinh x\u1ea3o t\u1eeb th\u1ebf k\u1ef7 15. M\u1ed7i gi\u1edd tr\u00f4i qua, m\u00e0n tr\u00ecnh di\u1ec5n c\u1ee7a c\u00e1c b\u1ee9c t\u01b0\u1ee3ng c\u01a1 kh\u00ed thu h\u00fat h\u00e0ng ngh\u00ecn du kh\u00e1ch d\u1eebng ch\u00e2n chi\u00eam ng\u01b0\u1ee1ng.<\/p>\n<div id=\"attachment_523058\" style=\"width: 1034px\" class=\"wp-caption aligncenter\"><img loading=\"lazy\" decoding=\"async\" aria-describedby=\"caption-attachment-523058\" class=\"size-large wp-image-523058\" src=\"https:\/\/cdn3.ivivu.com\/2026\/02\/tour-chau-au-9n8d-ivivu-2-1024x640.jpg\" alt=\"\" width=\"1024\" height=\"640\" srcset=\"https:\/\/cdn3.ivivu.com\/2026\/02\/tour-chau-au-9n8d-ivivu-2-1024x640.jpg 1024w, https:\/\/cdn3.ivivu.com\/2026\/02\/tour-chau-au-9n8d-ivivu-2-488x305.jpg 488w, https:\/\/cdn3.ivivu.com\/2026\/02\/tour-chau-au-9n8d-ivivu-2-768x480.jpg 768w, https:\/\/cdn3.ivivu.com\/2026\/02\/tour-chau-au-9n8d-ivivu-2-1536x960.jpg 1536w, https:\/\/cdn3.ivivu.com\/2026\/02\/tour-chau-au-9n8d-ivivu-2.jpg 1600w\" sizes=\"(max-width: 1024px) 100vw, 1024px\" \/><p id=\"caption-attachment-523058\" class=\"wp-caption-text\">\u0110\u1ed3ng h\u1ed3 thi\u00ean v\u0103n c\u1ed5 k\u00ednh<\/p><\/div>\n<h4 style=\"text-align: justify;\">L\u00e2u \u0111\u00e0i Prague<\/h4>\n<p style=\"text-align: justify;\">L\u00e2u \u0111\u00e0i Prague l\u00e0 qu\u1ea7n th\u1ec3 l\u00e2u \u0111\u00e0i c\u1ed5 l\u1edbn nh\u1ea5t th\u1ebf gi\u1edbi, bi\u1ec3u t\u01b0\u1ee3ng quy\u1ec1n l\u1ef1c v\u00e0 l\u1ecbch s\u1eed c\u1ee7a c\u1ed9ng h\u00f2a Czech. T\u1eeb \u0111\u00e2y, du kh\u00e1ch c\u00f3 th\u1ec3 ng\u1eafm nh\u00ecn to\u00e0n c\u1ea3nh th\u00e0nh ph\u1ed1 Praha c\u1ed5 k\u00ednh b\u00ean d\u00f2ng s\u00f4ng Vltava.<\/p>\n<div id=\"attachment_523126\" style=\"width: 1080px\" class=\"wp-caption alignnone\"><img loading=\"lazy\" decoding=\"async\" aria-describedby=\"caption-attachment-523126\" class=\"wp-image-523126 size-full\" src=\"https:\/\/cdn3.ivivu.com\/2026\/02\/tour-chau-Au-9N8D-ivivu.jpg\" alt=\"\" width=\"1070\" height=\"688\" srcset=\"https:\/\/cdn3.ivivu.com\/2026\/02\/tour-chau-Au-9N8D-ivivu.jpg 1070w, https:\/\/cdn3.ivivu.com\/2026\/02\/tour-chau-Au-9N8D-ivivu-474x305.jpg 474w, https:\/\/cdn3.ivivu.com\/2026\/02\/tour-chau-Au-9N8D-ivivu-1024x658.jpg 1024w, https:\/\/cdn3.ivivu.com\/2026\/02\/tour-chau-Au-9N8D-ivivu-768x494.jpg 768w\" sizes=\"(max-width: 1070px) 100vw, 1070px\" \/><p id=\"caption-attachment-523126\" class=\"wp-caption-text\">L\u00e2u \u0111\u00e0i Prague<\/p><\/div>\n<h4 style=\"text-align: justify;\">C\u1ea7u Charles<\/h4>\n<p style=\"text-align: justify;\">C\u1ea7u Charles l\u00e0 c\u00e2y c\u1ea7u \u0111\u00e1 n\u1ed5i ti\u1ebfng b\u1eafc qua s\u00f4ng Vltava. C\u00e2y c\u1ea7u \u0111\u01b0\u1ee3c trang tr\u00ed b\u1edfi h\u00e0ng ch\u1ee5c b\u1ee9c t\u01b0\u1ee3ng Baroque \u0111\u1ed9c \u0111\u00e1o. \u0110i b\u1ed9 tr\u00ean c\u1ea7u v\u00e0o l\u00fac b\u00ecnh minh hay ho\u00e0ng h\u00f4n l\u00e0 tr\u1ea3i nghi\u1ec7m l\u00e3ng m\u1ea1n kh\u00f4ng th\u1ec3 b\u1ecf l\u1ee1 khi \u0111\u1ebfn Praha.<\/p>\n<div id=\"attachment_523127\" style=\"width: 2058px\" class=\"wp-caption alignnone\"><img loading=\"lazy\" decoding=\"async\" aria-describedby=\"caption-attachment-523127\" class=\"wp-image-523127 size-full\" src=\"https:\/\/cdn3.ivivu.com\/2026\/02\/tour-chau-Au-9N8D-ivivu-2-1.jpg\" alt=\"\" width=\"2048\" height=\"1535\" srcset=\"https:\/\/cdn3.ivivu.com\/2026\/02\/tour-chau-Au-9N8D-ivivu-2-1.jpg 2048w, https:\/\/cdn3.ivivu.com\/2026\/02\/tour-chau-Au-9N8D-ivivu-2-1-407x305.jpg 407w, https:\/\/cdn3.ivivu.com\/2026\/02\/tour-chau-Au-9N8D-ivivu-2-1-1024x768.jpg 1024w, https:\/\/cdn3.ivivu.com\/2026\/02\/tour-chau-Au-9N8D-ivivu-2-1-768x576.jpg 768w, https:\/\/cdn3.ivivu.com\/2026\/02\/tour-chau-Au-9N8D-ivivu-2-1-1536x1151.jpg 1536w\" sizes=\"(max-width: 2048px) 100vw, 2048px\" \/><p id=\"caption-attachment-523127\" class=\"wp-caption-text\">C\u1ea7u Charles<\/p><\/div>\n<h3 style=\"text-align: justify;\">\ud83c\udde6\ud83c\uddf9 \u00c1o<\/h3>\n<h4 style=\"text-align: justify;\">Nh\u00e0 th\u1edd Linz<\/h4>\n<p style=\"text-align: justify;\"><strong><em>Tour ch\u00e2u \u00c2u 9N8\u0110<\/em><\/strong> ti\u1ebfp t\u1ee5c \u0111\u1ebfn n\u01b0\u1edbc \u00c1o tham quan nh\u00e0 th\u1edd Linz. Nh\u00e0 th\u1edd Linz g\u00e2y \u1ea5n t\u01b0\u1ee3ng v\u1edbi ki\u1ebfn tr\u00fac Gothic \u0111\u1ed3 s\u1ed9 v\u00e0 kh\u00f4ng gian trang nghi\u00eam. \u0110\u00e2y l\u00e0 c\u00f4ng tr\u00ecnh t\u00f4n gi\u00e1o ph\u1ea3n \u00e1nh \u0111\u1eadm n\u00e9t \u0111\u1eddi s\u1ed1ng tinh th\u1ea7n c\u1ee7a ng\u01b0\u1eddi d\u00e2n \u00c1o qua nhi\u1ec1u th\u1ebf k\u1ef7.<\/p>\n<div id=\"attachment_523128\" style=\"width: 1010px\" class=\"wp-caption alignnone\"><img loading=\"lazy\" decoding=\"async\" aria-describedby=\"caption-attachment-523128\" class=\"wp-image-523128 size-full\" src=\"https:\/\/cdn3.ivivu.com\/2026\/02\/tour-chau-Au-9N8D-ivivu-4-1.jpg\" alt=\"\" width=\"1000\" height=\"667\" srcset=\"https:\/\/cdn3.ivivu.com\/2026\/02\/tour-chau-Au-9N8D-ivivu-4-1.jpg 1000w, https:\/\/cdn3.ivivu.com\/2026\/02\/tour-chau-Au-9N8D-ivivu-4-1-457x305.jpg 457w, https:\/\/cdn3.ivivu.com\/2026\/02\/tour-chau-Au-9N8D-ivivu-4-1-768x512.jpg 768w\" sizes=\"(max-width: 1000px) 100vw, 1000px\" \/><p id=\"caption-attachment-523128\" class=\"wp-caption-text\">Nh\u00e0 th\u1edd Linz Cathedral hay New Cathedral<\/p><\/div>\n<h4 style=\"text-align: justify;\">Th\u00e0nh ph\u1ed1 Salzburg \u2013 \u201cth\u1ee7 \u0111\u00f4 \u00e2m nh\u1ea1c ch\u00e2u \u00c2u\u201d<\/h4>\n<p style=\"text-align: justify;\">Salzburg l\u00e0 qu\u00ea h\u01b0\u01a1ng c\u1ee7a thi\u00ean t\u00e0i \u00e2m nh\u1ea1c Mozart v\u00e0 \u0111\u01b0\u1ee3c m\u1ec7nh danh l\u00e0 \u201cth\u1ee7 \u0111\u00f4 \u00e2m nh\u1ea1c ch\u00e2u \u00c2u\u201d. Th\u00e0nh ph\u1ed1 mang v\u1ebb \u0111\u1eb9p c\u1ed5 k\u00ednh, h\u00f2a quy\u1ec7n gi\u1eefa ki\u1ebfn tr\u00fac Baroque, n\u00fai non h\u00f9ng v\u0129 v\u00e0 d\u00f2ng s\u00f4ng Salzach th\u01a1 m\u1ed9ng.<\/p>\n<div id=\"attachment_523129\" style=\"width: 1034px\" class=\"wp-caption alignnone\"><img loading=\"lazy\" decoding=\"async\" aria-describedby=\"caption-attachment-523129\" class=\"wp-image-523129 size-full\" src=\"https:\/\/cdn3.ivivu.com\/2026\/02\/tour-chau-Au-9N8D-ivivu-5-1.jpg\" alt=\"\" width=\"1024\" height=\"630\" srcset=\"https:\/\/cdn3.ivivu.com\/2026\/02\/tour-chau-Au-9N8D-ivivu-5-1.jpg 1024w, https:\/\/cdn3.ivivu.com\/2026\/02\/tour-chau-Au-9N8D-ivivu-5-1-496x305.jpg 496w, https:\/\/cdn3.ivivu.com\/2026\/02\/tour-chau-Au-9N8D-ivivu-5-1-768x473.jpg 768w\" sizes=\"(max-width: 1024px) 100vw, 1024px\" \/><p id=\"caption-attachment-523129\" class=\"wp-caption-text\">Th\u00e0nh ph\u1ed1 Salzburg<\/p><\/div>\n<h4 style=\"text-align: justify;\">Mirabell Palace<\/h4>\n<p style=\"text-align: justify;\">Cung \u0111i\u1ec7n Mirabell n\u1ed5i ti\u1ebfng v\u1edbi khu v\u01b0\u1eddn \u0111\u01b0\u1ee3c thi\u1ebft k\u1ebf v\u1edbi khung c\u1ea3nh l\u00e3ng m\u1ea1n. \u0110\u00e2y l\u00e0 m\u1ed9t trong nh\u1eefng \u0111\u1ecba \u0111i\u1ec3m g\u1eafn li\u1ec1n v\u1edbi cu\u1ed9c \u0111\u1eddi c\u1ee7a Mozart, \u0111\u1ed3ng th\u1eddi l\u00e0 b\u1ed1i c\u1ea3nh c\u1ee7a nhi\u1ec1u b\u1ed9 phim n\u1ed5i ti\u1ebfng.<\/p>\n<div id=\"attachment_523066\" style=\"width: 1034px\" class=\"wp-caption aligncenter\"><img loading=\"lazy\" decoding=\"async\" aria-describedby=\"caption-attachment-523066\" class=\"size-large wp-image-523066\" src=\"https:\/\/cdn3.ivivu.com\/2026\/02\/tour-chau-au-9n8d-ivivu-7-1024x576.jpg\" alt=\"\" width=\"1024\" height=\"576\" srcset=\"https:\/\/cdn3.ivivu.com\/2026\/02\/tour-chau-au-9n8d-ivivu-7-1024x576.jpg 1024w, https:\/\/cdn3.ivivu.com\/2026\/02\/tour-chau-au-9n8d-ivivu-7-540x305.jpg 540w, https:\/\/cdn3.ivivu.com\/2026\/02\/tour-chau-au-9n8d-ivivu-7-250x142.jpg 250w, https:\/\/cdn3.ivivu.com\/2026\/02\/tour-chau-au-9n8d-ivivu-7-768x432.jpg 768w, https:\/\/cdn3.ivivu.com\/2026\/02\/tour-chau-au-9n8d-ivivu-7-750x422.jpg 750w, https:\/\/cdn3.ivivu.com\/2026\/02\/tour-chau-au-9n8d-ivivu-7-225x127.jpg 225w, https:\/\/cdn3.ivivu.com\/2026\/02\/tour-chau-au-9n8d-ivivu-7-370x208.jpg 370w, https:\/\/cdn3.ivivu.com\/2026\/02\/tour-chau-au-9n8d-ivivu-7-50x28.jpg 50w, https:\/\/cdn3.ivivu.com\/2026\/02\/tour-chau-au-9n8d-ivivu-7-107x60.jpg 107w, https:\/\/cdn3.ivivu.com\/2026\/02\/tour-chau-au-9n8d-ivivu-7-195x110.jpg 195w, https:\/\/cdn3.ivivu.com\/2026\/02\/tour-chau-au-9n8d-ivivu-7-220x125.jpg 220w, https:\/\/cdn3.ivivu.com\/2026\/02\/tour-chau-au-9n8d-ivivu-7-400x225.jpg 400w, https:\/\/cdn3.ivivu.com\/2026\/02\/tour-chau-au-9n8d-ivivu-7-140x80.jpg 140w, https:\/\/cdn3.ivivu.com\/2026\/02\/tour-chau-au-9n8d-ivivu-7.jpg 1080w\" sizes=\"(max-width: 1024px) 100vw, 1024px\" \/><p id=\"caption-attachment-523066\" class=\"wp-caption-text\">Mirabell Palace<\/p><\/div>\n<h4 style=\"text-align: justify;\">L\u00e0ng Hallstatt<\/h4>\n<p style=\"text-align: justify;\">Hallstatt \u0111\u01b0\u1ee3c m\u1ec7nh danh l\u00e0 ng\u00f4i l\u00e0ng \u0111\u1eb9p nh\u1ea5t th\u1ebf gi\u1edbi, n\u1eb1m b\u00ean h\u1ed3 n\u01b0\u1edbc v\u00e0 d\u00e3y Alps h\u00f9ng v\u0129. Kh\u00f4ng gian y\u00ean b\u00ecnh, nh\u1eefng ng\u00f4i nh\u00e0 g\u1ed7 c\u1ed5 k\u00ednh t\u1ea1o n\u00ean khung c\u1ea3nh t\u1ef1a tranh v\u1ebd.<\/p>\n<div id=\"attachment_523070\" style=\"width: 1034px\" class=\"wp-caption aligncenter\"><img loading=\"lazy\" decoding=\"async\" aria-describedby=\"caption-attachment-523070\" class=\"size-large wp-image-523070\" src=\"https:\/\/cdn3.ivivu.com\/2026\/02\/tour-chau-au-9n8d-ivivu-8-1024x640.jpg\" alt=\"\" width=\"1024\" height=\"640\" srcset=\"https:\/\/cdn3.ivivu.com\/2026\/02\/tour-chau-au-9n8d-ivivu-8-1024x640.jpg 1024w, https:\/\/cdn3.ivivu.com\/2026\/02\/tour-chau-au-9n8d-ivivu-8-488x305.jpg 488w, https:\/\/cdn3.ivivu.com\/2026\/02\/tour-chau-au-9n8d-ivivu-8-768x480.jpg 768w, https:\/\/cdn3.ivivu.com\/2026\/02\/tour-chau-au-9n8d-ivivu-8.jpg 1280w\" sizes=\"(max-width: 1024px) 100vw, 1024px\" \/><p id=\"caption-attachment-523070\" class=\"wp-caption-text\">Ng\u00f4i l\u00e0ng Hallstatt<\/p><\/div>\n<h4 style=\"text-align: justify;\">Th\u00e0nh ph\u1ed1 Lienz<\/h4>\n<p style=\"text-align: justify;\">Lienz l\u00e0 th\u1ecb tr\u1ea5n nh\u1ecf xinh n\u1eb1m \u1edf mi\u1ec1n \u0110\u00f4ng Tyrol, \u0111\u01b0\u1ee3c bao quanh b\u1edfi n\u00fai non. Th\u00e0nh ph\u1ed1 mang v\u1ebb \u0111\u1eb9p thanh b\u00ecnh, l\u00e0 \u0111i\u1ec3m d\u1eebng ch\u00e2n l\u00fd t\u01b0\u1edfng \u0111\u1ec3 c\u1ea3m nh\u1eadn nh\u1ecbp s\u1ed1ng ch\u1eadm r\u00e3i c\u1ee7a n\u01b0\u1edbc \u00c1o.<\/p>\n<div id=\"attachment_523130\" style=\"width: 1210px\" class=\"wp-caption alignnone\"><img loading=\"lazy\" decoding=\"async\" aria-describedby=\"caption-attachment-523130\" class=\"wp-image-523130 size-full\" src=\"https:\/\/cdn3.ivivu.com\/2026\/02\/tour-chau-Au-9N8D-ivivu-10-1.jpg\" alt=\"\" width=\"1200\" height=\"800\" srcset=\"https:\/\/cdn3.ivivu.com\/2026\/02\/tour-chau-Au-9N8D-ivivu-10-1.jpg 1200w, https:\/\/cdn3.ivivu.com\/2026\/02\/tour-chau-Au-9N8D-ivivu-10-1-458x305.jpg 458w, https:\/\/cdn3.ivivu.com\/2026\/02\/tour-chau-Au-9N8D-ivivu-10-1-1024x683.jpg 1024w, https:\/\/cdn3.ivivu.com\/2026\/02\/tour-chau-Au-9N8D-ivivu-10-1-768x512.jpg 768w\" sizes=\"(max-width: 1200px) 100vw, 1200px\" \/><p id=\"caption-attachment-523130\" class=\"wp-caption-text\">M\u1ed9t g\u00f3c th\u00e0nh ph\u1ed1 Lienz<\/p><\/div>\n<h4 style=\"text-align: justify;\">Ph\u1ed1 c\u1ed5 Lienz<\/h4>\n<p style=\"text-align: justify;\">Ph\u1ed1 c\u1ed5 Lienz h\u1ea5p d\u1eabn du kh\u00e1ch b\u1edfi nh\u1eefng con \u0111\u01b0\u1eddng l\u00e1t \u0111\u00e1, c\u00e1c t\u00f2a nh\u00e0 truy\u1ec1n th\u1ed1ng. \u0110\u00e2y l\u00e0 n\u01a1i l\u00fd t\u01b0\u1edfng \u0111\u1ec3 d\u1ea1o b\u1ed9, mua s\u1eafm qu\u00e0 l\u01b0u ni\u1ec7m v\u00e0 th\u01b0\u1edfng th\u1ee9c \u1ea9m th\u1ef1c \u0111\u1ecba ph\u01b0\u01a1ng.<\/p>\n<div id=\"attachment_523131\" style=\"width: 1090px\" class=\"wp-caption alignnone\"><img loading=\"lazy\" decoding=\"async\" aria-describedby=\"caption-attachment-523131\" class=\"wp-image-523131 size-full\" src=\"https:\/\/cdn3.ivivu.com\/2026\/02\/tour-chau-Au-9N8D-ivivu-11-1.jpg\" alt=\"\" width=\"1080\" height=\"1350\" srcset=\"https:\/\/cdn3.ivivu.com\/2026\/02\/tour-chau-Au-9N8D-ivivu-11-1.jpg 1080w, https:\/\/cdn3.ivivu.com\/2026\/02\/tour-chau-Au-9N8D-ivivu-11-1-244x305.jpg 244w, https:\/\/cdn3.ivivu.com\/2026\/02\/tour-chau-Au-9N8D-ivivu-11-1-819x1024.jpg 819w, https:\/\/cdn3.ivivu.com\/2026\/02\/tour-chau-Au-9N8D-ivivu-11-1-768x960.jpg 768w\" sizes=\"(max-width: 1080px) 100vw, 1080px\" \/><p id=\"caption-attachment-523131\" class=\"wp-caption-text\">Ph\u1ed1 c\u1ed5 Lienz<\/p><\/div>\n<h4 style=\"text-align: justify;\">C\u1ea7u Spitalsbr\u00fccke<\/h4>\n<p style=\"text-align: justify;\">C\u1ea7u Spitalsbr\u00fccke l\u00e0 c\u00e2y c\u1ea7u c\u1ed5 b\u1eafc qua d\u00f2ng s\u00f4ng Drava. \u0110\u00e2y l\u00e0 \u0111i\u1ec3m ch\u1ee5p \u1ea3nh y\u00eau th\u00edch, gi\u00fap du kh\u00e1ch l\u01b0u l\u1ea1i nh\u1eefng kho\u1ea3nh kh\u1eafc \u0111\u00e1ng nh\u1edb t\u1ea1i Lienz.<\/p>\n<div id=\"attachment_523073\" style=\"width: 1034px\" class=\"wp-caption aligncenter\"><img loading=\"lazy\" decoding=\"async\" aria-describedby=\"caption-attachment-523073\" class=\"size-large wp-image-523073\" src=\"https:\/\/cdn3.ivivu.com\/2026\/02\/tour-chau-au-9n8d-ivivu-11-1024x682.jpg\" alt=\"\" width=\"1024\" height=\"682\" srcset=\"https:\/\/cdn3.ivivu.com\/2026\/02\/tour-chau-au-9n8d-ivivu-11-1024x682.jpg 1024w, https:\/\/cdn3.ivivu.com\/2026\/02\/tour-chau-au-9n8d-ivivu-11-458x305.jpg 458w, https:\/\/cdn3.ivivu.com\/2026\/02\/tour-chau-au-9n8d-ivivu-11-768x512.jpg 768w, https:\/\/cdn3.ivivu.com\/2026\/02\/tour-chau-au-9n8d-ivivu-11-1536x1023.jpg 1536w, https:\/\/cdn3.ivivu.com\/2026\/02\/tour-chau-au-9n8d-ivivu-11.jpg 1600w\" sizes=\"(max-width: 1024px) 100vw, 1024px\" \/><p id=\"caption-attachment-523073\" class=\"wp-caption-text\">C\u1ea7u Spitalsbr\u00fccke<\/p><\/div>\n<h3 style=\"text-align: justify;\">\ud83c\uddee\ud83c\uddf9 \u00dd<\/h3>\n<h4 style=\"text-align: justify;\">Lago di Braies<\/h4>\n<p style=\"text-align: justify;\">H\u00e0nh tr\u00ecnh <em>tour ch\u00e2u \u00c2u 9N8\u0110<\/em> \u0111\u1ebfn \u0111\u1ea5t n\u01b0\u1edbc \u00dd xinh \u0111\u1eb9p. Tour \u0111\u01b0a b\u1ea1n \u0111\u1ebfn h\u1ed3 Lago di Braies, l\u00e0 h\u1ed3 n\u01b0\u1edbc n\u1ed5i ti\u1ebfng v\u1edbi m\u00e0u xanh ng\u1ecdc b\u00edch, n\u1eb1m gi\u1eefa d\u00e3y Dolomites. Khung c\u1ea3nh thi\u00ean nhi\u00ean n\u01a1i \u0111\u00e2y \u0111\u01b0\u1ee3c v\u00ed nh\u01b0 \u201cvi\u00ean ng\u1ecdc c\u1ee7a n\u01b0\u1edbc \u00dd\u201d.<\/p>\n<div id=\"attachment_523075\" style=\"width: 1034px\" class=\"wp-caption aligncenter\"><img loading=\"lazy\" decoding=\"async\" aria-describedby=\"caption-attachment-523075\" class=\"size-large wp-image-523075\" src=\"https:\/\/cdn3.ivivu.com\/2026\/02\/tour-chau-au-9n8d-ivivu-12-1024x576.jpg\" alt=\"\" width=\"1024\" height=\"576\" srcset=\"https:\/\/cdn3.ivivu.com\/2026\/02\/tour-chau-au-9n8d-ivivu-12-1024x576.jpg 1024w, https:\/\/cdn3.ivivu.com\/2026\/02\/tour-chau-au-9n8d-ivivu-12-540x305.jpg 540w, https:\/\/cdn3.ivivu.com\/2026\/02\/tour-chau-au-9n8d-ivivu-12-250x142.jpg 250w, https:\/\/cdn3.ivivu.com\/2026\/02\/tour-chau-au-9n8d-ivivu-12-768x432.jpg 768w, https:\/\/cdn3.ivivu.com\/2026\/02\/tour-chau-au-9n8d-ivivu-12-1536x864.jpg 1536w, https:\/\/cdn3.ivivu.com\/2026\/02\/tour-chau-au-9n8d-ivivu-12-2048x1152.jpg 2048w, https:\/\/cdn3.ivivu.com\/2026\/02\/tour-chau-au-9n8d-ivivu-12-750x422.jpg 750w, https:\/\/cdn3.ivivu.com\/2026\/02\/tour-chau-au-9n8d-ivivu-12-225x127.jpg 225w, https:\/\/cdn3.ivivu.com\/2026\/02\/tour-chau-au-9n8d-ivivu-12-370x208.jpg 370w, https:\/\/cdn3.ivivu.com\/2026\/02\/tour-chau-au-9n8d-ivivu-12-50x28.jpg 50w, https:\/\/cdn3.ivivu.com\/2026\/02\/tour-chau-au-9n8d-ivivu-12-107x60.jpg 107w, https:\/\/cdn3.ivivu.com\/2026\/02\/tour-chau-au-9n8d-ivivu-12-195x110.jpg 195w, https:\/\/cdn3.ivivu.com\/2026\/02\/tour-chau-au-9n8d-ivivu-12-220x125.jpg 220w, https:\/\/cdn3.ivivu.com\/2026\/02\/tour-chau-au-9n8d-ivivu-12-400x225.jpg 400w, https:\/\/cdn3.ivivu.com\/2026\/02\/tour-chau-au-9n8d-ivivu-12-140x80.jpg 140w\" sizes=\"(max-width: 1024px) 100vw, 1024px\" \/><p id=\"caption-attachment-523075\" class=\"wp-caption-text\">H\u1ed3 Lago di Braies<\/p><\/div>\n<h4 style=\"text-align: justify;\">H\u1ed3 Misurina<\/h4>\n<p style=\"text-align: justify;\">H\u1ed3 Misurina n\u1eb1m \u1edf \u0111\u1ed9 cao h\u01a1n 1.700m, \u0111\u01b0\u1ee3c bao quanh b\u1edfi n\u00fai non h\u00f9ng v\u0129. M\u1eb7t h\u1ed3 ph\u1eb3ng l\u1eb7ng ph\u1ea3n chi\u1ebfu c\u1ea3nh v\u1eadt xung quanh, t\u1ea1o n\u00ean khung c\u1ea3nh th\u01a1 m\u1ed9ng.<\/p>\n<div id=\"attachment_523076\" style=\"width: 1034px\" class=\"wp-caption aligncenter\"><img loading=\"lazy\" decoding=\"async\" aria-describedby=\"caption-attachment-523076\" class=\"size-large wp-image-523076\" src=\"https:\/\/cdn3.ivivu.com\/2026\/02\/tour-chau-au-9n8d-ivivu-13-1024x683.jpg\" alt=\"\" width=\"1024\" height=\"683\" srcset=\"https:\/\/cdn3.ivivu.com\/2026\/02\/tour-chau-au-9n8d-ivivu-13-1024x683.jpg 1024w, https:\/\/cdn3.ivivu.com\/2026\/02\/tour-chau-au-9n8d-ivivu-13-457x305.jpg 457w, https:\/\/cdn3.ivivu.com\/2026\/02\/tour-chau-au-9n8d-ivivu-13-768x512.jpg 768w, https:\/\/cdn3.ivivu.com\/2026\/02\/tour-chau-au-9n8d-ivivu-13-1536x1024.jpg 1536w, https:\/\/cdn3.ivivu.com\/2026\/02\/tour-chau-au-9n8d-ivivu-13-2048x1366.jpg 2048w\" sizes=\"(max-width: 1024px) 100vw, 1024px\" \/><p id=\"caption-attachment-523076\" class=\"wp-caption-text\">H\u1ed3 Misurina th\u01a1 m\u1ed9ng<\/p><\/div>\n<h4 style=\"text-align: justify;\">Cung \u0111\u01b0\u1eddng \u0111i b\u1ed9 Tre Cime di Lavaredo<\/h4>\n<p style=\"text-align: justify;\">Tre Cime di Lavaredo l\u00e0 cung \u0111\u01b0\u1eddng trekking n\u1ed5i ti\u1ebfng nh\u1ea5t v\u00f9ng Dolomites, v\u1edbi ba \u0111\u1ec9nh n\u00fai \u0111\u00e1 s\u1eebng s\u1eefng. \u0110\u00e2y l\u00e0 tr\u1ea3i nghi\u1ec7m kh\u00f4ng th\u1ec3 thi\u1ebfu d\u00e0nh cho nh\u1eefng ai y\u00eau thi\u00ean nhi\u00ean ngo\u1ea1n m\u1ee5c.<\/p>\n<div id=\"attachment_523078\" style=\"width: 1034px\" class=\"wp-caption aligncenter\"><img loading=\"lazy\" decoding=\"async\" aria-describedby=\"caption-attachment-523078\" class=\"size-large wp-image-523078\" src=\"https:\/\/cdn3.ivivu.com\/2026\/02\/tour-chau-au-9n8d-ivivu-14-1024x682.jpg\" alt=\"\" width=\"1024\" height=\"682\" srcset=\"https:\/\/cdn3.ivivu.com\/2026\/02\/tour-chau-au-9n8d-ivivu-14-1024x682.jpg 1024w, https:\/\/cdn3.ivivu.com\/2026\/02\/tour-chau-au-9n8d-ivivu-14-458x305.jpg 458w, https:\/\/cdn3.ivivu.com\/2026\/02\/tour-chau-au-9n8d-ivivu-14-768x512.jpg 768w, https:\/\/cdn3.ivivu.com\/2026\/02\/tour-chau-au-9n8d-ivivu-14.jpg 1400w\" sizes=\"(max-width: 1024px) 100vw, 1024px\" \/><p id=\"caption-attachment-523078\" class=\"wp-caption-text\">Tre Cime di Lavaredo<\/p><\/div>\n<h4 style=\"text-align: justify;\">Thung l\u0169ng Val di Funes<\/h4>\n<p style=\"text-align: justify;\">Val di Funes n\u1ed5i ti\u1ebfng v\u1edbi nh\u1eefng \u0111\u1ed3ng c\u1ecf xanh m\u01b0\u1edbt, ng\u00f4i nh\u00e0 g\u1ed7 nh\u1ecf xinh v\u00e0 nh\u00e0 th\u1edd c\u1ed5 gi\u1eefa thung l\u0169ng. Khung c\u1ea3nh n\u01a1i \u0111\u00e2y \u0111\u01b0\u1ee3c xem l\u00e0 bi\u1ec3u t\u01b0\u1ee3ng c\u1ee7a v\u00f9ng Nam Tyrol.<\/p>\n<div id=\"attachment_523079\" style=\"width: 1034px\" class=\"wp-caption aligncenter\"><img loading=\"lazy\" decoding=\"async\" aria-describedby=\"caption-attachment-523079\" class=\"size-large wp-image-523079\" src=\"https:\/\/cdn3.ivivu.com\/2026\/02\/tour-chau-au-9n8d-ivivu-15-1024x773.jpg\" alt=\"\" width=\"1024\" height=\"773\" srcset=\"https:\/\/cdn3.ivivu.com\/2026\/02\/tour-chau-au-9n8d-ivivu-15-1024x773.jpg 1024w, https:\/\/cdn3.ivivu.com\/2026\/02\/tour-chau-au-9n8d-ivivu-15-404x305.jpg 404w, https:\/\/cdn3.ivivu.com\/2026\/02\/tour-chau-au-9n8d-ivivu-15-768x580.jpg 768w, https:\/\/cdn3.ivivu.com\/2026\/02\/tour-chau-au-9n8d-ivivu-15.jpg 1440w\" sizes=\"(max-width: 1024px) 100vw, 1024px\" \/><p id=\"caption-attachment-523079\" class=\"wp-caption-text\">Thung l\u0169ng Val di Funes<\/p><\/div>\n<h4 style=\"text-align: justify;\">Th\u1ecb tr\u1ea5n Ortisei<\/h4>\n<p style=\"text-align: justify;\">Ortisei l\u00e0 th\u1ecb tr\u1ea5n duy\u00ean d\u00e1ng n\u1eb1m gi\u1eefa d\u00e3y Dolomites, n\u1ed5i ti\u1ebfng v\u1edbi ngh\u1ec7 thu\u1eadt \u0111i\u00eau kh\u1eafc g\u1ed7 truy\u1ec1n th\u1ed1ng. \u0110\u00e2y c\u0169ng l\u00e0 \u0111i\u1ec3m xu\u1ea5t ph\u00e1t l\u00fd t\u01b0\u1edfng \u0111\u1ec3 kh\u00e1m ph\u00e1 c\u00e1c tuy\u1ebfn c\u00e1p treo.<\/p>\n<div id=\"attachment_523080\" style=\"width: 1034px\" class=\"wp-caption aligncenter\"><img loading=\"lazy\" decoding=\"async\" aria-describedby=\"caption-attachment-523080\" class=\"size-large wp-image-523080\" src=\"https:\/\/cdn3.ivivu.com\/2026\/02\/tour-chau-au-9n8d-ivivu-16-1024x576.jpg\" alt=\"\" width=\"1024\" height=\"576\" srcset=\"https:\/\/cdn3.ivivu.com\/2026\/02\/tour-chau-au-9n8d-ivivu-16-1024x576.jpg 1024w, https:\/\/cdn3.ivivu.com\/2026\/02\/tour-chau-au-9n8d-ivivu-16-540x305.jpg 540w, https:\/\/cdn3.ivivu.com\/2026\/02\/tour-chau-au-9n8d-ivivu-16-250x142.jpg 250w, https:\/\/cdn3.ivivu.com\/2026\/02\/tour-chau-au-9n8d-ivivu-16-768x432.jpg 768w, https:\/\/cdn3.ivivu.com\/2026\/02\/tour-chau-au-9n8d-ivivu-16-750x422.jpg 750w, https:\/\/cdn3.ivivu.com\/2026\/02\/tour-chau-au-9n8d-ivivu-16-225x127.jpg 225w, https:\/\/cdn3.ivivu.com\/2026\/02\/tour-chau-au-9n8d-ivivu-16-370x208.jpg 370w, https:\/\/cdn3.ivivu.com\/2026\/02\/tour-chau-au-9n8d-ivivu-16-50x28.jpg 50w, https:\/\/cdn3.ivivu.com\/2026\/02\/tour-chau-au-9n8d-ivivu-16-107x60.jpg 107w, https:\/\/cdn3.ivivu.com\/2026\/02\/tour-chau-au-9n8d-ivivu-16-195x110.jpg 195w, https:\/\/cdn3.ivivu.com\/2026\/02\/tour-chau-au-9n8d-ivivu-16-220x125.jpg 220w, https:\/\/cdn3.ivivu.com\/2026\/02\/tour-chau-au-9n8d-ivivu-16-400x225.jpg 400w, https:\/\/cdn3.ivivu.com\/2026\/02\/tour-chau-au-9n8d-ivivu-16-140x80.jpg 140w, https:\/\/cdn3.ivivu.com\/2026\/02\/tour-chau-au-9n8d-ivivu-16.jpg 1440w\" sizes=\"(max-width: 1024px) 100vw, 1024px\" \/><p id=\"caption-attachment-523080\" class=\"wp-caption-text\">Th\u1ecb tr\u1ea5n Ortisei<\/p><\/div>\n<h4 style=\"text-align: justify;\">N\u00fai Seceda<\/h4>\n<p style=\"text-align: justify;\">Seceda g\u00e2y \u1ea5n t\u01b0\u1ee3ng m\u1ea1nh v\u1edbi nh\u1eefng v\u00e1ch n\u00fai d\u1ef1ng \u0111\u1ee9ng v\u00e0 t\u1ea7m nh\u00ecn ngo\u1ea1n m\u1ee5c ra to\u00e0n b\u1ed9 d\u00e3y Dolomites. \u0110\u00e2y l\u00e0 \u0111i\u1ec3m check-in tuy\u1ec7t \u0111\u1eb9p c\u1ee7a thi\u00ean nhi\u00ean n\u01b0\u1edbc \u00dd.<\/p>\n<div id=\"attachment_523081\" style=\"width: 1034px\" class=\"wp-caption aligncenter\"><img loading=\"lazy\" decoding=\"async\" aria-describedby=\"caption-attachment-523081\" class=\"size-large wp-image-523081\" src=\"https:\/\/cdn3.ivivu.com\/2026\/02\/tour-chau-au-9n8d-ivivu-17-1024x768.jpg\" alt=\"\" width=\"1024\" height=\"768\" srcset=\"https:\/\/cdn3.ivivu.com\/2026\/02\/tour-chau-au-9n8d-ivivu-17-1024x768.jpg 1024w, https:\/\/cdn3.ivivu.com\/2026\/02\/tour-chau-au-9n8d-ivivu-17-407x305.jpg 407w, https:\/\/cdn3.ivivu.com\/2026\/02\/tour-chau-au-9n8d-ivivu-17-768x576.jpg 768w, https:\/\/cdn3.ivivu.com\/2026\/02\/tour-chau-au-9n8d-ivivu-17-1536x1152.jpg 1536w, https:\/\/cdn3.ivivu.com\/2026\/02\/tour-chau-au-9n8d-ivivu-17-2048x1536.jpg 2048w\" sizes=\"(max-width: 1024px) 100vw, 1024px\" \/><p id=\"caption-attachment-523081\" class=\"wp-caption-text\">N\u00fai Seceda tuy\u1ec7t \u0111\u1eb9p<\/p><\/div>\n<h4 style=\"text-align: justify;\">Piazza delle Erbe<\/h4>\n<p style=\"text-align: justify;\">Piazza delle Erbe l\u00e0 qu\u1ea3ng tr\u01b0\u1eddng trung t\u00e2m nh\u1ed9n nh\u1ecbp, n\u01a1i giao thoa gi\u1eefa l\u1ecbch s\u1eed v\u00e0 \u0111\u1eddi s\u1ed1ng hi\u1ec7n \u0111\u1ea1i. C\u00e1c t\u00f2a nh\u00e0 c\u1ed5 k\u00ednh, qu\u00e1n c\u00e0 ph\u00ea v\u00e0 ch\u1ee3 t\u1ea1o n\u00ean kh\u00f4ng kh\u00ed s\u00f4i \u0111\u1ed9ng.<\/p>\n<div id=\"attachment_523083\" style=\"width: 1034px\" class=\"wp-caption aligncenter\"><img loading=\"lazy\" decoding=\"async\" aria-describedby=\"caption-attachment-523083\" class=\"size-full wp-image-523083\" src=\"https:\/\/cdn3.ivivu.com\/2026\/02\/tour-chau-au-9n8d-ivivu-18-1.jpg\" alt=\"\" width=\"1024\" height=\"683\" srcset=\"https:\/\/cdn3.ivivu.com\/2026\/02\/tour-chau-au-9n8d-ivivu-18-1.jpg 1024w, https:\/\/cdn3.ivivu.com\/2026\/02\/tour-chau-au-9n8d-ivivu-18-1-457x305.jpg 457w, https:\/\/cdn3.ivivu.com\/2026\/02\/tour-chau-au-9n8d-ivivu-18-1-768x512.jpg 768w\" sizes=\"(max-width: 1024px) 100vw, 1024px\" \/><p id=\"caption-attachment-523083\" class=\"wp-caption-text\">Qu\u1ea3ng tr\u01b0\u1eddng Piazza delle Erbe<\/p><\/div>\n<h4 style=\"text-align: justify;\">Ng\u00f4i nh\u00e0 c\u1ee7a Juliet<\/h4>\n<p style=\"text-align: justify;\">Ng\u00f4i nh\u00e0 c\u1ee7a Juliet l\u00e0 \u0111\u1ecba \u0111i\u1ec3m g\u1eafn li\u1ec1n v\u1edbi c\u00e2u chuy\u1ec7n t\u00ecnh b\u1ea5t h\u1ee7 Romeo &amp; Juliet c\u1ee7a Shakespeare. Ban c\u00f4ng n\u1ed5i ti\u1ebfng n\u01a1i \u0111\u00e2y thu h\u00fat du kh\u00e1ch \u0111\u1ebfn tham quan v\u00e0 c\u1ea7u mong may m\u1eafn trong t\u00ecnh y\u00eau.<\/p>\n<div id=\"attachment_523084\" style=\"width: 1034px\" class=\"wp-caption aligncenter\"><img loading=\"lazy\" decoding=\"async\" aria-describedby=\"caption-attachment-523084\" class=\"size-large wp-image-523084\" src=\"https:\/\/cdn3.ivivu.com\/2026\/02\/tour-chau-au-9n8d-ivivu-19-1024x685.jpg\" alt=\"\" width=\"1024\" height=\"685\" srcset=\"https:\/\/cdn3.ivivu.com\/2026\/02\/tour-chau-au-9n8d-ivivu-19-1024x685.jpg 1024w, https:\/\/cdn3.ivivu.com\/2026\/02\/tour-chau-au-9n8d-ivivu-19-456x305.jpg 456w, https:\/\/cdn3.ivivu.com\/2026\/02\/tour-chau-au-9n8d-ivivu-19-768x514.jpg 768w, https:\/\/cdn3.ivivu.com\/2026\/02\/tour-chau-au-9n8d-ivivu-19-1536x1028.jpg 1536w, https:\/\/cdn3.ivivu.com\/2026\/02\/tour-chau-au-9n8d-ivivu-19.jpg 2000w\" sizes=\"(max-width: 1024px) 100vw, 1024px\" \/><p id=\"caption-attachment-523084\" class=\"wp-caption-text\">Ng\u00f4i nh\u00e0 c\u1ee7a Juliet<\/p><\/div>\n<h4 style=\"text-align: justify;\">\u0110\u1ea5u tr\u01b0\u1eddng Verona<\/h4>\n<p style=\"text-align: justify;\">\u0110\u1ea5u tr\u01b0\u1eddng Verona l\u00e0 c\u00f4ng tr\u00ecnh La M\u00e3 c\u1ed5 \u0111\u1ea1i c\u00f2n t\u1ed3n t\u1ea1i g\u1ea7n nh\u01b0 nguy\u00ean v\u1eb9n, n\u1ed5i ti\u1ebfng v\u1edbi c\u00e1c bu\u1ed5i bi\u1ec3u di\u1ec5n opera ngo\u00e0i tr\u1eddi. \u0110\u00e2y l\u00e0 bi\u1ec3u t\u01b0\u1ee3ng l\u1ecbch s\u1eed v\u00e0 v\u0103n h\u00f3a c\u1ee7a th\u00e0nh ph\u1ed1 Verona.<\/p>\n<div id=\"attachment_523086\" style=\"width: 1034px\" class=\"wp-caption aligncenter\"><img loading=\"lazy\" decoding=\"async\" aria-describedby=\"caption-attachment-523086\" class=\"size-large wp-image-523086\" src=\"https:\/\/cdn3.ivivu.com\/2026\/02\/tour-chau-au-9n8d-ivivu-20-1024x683.jpg\" alt=\"\" width=\"1024\" height=\"683\" srcset=\"https:\/\/cdn3.ivivu.com\/2026\/02\/tour-chau-au-9n8d-ivivu-20-1024x683.jpg 1024w, https:\/\/cdn3.ivivu.com\/2026\/02\/tour-chau-au-9n8d-ivivu-20-458x305.jpg 458w, https:\/\/cdn3.ivivu.com\/2026\/02\/tour-chau-au-9n8d-ivivu-20-768x512.jpg 768w, https:\/\/cdn3.ivivu.com\/2026\/02\/tour-chau-au-9n8d-ivivu-20.jpg 1200w\" sizes=\"(max-width: 1024px) 100vw, 1024px\" \/><p id=\"caption-attachment-523086\" class=\"wp-caption-text\">\u0110\u1ea5u tr\u01b0\u1eddng Verona<\/p><\/div>\n<h4 style=\"text-align: justify;\">S\u00e2n v\u1eadn \u0111\u1ed9ng San Siro<\/h4>\n<p style=\"text-align: justify;\">San Siro l\u00e0 m\u1ed9t trong nh\u1eefng s\u00e2n v\u1eadn \u0111\u1ed9ng b\u00f3ng \u0111\u00e1 n\u1ed5i ti\u1ebfng nh\u1ea5t th\u1ebf gi\u1edbi, s\u00e2n nh\u00e0 c\u1ee7a hai c\u00e2u l\u1ea1c b\u1ed9 AC Milan v\u00e0 Inter Milan. \u0110\u00e2y l\u00e0 \u0111i\u1ec3m \u0111\u1ebfn kh\u00f4ng th\u1ec3 b\u1ecf qua \u0111\u1ed1i v\u1edbi nh\u1eefng ng\u01b0\u1eddi y\u00eau b\u00f3ng \u0111\u00e1 trong tour ch\u00e2u \u00c2u 9N8\u0110.<\/p>\n<div id=\"attachment_523087\" style=\"width: 1034px\" class=\"wp-caption aligncenter\"><img loading=\"lazy\" decoding=\"async\" aria-describedby=\"caption-attachment-523087\" class=\"size-large wp-image-523087\" src=\"https:\/\/cdn3.ivivu.com\/2026\/02\/tour-chau-au-9n8d-ivivu-21-1024x682.jpg\" alt=\"\" width=\"1024\" height=\"682\" srcset=\"https:\/\/cdn3.ivivu.com\/2026\/02\/tour-chau-au-9n8d-ivivu-21-1024x682.jpg 1024w, https:\/\/cdn3.ivivu.com\/2026\/02\/tour-chau-au-9n8d-ivivu-21-458x305.jpg 458w, https:\/\/cdn3.ivivu.com\/2026\/02\/tour-chau-au-9n8d-ivivu-21-768x512.jpg 768w, https:\/\/cdn3.ivivu.com\/2026\/02\/tour-chau-au-9n8d-ivivu-21-1536x1024.jpg 1536w, https:\/\/cdn3.ivivu.com\/2026\/02\/tour-chau-au-9n8d-ivivu-21.jpg 2000w\" sizes=\"(max-width: 1024px) 100vw, 1024px\" \/><p id=\"caption-attachment-523087\" class=\"wp-caption-text\">S\u00e2n v\u1eadn \u0111\u1ed9ng San Siro<\/p><\/div>\n<h4 style=\"text-align: justify;\">Ph\u00e1o \u0111\u00e0i Sforzesco<\/h4>\n<p style=\"text-align: justify;\">Ph\u00e1o \u0111\u00e0i Sforzesco l\u00e0 c\u00f4ng tr\u00ecnh l\u1ecbch s\u1eed quan tr\u1ecdng c\u1ee7a Milan, t\u1eebng l\u00e0 n\u01a1i \u1edf c\u1ee7a c\u00e1c c\u00f4ng t\u01b0\u1edbc quy\u1ec1n l\u1ef1c. Ng\u00e0y nay, ph\u00e1o \u0111\u00e0i l\u00e0 t\u1ed5 h\u1ee3p b\u1ea3o t\u00e0ng v\u00e0 kh\u00f4ng gian v\u0103n h\u00f3a n\u1ed5i b\u1eadt c\u1ee7a th\u00e0nh ph\u1ed1.<\/p>\n<div id=\"attachment_523088\" style=\"width: 910px\" class=\"wp-caption aligncenter\"><img loading=\"lazy\" decoding=\"async\" aria-describedby=\"caption-attachment-523088\" class=\"size-full wp-image-523088\" src=\"https:\/\/cdn3.ivivu.com\/2026\/02\/tour-chau-au-9n8d-ivivu-22.jpg\" alt=\"\" width=\"900\" height=\"563\" srcset=\"https:\/\/cdn3.ivivu.com\/2026\/02\/tour-chau-au-9n8d-ivivu-22.jpg 900w, https:\/\/cdn3.ivivu.com\/2026\/02\/tour-chau-au-9n8d-ivivu-22-488x305.jpg 488w, https:\/\/cdn3.ivivu.com\/2026\/02\/tour-chau-au-9n8d-ivivu-22-768x480.jpg 768w\" sizes=\"(max-width: 900px) 100vw, 900px\" \/><p id=\"caption-attachment-523088\" class=\"wp-caption-text\">Ph\u00e1o \u0111\u00e0i Sforzesco<\/p><\/div>\n<h4 style=\"text-align: justify;\">Nh\u00e0 th\u1edd l\u1edbn Milan \u2013 Duomo<\/h4>\n<p style=\"text-align: justify;\">Nh\u00e0 th\u1edd Duomo Milan l\u00e0 ki\u1ec7t t\u00e1c ki\u1ebfn tr\u00fac Gothic v\u1edbi h\u00e0ng tr\u0103m ng\u1ecdn th\u00e1p \u0111\u00e1 tinh x\u1ea3o. \u0110\u00e2y l\u00e0 m\u1ed9t trong nh\u1eefng nh\u00e0 th\u1edd l\u1edbn, \u1ea5n t\u01b0\u1ee3ng nh\u1ea5t ch\u00e2u \u00c2u.<\/p>\n<div id=\"attachment_523089\" style=\"width: 1034px\" class=\"wp-caption aligncenter\"><img loading=\"lazy\" decoding=\"async\" aria-describedby=\"caption-attachment-523089\" class=\"size-large wp-image-523089\" src=\"https:\/\/cdn3.ivivu.com\/2026\/02\/tour-chau-au-9n8d-ivivu-23-1024x683.jpg\" alt=\"\" width=\"1024\" height=\"683\" srcset=\"https:\/\/cdn3.ivivu.com\/2026\/02\/tour-chau-au-9n8d-ivivu-23-1024x683.jpg 1024w, https:\/\/cdn3.ivivu.com\/2026\/02\/tour-chau-au-9n8d-ivivu-23-457x305.jpg 457w, https:\/\/cdn3.ivivu.com\/2026\/02\/tour-chau-au-9n8d-ivivu-23-768x512.jpg 768w, https:\/\/cdn3.ivivu.com\/2026\/02\/tour-chau-au-9n8d-ivivu-23-1536x1024.jpg 1536w, https:\/\/cdn3.ivivu.com\/2026\/02\/tour-chau-au-9n8d-ivivu-23-2048x1366.jpg 2048w\" sizes=\"(max-width: 1024px) 100vw, 1024px\" \/><p id=\"caption-attachment-523089\" class=\"wp-caption-text\">Nh\u00e0 th\u1edd Duomo Milan<\/p><\/div>\n<p><strong>\ud83c\udf38Click \u0111\u1eb7t tour ch\u00e2u \u00c2u:<\/strong><\/p>\n<p><a href=\"https:\/\/www.ivivu.com\/du-lich\/tour-chau-au-9n8d-hcm-sec-ao-y\/5202?utm_source=blog_ivivu&amp;utm_medium=post_link&amp;utm_campaign=internal\" target=\"_blank\" rel=\"noopener\"><img loading=\"lazy\" decoding=\"async\" class=\"size-full wp-image-523053 aligncenter\" src=\"https:\/\/cdn3.ivivu.com\/2026\/02\/tour-chau-au.jpg\" alt=\"\" width=\"770\" height=\"190\" srcset=\"https:\/\/cdn3.ivivu.com\/2026\/02\/tour-chau-au.jpg 770w, https:\/\/cdn3.ivivu.com\/2026\/02\/tour-chau-au-540x133.jpg 540w, https:\/\/cdn3.ivivu.com\/2026\/02\/tour-chau-au-768x190.jpg 768w\" sizes=\"(max-width: 770px) 100vw, 770px\" \/><\/a><\/p>\n<p style=\"text-align: right;\" data-start=\"211\" data-end=\"596\"><em><strong>Theo iVIVU.com<\/strong><\/em><\/p>\n<p data-start=\"211\" data-end=\"596\"><div class=\"ltt-contentbox white\"><\/span><\/p>\n<p data-start=\"211\" data-end=\"596\"><strong>Xem th\u00eam b\u00e0i vi\u1ebft:<\/strong><\/p>\n<p><strong><a href=\"https:\/\/www.ivivu.com\/blog\/2024\/12\/ruc-ro-dau-nam-voi-8-diem-ngam-phao-hoa-tren-the-gioi\/\" target=\"_blank\" rel=\"noopener\">R\u1ef1c r\u1ee1 \u0111\u1ea7u n\u0103m v\u1edbi 8 \u0111i\u1ec3m ng\u1eafm ph\u00e1o hoa tr\u00ean th\u1ebf gi\u1edbi<\/a><\/strong><\/p>\n<p><strong><a href=\"https:\/\/www.ivivu.com\/blog\/2024\/11\/vong-quanh-nuoc-duc-tham-5-diem-den-munich-noi-bat\/\" target=\"_blank\" rel=\"noopener\">V\u00f2ng quanh n\u01b0\u1edbc \u0110\u1ee9c: Th\u0103m 5 \u0111i\u1ec3m \u0111\u1ebfn Munich n\u1ed5i b\u1eadt<\/a><\/strong><\/p>\n<p class=\"entry-title\"><strong><a href=\"https:\/\/www.ivivu.com\/blog\/2026\/01\/10-thanh-pho-van-hoc-o-chau-au-cho-nhung-tin-do-yeu-sach\/\" target=\"_blank\" rel=\"noopener\">10 Th\u00e0nh ph\u1ed1 V\u0103n h\u1ecdc \u1edf ch\u00e2u \u00c2u cho nh\u1eefng t\u00edn \u0111\u1ed3 y\u00eau s\u00e1ch<\/a><\/strong><\/p>\n<p data-start=\"211\" data-end=\"596\"><\/div><\/p>\n<h3 style=\"text-align: center;\" data-start=\"211\" data-end=\"596\"><div class=\"ltt-contentbox white\"><\/span><strong>Click \u0111\u1eb7t ngay\u00a0<a href=\"https:\/\/www.ivivu.com\/?utm_source=blog_ivivu&amp;utm_medium=post_link&amp;utm_campaign=internal\" target=\"_blank\" rel=\"noopener\">kh\u00e1ch s\u1ea1n\u00a0Vi\u1ec7t Nam v\u00e0 qu\u1ed1c t\u1ebf<\/a>\u00a0gi\u00e1 t\u1ed1t t\u1ea1i iVIVU.com!<\/strong><\/div><\/h3>\n<p>***<\/p>\n<p><strong>Tham kh\u1ea3o:\u00a0<a href=\"https:\/\/www.ivivu.com\/blog\" target=\"_blank\" rel=\"noopener\">C\u1ea9m nang du l\u1ecbch iVIVU.com<\/a><\/strong><\/p>\n","protected":false},"excerpt":{"rendered":"<p>H\u00e0nh tr\u00ecnh tour ch\u00e2u \u00c2u 9N8\u0110 \u0111\u01b0a b\u1ea1n qua c\u1ed9ng h\u00f2a Czech c\u1ed5 k\u00ednh, \u00c1o th\u01a1 m\u1ed9ng v\u00e0 \u00dd l\u00e3ng m\u1ea1n v\u1edbi c\u00e1c \u0111i\u1ec3m tham quan n\u1ed5i ti\u1ebfng nh\u1ea5t ch\u00e2u \u00c2u.<\/p>\n","protected":false},"author":64,"featured_media":523076,"comment_status":"closed","ping_status":"open","sticky":false,"template":"","format":"standard","meta":{"_acf_changed":false,"footnotes":""},"categories":[247,795,14742,13533],"tags":[11493,319,17209,125,1351,18355,45869],"acf":[],"yoast_head":"<!-- This site is optimized with the Yoast SEO Premium plugin v22.6 (Yoast SEO v22.6) - https:\/\/yoast.com\/wordpress\/plugins\/seo\/ -->\n<title>Tour ch\u00e2u \u00c2u: du ngo\u1ea1n Czech c\u1ed5 k\u00ednh, \u00c1o th\u01a1 m\u1ed9ng v\u00e0 \u00dd tr\u00e1ng l\u1ec7<\/title>\n<meta name=\"description\" content=\"H\u00e0nh tr\u00ecnh tour ch\u00e2u \u00c2u 9N8\u0110 \u0111\u01b0a b\u1ea1n qua c\u1ed9ng h\u00f2a Czech c\u1ed5 k\u00ednh, \u00c1o th\u01a1 m\u1ed9ng v\u00e0 \u00dd l\u00e3ng m\u1ea1n v\u1edbi c\u00e1c \u0111i\u1ec3m tham quan n\u1ed5i ti\u1ebfng nh\u1ea5t ch\u00e2u \u00c2u.\" \/>\n<meta name=\"robots\" content=\"index, follow, max-snippet:-1, max-image-preview:large, max-video-preview:-1\" \/>\n<link rel=\"canonical\" href=\"https:\/\/www.ivivu.com\/blog\/2026\/02\/tour-chau-au-9n8d-lac-buoc-giua-czech-co-kinh-ao-tho-mong-va-y-trang-le\/\" \/>\n<meta name=\"twitter:label1\" content=\"\u0110\u01b0\u1ee3c vi\u1ebft b\u1edfi\" \/>\n\t<meta name=\"twitter:data1\" content=\"B\u00edch Tr\u00e2m Ch\u00e2u Th\u1ecb\" \/>\n\t<meta name=\"twitter:label2\" content=\"\u01af\u1edbc t\u00ednh th\u1eddi gian \u0111\u1ecdc\" \/>\n\t<meta name=\"twitter:data2\" content=\"13 ph\u00fat\" \/>\n<script type=\"application\/ld+json\" class=\"yoast-schema-graph\">{\"@context\":\"https:\/\/schema.org\",\"@graph\":[{\"@type\":\"Article\",\"@id\":\"https:\/\/www.ivivu.com\/blog\/2026\/02\/tour-chau-au-9n8d-lac-buoc-giua-czech-co-kinh-ao-tho-mong-va-y-trang-le\/#article\",\"isPartOf\":{\"@id\":\"https:\/\/www.ivivu.com\/blog\/2026\/02\/tour-chau-au-9n8d-lac-buoc-giua-czech-co-kinh-ao-tho-mong-va-y-trang-le\/\"},\"author\":{\"name\":\"B\u00edch Tr\u00e2m Ch\u00e2u Th\u1ecb\",\"@id\":\"https:\/\/www.ivivu.com\/blog\/#\/schema\/person\/5f2922ecdf4990921e5ce852233c0c13\"},\"headline\":\"Tour ch\u00e2u \u00c2u 9N8\u0110: L\u1ea1c b\u01b0\u1edbc gi\u1eefa Czech c\u1ed5 k\u00ednh, \u00c1o th\u01a1 m\u1ed9ng v\u00e0 \u00dd tr\u00e1ng l\u1ec7\",\"datePublished\":\"2026-02-23T00:57:03+00:00\",\"dateModified\":\"2026-02-09T06:40:32+00:00\",\"mainEntityOfPage\":{\"@id\":\"https:\/\/www.ivivu.com\/blog\/2026\/02\/tour-chau-au-9n8d-lac-buoc-giua-czech-co-kinh-ao-tho-mong-va-y-trang-le\/\"},\"wordCount\":2000,\"publisher\":{\"@id\":\"https:\/\/www.ivivu.com\/blog\/#organization\"},\"image\":{\"@id\":\"https:\/\/www.ivivu.com\/blog\/2026\/02\/tour-chau-au-9n8d-lac-buoc-giua-czech-co-kinh-ao-tho-mong-va-y-trang-le\/#primaryimage\"},\"thumbnailUrl\":\"https:\/\/cdn3.ivivu.com\/2026\/02\/tour-chau-au-9n8d-ivivu-13.jpg\",\"keywords\":[\"du l\u1ecbch \u1ea3o\",\"Du l\u1ecbch ch\u00e2u \u00e2u\",\"du l\u1ecbch Czech\",\"du l\u1ecbch n\u01b0\u1edbc ngo\u00e0i\",\"du l\u1ecbch \u00dd\",\"tour ch\u00e2u \u00c2u\",\"tour ch\u00e2u \u00e2u 9n8\u0111\"],\"articleSection\":[\"Ch\u00e2u \u00c2u\",\"\u0110i\u1ec3m \u0111\u1ebfn\",\"N\u1ed5i B\u1eadt 2\",\"Tour du l\u1ecbch\"],\"inLanguage\":\"vi\"},{\"@type\":\"WebPage\",\"@id\":\"https:\/\/www.ivivu.com\/blog\/2026\/02\/tour-chau-au-9n8d-lac-buoc-giua-czech-co-kinh-ao-tho-mong-va-y-trang-le\/\",\"url\":\"https:\/\/www.ivivu.com\/blog\/2026\/02\/tour-chau-au-9n8d-lac-buoc-giua-czech-co-kinh-ao-tho-mong-va-y-trang-le\/\",\"name\":\"Tour ch\u00e2u \u00c2u: du ngo\u1ea1n Czech c\u1ed5 k\u00ednh, \u00c1o th\u01a1 m\u1ed9ng v\u00e0 \u00dd tr\u00e1ng l\u1ec7\",\"isPartOf\":{\"@id\":\"https:\/\/www.ivivu.com\/blog\/#website\"},\"primaryImageOfPage\":{\"@id\":\"https:\/\/www.ivivu.com\/blog\/2026\/02\/tour-chau-au-9n8d-lac-buoc-giua-czech-co-kinh-ao-tho-mong-va-y-trang-le\/#primaryimage\"},\"image\":{\"@id\":\"https:\/\/www.ivivu.com\/blog\/2026\/02\/tour-chau-au-9n8d-lac-buoc-giua-czech-co-kinh-ao-tho-mong-va-y-trang-le\/#primaryimage\"},\"thumbnailUrl\":\"https:\/\/cdn3.ivivu.com\/2026\/02\/tour-chau-au-9n8d-ivivu-13.jpg\",\"datePublished\":\"2026-02-23T00:57:03+00:00\",\"dateModified\":\"2026-02-09T06:40:32+00:00\",\"description\":\"H\u00e0nh tr\u00ecnh tour ch\u00e2u \u00c2u 9N8\u0110 \u0111\u01b0a b\u1ea1n qua c\u1ed9ng h\u00f2a Czech c\u1ed5 k\u00ednh, \u00c1o th\u01a1 m\u1ed9ng v\u00e0 \u00dd l\u00e3ng m\u1ea1n v\u1edbi c\u00e1c \u0111i\u1ec3m tham quan n\u1ed5i ti\u1ebfng nh\u1ea5t ch\u00e2u \u00c2u.\",\"breadcrumb\":{\"@id\":\"https:\/\/www.ivivu.com\/blog\/2026\/02\/tour-chau-au-9n8d-lac-buoc-giua-czech-co-kinh-ao-tho-mong-va-y-trang-le\/#breadcrumb\"},\"inLanguage\":\"vi\",\"potentialAction\":[{\"@type\":\"ReadAction\",\"target\":[\"https:\/\/www.ivivu.com\/blog\/2026\/02\/tour-chau-au-9n8d-lac-buoc-giua-czech-co-kinh-ao-tho-mong-va-y-trang-le\/\"]}]},{\"@type\":\"ImageObject\",\"inLanguage\":\"vi\",\"@id\":\"https:\/\/www.ivivu.com\/blog\/2026\/02\/tour-chau-au-9n8d-lac-buoc-giua-czech-co-kinh-ao-tho-mong-va-y-trang-le\/#primaryimage\",\"url\":\"https:\/\/cdn3.ivivu.com\/2026\/02\/tour-chau-au-9n8d-ivivu-13.jpg\",\"contentUrl\":\"https:\/\/cdn3.ivivu.com\/2026\/02\/tour-chau-au-9n8d-ivivu-13.jpg\",\"width\":2560,\"height\":1707,\"caption\":\"H\u1ed3 Misurina\"},{\"@type\":\"BreadcrumbList\",\"@id\":\"https:\/\/www.ivivu.com\/blog\/2026\/02\/tour-chau-au-9n8d-lac-buoc-giua-czech-co-kinh-ao-tho-mong-va-y-trang-le\/#breadcrumb\",\"itemListElement\":[{\"@type\":\"ListItem\",\"position\":1,\"name\":\"Home\",\"item\":\"https:\/\/www.ivivu.com\/blog\/\"},{\"@type\":\"ListItem\",\"position\":2,\"name\":\"Tour ch\u00e2u \u00c2u 9N8\u0110: L\u1ea1c b\u01b0\u1edbc gi\u1eefa Czech c\u1ed5 k\u00ednh, \u00c1o th\u01a1 m\u1ed9ng v\u00e0 \u00dd tr\u00e1ng l\u1ec7\"}]},{\"@type\":\"WebSite\",\"@id\":\"https:\/\/www.ivivu.com\/blog\/#website\",\"url\":\"https:\/\/www.ivivu.com\/blog\/\",\"name\":\"C\u1ea9m nang du l\u1ecbch\",\"description\":\"\",\"publisher\":{\"@id\":\"https:\/\/www.ivivu.com\/blog\/#organization\"},\"potentialAction\":[{\"@type\":\"SearchAction\",\"target\":{\"@type\":\"EntryPoint\",\"urlTemplate\":\"https:\/\/www.ivivu.com\/blog\/?s={search_term_string}\"},\"query-input\":\"required name=search_term_string\"}],\"inLanguage\":\"vi\"},{\"@type\":\"Organization\",\"@id\":\"https:\/\/www.ivivu.com\/blog\/#organization\",\"name\":\"iVIVU.com\",\"url\":\"https:\/\/www.ivivu.com\/blog\/\",\"logo\":{\"@type\":\"ImageObject\",\"inLanguage\":\"vi\",\"@id\":\"https:\/\/www.ivivu.com\/blog\/#\/schema\/logo\/image\/\",\"url\":\"https:\/\/cdn3.ivivu.com\/2024\/01\/ivivu_no_slogan.png\",\"contentUrl\":\"https:\/\/cdn3.ivivu.com\/2024\/01\/ivivu_no_slogan.png\",\"width\":788,\"height\":565,\"caption\":\"iVIVU.com\"},\"image\":{\"@id\":\"https:\/\/www.ivivu.com\/blog\/#\/schema\/logo\/image\/\"},\"sameAs\":[\"https:\/\/www.facebook.com\/iVIVU\"]},{\"@type\":\"Person\",\"@id\":\"https:\/\/www.ivivu.com\/blog\/#\/schema\/person\/5f2922ecdf4990921e5ce852233c0c13\",\"name\":\"B\u00edch Tr\u00e2m Ch\u00e2u Th\u1ecb\",\"url\":\"https:\/\/www.ivivu.com\/blog\/author\/tramchau887\/\"}]}<\/script>\n<!-- \/ Yoast SEO Premium plugin. -->","yoast_head_json":{"title":"Tour ch\u00e2u \u00c2u: du ngo\u1ea1n Czech c\u1ed5 k\u00ednh, \u00c1o th\u01a1 m\u1ed9ng v\u00e0 \u00dd tr\u00e1ng l\u1ec7","description":"H\u00e0nh tr\u00ecnh tour ch\u00e2u \u00c2u 9N8\u0110 \u0111\u01b0a b\u1ea1n qua c\u1ed9ng h\u00f2a Czech c\u1ed5 k\u00ednh, \u00c1o th\u01a1 m\u1ed9ng v\u00e0 \u00dd l\u00e3ng m\u1ea1n v\u1edbi c\u00e1c \u0111i\u1ec3m tham quan n\u1ed5i ti\u1ebfng nh\u1ea5t ch\u00e2u \u00c2u.","robots":{"index":"index","follow":"follow","max-snippet":"max-snippet:-1","max-image-preview":"max-image-preview:large","max-video-preview":"max-video-preview:-1"},"canonical":"https:\/\/www.ivivu.com\/blog\/2026\/02\/tour-chau-au-9n8d-lac-buoc-giua-czech-co-kinh-ao-tho-mong-va-y-trang-le\/","twitter_misc":{"\u0110\u01b0\u1ee3c vi\u1ebft b\u1edfi":"B\u00edch Tr\u00e2m Ch\u00e2u Th\u1ecb","\u01af\u1edbc t\u00ednh th\u1eddi gian \u0111\u1ecdc":"13 ph\u00fat"},"schema":{"@context":"https:\/\/schema.org","@graph":[{"@type":"Article","@id":"https:\/\/www.ivivu.com\/blog\/2026\/02\/tour-chau-au-9n8d-lac-buoc-giua-czech-co-kinh-ao-tho-mong-va-y-trang-le\/#article","isPartOf":{"@id":"https:\/\/www.ivivu.com\/blog\/2026\/02\/tour-chau-au-9n8d-lac-buoc-giua-czech-co-kinh-ao-tho-mong-va-y-trang-le\/"},"author":{"name":"B\u00edch Tr\u00e2m Ch\u00e2u Th\u1ecb","@id":"https:\/\/www.ivivu.com\/blog\/#\/schema\/person\/5f2922ecdf4990921e5ce852233c0c13"},"headline":"Tour ch\u00e2u \u00c2u 9N8\u0110: L\u1ea1c b\u01b0\u1edbc gi\u1eefa Czech c\u1ed5 k\u00ednh, \u00c1o th\u01a1 m\u1ed9ng v\u00e0 \u00dd tr\u00e1ng l\u1ec7","datePublished":"2026-02-23T00:57:03+00:00","dateModified":"2026-02-09T06:40:32+00:00","mainEntityOfPage":{"@id":"https:\/\/www.ivivu.com\/blog\/2026\/02\/tour-chau-au-9n8d-lac-buoc-giua-czech-co-kinh-ao-tho-mong-va-y-trang-le\/"},"wordCount":2000,"publisher":{"@id":"https:\/\/www.ivivu.com\/blog\/#organization"},"image":{"@id":"https:\/\/www.ivivu.com\/blog\/2026\/02\/tour-chau-au-9n8d-lac-buoc-giua-czech-co-kinh-ao-tho-mong-va-y-trang-le\/#primaryimage"},"thumbnailUrl":"https:\/\/cdn3.ivivu.com\/2026\/02\/tour-chau-au-9n8d-ivivu-13.jpg","keywords":["du l\u1ecbch \u1ea3o","Du l\u1ecbch ch\u00e2u \u00e2u","du l\u1ecbch Czech","du l\u1ecbch n\u01b0\u1edbc ngo\u00e0i","du l\u1ecbch \u00dd","tour ch\u00e2u \u00c2u","tour ch\u00e2u \u00e2u 9n8\u0111"],"articleSection":["Ch\u00e2u \u00c2u","\u0110i\u1ec3m \u0111\u1ebfn","N\u1ed5i B\u1eadt 2","Tour du l\u1ecbch"],"inLanguage":"vi"},{"@type":"WebPage","@id":"https:\/\/www.ivivu.com\/blog\/2026\/02\/tour-chau-au-9n8d-lac-buoc-giua-czech-co-kinh-ao-tho-mong-va-y-trang-le\/","url":"https:\/\/www.ivivu.com\/blog\/2026\/02\/tour-chau-au-9n8d-lac-buoc-giua-czech-co-kinh-ao-tho-mong-va-y-trang-le\/","name":"Tour ch\u00e2u \u00c2u: du ngo\u1ea1n Czech c\u1ed5 k\u00ednh, \u00c1o th\u01a1 m\u1ed9ng v\u00e0 \u00dd tr\u00e1ng l\u1ec7","isPartOf":{"@id":"https:\/\/www.ivivu.com\/blog\/#website"},"primaryImageOfPage":{"@id":"https:\/\/www.ivivu.com\/blog\/2026\/02\/tour-chau-au-9n8d-lac-buoc-giua-czech-co-kinh-ao-tho-mong-va-y-trang-le\/#primaryimage"},"image":{"@id":"https:\/\/www.ivivu.com\/blog\/2026\/02\/tour-chau-au-9n8d-lac-buoc-giua-czech-co-kinh-ao-tho-mong-va-y-trang-le\/#primaryimage"},"thumbnailUrl":"https:\/\/cdn3.ivivu.com\/2026\/02\/tour-chau-au-9n8d-ivivu-13.jpg","datePublished":"2026-02-23T00:57:03+00:00","dateModified":"2026-02-09T06:40:32+00:00","description":"H\u00e0nh tr\u00ecnh tour ch\u00e2u \u00c2u 9N8\u0110 \u0111\u01b0a b\u1ea1n qua c\u1ed9ng h\u00f2a Czech c\u1ed5 k\u00ednh, \u00c1o th\u01a1 m\u1ed9ng v\u00e0 \u00dd l\u00e3ng m\u1ea1n v\u1edbi c\u00e1c \u0111i\u1ec3m tham quan n\u1ed5i ti\u1ebfng nh\u1ea5t ch\u00e2u \u00c2u.","breadcrumb":{"@id":"https:\/\/www.ivivu.com\/blog\/2026\/02\/tour-chau-au-9n8d-lac-buoc-giua-czech-co-kinh-ao-tho-mong-va-y-trang-le\/#breadcrumb"},"inLanguage":"vi","potentialAction":[{"@type":"ReadAction","target":["https:\/\/www.ivivu.com\/blog\/2026\/02\/tour-chau-au-9n8d-lac-buoc-giua-czech-co-kinh-ao-tho-mong-va-y-trang-le\/"]}]},{"@type":"ImageObject","inLanguage":"vi","@id":"https:\/\/www.ivivu.com\/blog\/2026\/02\/tour-chau-au-9n8d-lac-buoc-giua-czech-co-kinh-ao-tho-mong-va-y-trang-le\/#primaryimage","url":"https:\/\/cdn3.ivivu.com\/2026\/02\/tour-chau-au-9n8d-ivivu-13.jpg","contentUrl":"https:\/\/cdn3.ivivu.com\/2026\/02\/tour-chau-au-9n8d-ivivu-13.jpg","width":2560,"height":1707,"caption":"H\u1ed3 Misurina"},{"@type":"BreadcrumbList","@id":"https:\/\/www.ivivu.com\/blog\/2026\/02\/tour-chau-au-9n8d-lac-buoc-giua-czech-co-kinh-ao-tho-mong-va-y-trang-le\/#breadcrumb","itemListElement":[{"@type":"ListItem","position":1,"name":"Home","item":"https:\/\/www.ivivu.com\/blog\/"},{"@type":"ListItem","position":2,"name":"Tour ch\u00e2u \u00c2u 9N8\u0110: L\u1ea1c b\u01b0\u1edbc gi\u1eefa Czech c\u1ed5 k\u00ednh, \u00c1o th\u01a1 m\u1ed9ng v\u00e0 \u00dd tr\u00e1ng l\u1ec7"}]},{"@type":"WebSite","@id":"https:\/\/www.ivivu.com\/blog\/#website","url":"https:\/\/www.ivivu.com\/blog\/","name":"C\u1ea9m nang du l\u1ecbch","description":"","publisher":{"@id":"https:\/\/www.ivivu.com\/blog\/#organization"},"potentialAction":[{"@type":"SearchAction","target":{"@type":"EntryPoint","urlTemplate":"https:\/\/www.ivivu.com\/blog\/?s={search_term_string}"},"query-input":"required name=search_term_string"}],"inLanguage":"vi"},{"@type":"Organization","@id":"https:\/\/www.ivivu.com\/blog\/#organization","name":"iVIVU.com","url":"https:\/\/www.ivivu.com\/blog\/","logo":{"@type":"ImageObject","inLanguage":"vi","@id":"https:\/\/www.ivivu.com\/blog\/#\/schema\/logo\/image\/","url":"https:\/\/cdn3.ivivu.com\/2024\/01\/ivivu_no_slogan.png","contentUrl":"https:\/\/cdn3.ivivu.com\/2024\/01\/ivivu_no_slogan.png","width":788,"height":565,"caption":"iVIVU.com"},"image":{"@id":"https:\/\/www.ivivu.com\/blog\/#\/schema\/logo\/image\/"},"sameAs":["https:\/\/www.facebook.com\/iVIVU"]},{"@type":"Person","@id":"https:\/\/www.ivivu.com\/blog\/#\/schema\/person\/5f2922ecdf4990921e5ce852233c0c13","name":"B\u00edch Tr\u00e2m Ch\u00e2u Th\u1ecb","url":"https:\/\/www.ivivu.com\/blog\/author\/tramchau887\/"}]}},"_links":{"self":[{"href":"https:\/\/www.ivivu.com\/blog\/wp-json\/wp\/v2\/posts\/523050"}],"collection":[{"href":"https:\/\/www.ivivu.com\/blog\/wp-json\/wp\/v2\/posts"}],"about":[{"href":"https:\/\/www.ivivu.com\/blog\/wp-json\/wp\/v2\/types\/post"}],"author":[{"embeddable":true,"href":"https:\/\/www.ivivu.com\/blog\/wp-json\/wp\/v2\/users\/64"}],"replies":[{"embeddable":true,"href":"https:\/\/www.ivivu.com\/blog\/wp-json\/wp\/v2\/comments?post=523050"}],"version-history":[{"count":6,"href":"https:\/\/www.ivivu.com\/blog\/wp-json\/wp\/v2\/posts\/523050\/revisions"}],"predecessor-version":[{"id":523132,"href":"https:\/\/www.ivivu.com\/blog\/wp-json\/wp\/v2\/posts\/523050\/revisions\/523132"}],"wp:featuredmedia":[{"embeddable":true,"href":"https:\/\/www.ivivu.com\/blog\/wp-json\/wp\/v2\/media\/523076"}],"wp:attachment":[{"href":"https:\/\/www.ivivu.com\/blog\/wp-json\/wp\/v2\/media?parent=523050"}],"wp:term":[{"taxonomy":"category","embeddable":true,"href":"https:\/\/www.ivivu.com\/blog\/wp-json\/wp\/v2\/categories?post=523050"},{"taxonomy":"post_tag","embeddable":true,"href":"https:\/\/www.ivivu.com\/blog\/wp-json\/wp\/v2\/tags?post=523050"}],"curies":[{"name":"wp","href":"https:\/\/api.w.org\/{rel}","templated":true}]}}