{"id":524316,"date":"2026-03-04T07:23:37","date_gmt":"2026-03-04T00:23:37","guid":{"rendered":"https:\/\/www.ivivu.com\/blog\/?p=524316"},"modified":"2026-03-04T09:45:59","modified_gmt":"2026-03-04T02:45:59","slug":"la-festa-phu-quoc-nghi-duong-phong-cach-dia-trung-hai-tai-dao-ngoc","status":"publish","type":"post","link":"https:\/\/www.ivivu.com\/blog\/2026\/03\/la-festa-phu-quoc-nghi-duong-phong-cach-dia-trung-hai-tai-dao-ngoc\/","title":{"rendered":"La Festa Phu Quoc \u2013 ngh\u1ec9 d\u01b0\u1ee1ng phong c\u00e1ch \u0110\u1ecba Trung H\u1ea3i t\u1ea1i &#8220;\u0111\u1ea3o ng\u1ecdc&#8221;"},"content":{"rendered":"<p style=\"text-align: justify;\"><em><strong>K\u1ef3 ngh\u1ec9 phong c\u00e1ch \u0110\u1ecba Trung H\u1ea3i t\u1ea1i kh\u00e1ch s\u1ea1n La Festa Phu Quoc view bi\u1ec3n v\u1edbi tr\u1ea3i nghi\u1ec7m ng\u1eafm ph\u00e1o hoa v\u00e0 nhi\u1ec1u \u0111\u1eb7c quy\u1ec1n ngh\u1ec9 d\u01b0\u1ee1ng.<\/strong><\/em><\/p>\n<p><!--more--><\/p>\n<div class=\"ltt-contentbox white\"><\/span><strong>Xem th\u00eam: <a href=\"https:\/\/www.ivivu.com\/blog\/category\/viet-nam\/phu-quoc\/\" target=\"_blank\" rel=\"noopener\">Du l\u1ecbch Ph\u00fa Qu\u1ed1c<\/a><\/strong><\/div>\n<h4>Kh\u00e1ch s\u1ea1n 5 sao La Festa Phu Quoc<\/h4>\n<p style=\"text-align: justify;\">N\u1eb1m ngay trung t\u00e2m th\u1ecb tr\u1ea5n Ho\u00e0ng H\u00f4n, <strong>La Festa Phu Quoc<\/strong> mang \u0111\u1eadm d\u1ea5u \u1ea5n ki\u1ebfn tr\u00fac \u00dd. L\u1ea5y c\u1ea3m h\u1ee9ng t\u1eeb nh\u1eefng th\u1ecb tr\u1ea5n ven bi\u1ec3n Amalfi, kh\u00e1ch s\u1ea1n g\u00e2y \u1ea5n t\u01b0\u1ee3ng v\u1edbi gam m\u00e0u pastel t\u01b0\u01a1i s\u00e1ng. Ban c\u00f4ng v\u00f2m cong \u0111\u1eb7c tr\u01b0ng v\u00e0 t\u1ea7m nh\u00ecn r\u1ed9ng m\u1edf ra \u0111\u1ea1i d\u01b0\u01a1ng. M\u1ed7i g\u00f3c \u0111\u1ec1u mang l\u1ea1i c\u1ea3m gi\u00e1c nh\u01b0 m\u1ed9t \u0110\u1ecba Trung H\u1ea3i thu nh\u1ecf.<\/p>\n<div id=\"attachment_524327\" style=\"width: 830px\" class=\"wp-caption aligncenter\"><img loading=\"lazy\" decoding=\"async\" aria-describedby=\"caption-attachment-524327\" class=\"size-large wp-image-524327\" src=\"https:\/\/cdn3.ivivu.com\/2026\/03\/la-festa-phu-quoc-ivivu-1-820x1024.jpg\" alt=\"\" width=\"820\" height=\"1024\" srcset=\"https:\/\/cdn3.ivivu.com\/2026\/03\/la-festa-phu-quoc-ivivu-1-820x1024.jpg 820w, https:\/\/cdn3.ivivu.com\/2026\/03\/la-festa-phu-quoc-ivivu-1-244x305.jpg 244w, https:\/\/cdn3.ivivu.com\/2026\/03\/la-festa-phu-quoc-ivivu-1-768x960.jpg 768w, https:\/\/cdn3.ivivu.com\/2026\/03\/la-festa-phu-quoc-ivivu-1-1229x1536.jpg 1229w, https:\/\/cdn3.ivivu.com\/2026\/03\/la-festa-phu-quoc-ivivu-1.jpg 1639w\" sizes=\"(max-width: 820px) 100vw, 820px\" \/><p id=\"caption-attachment-524327\" class=\"wp-caption-text\">La Festa Ph\u00fa Qu\u1ed1c<\/p><\/div>\n<p style=\"text-align: justify;\">H\u1ec7 th\u1ed1ng ph\u00f2ng ngh\u1ec9 v\u00e0 suite \u0111\u01b0\u1ee3c thi\u1ebft k\u1ebf tinh t\u1ebf. C\u00e1c ph\u00f2ng l\u1ea5y c\u1ea3m h\u1ee9ng t\u1eeb b\u1edd bi\u1ec3n Amalfi. Nhi\u1ec1u h\u1ea1ng ph\u00f2ng s\u1edf h\u1eefu ban c\u00f4ng ri\u00eang h\u01b0\u1edbng bi\u1ec3n ho\u1eb7c h\u01b0\u1edbng qu\u1ea3ng tr\u01b0\u1eddng. N\u1ed9i th\u1ea5t hi\u1ec7n \u0111\u1ea1i, gi\u01b0\u1eddng ng\u1ee7 cao c\u1ea5p, ph\u00f2ng t\u1eafm sang tr\u1ecdng c\u00f9ng \u0111\u1ea7y \u0111\u1ee7 ti\u1ec7n nghi chu\u1ea9n qu\u1ed1c t\u1ebf.<\/p>\n<div id=\"attachment_524328\" style=\"width: 1034px\" class=\"wp-caption aligncenter\"><img loading=\"lazy\" decoding=\"async\" aria-describedby=\"caption-attachment-524328\" class=\"size-full wp-image-524328\" src=\"https:\/\/cdn3.ivivu.com\/2026\/03\/la-festa-phu-quoc-ivivu-2.jpg\" alt=\"\" width=\"1024\" height=\"766\" srcset=\"https:\/\/cdn3.ivivu.com\/2026\/03\/la-festa-phu-quoc-ivivu-2.jpg 1024w, https:\/\/cdn3.ivivu.com\/2026\/03\/la-festa-phu-quoc-ivivu-2-408x305.jpg 408w, https:\/\/cdn3.ivivu.com\/2026\/03\/la-festa-phu-quoc-ivivu-2-768x575.jpg 768w\" sizes=\"(max-width: 1024px) 100vw, 1024px\" \/><p id=\"caption-attachment-524328\" class=\"wp-caption-text\">Kh\u00f4ng gian ph\u00f2ng ngh\u1ec9<\/p><\/div>\n<p style=\"text-align: justify;\">B\u00ean c\u1ea1nh \u0111\u00f3, kh\u00e1ch s\u1ea1n c\u00f2n s\u1edf h\u1eefu h\u1ed3 b\u01a1i v\u00f4 c\u1ef1c h\u01b0\u1edbng bi\u1ec3n, khu spa th\u01b0 gi\u00e3n, ph\u00f2ng gym hi\u1ec7n \u0111\u1ea1i v\u00e0 h\u1ec7 th\u1ed1ng 8 nh\u00e0 h\u00e0ng \u2013 qu\u1ea7y bar \u0111a d\u1ea1ng.<\/p>\n<div id=\"attachment_524374\" style=\"width: 1210px\" class=\"wp-caption alignnone\"><img loading=\"lazy\" decoding=\"async\" aria-describedby=\"caption-attachment-524374\" class=\"wp-image-524374 size-full\" src=\"https:\/\/cdn3.ivivu.com\/2026\/03\/La-Festa-Phu-Quoc-ivivu.jpg\" alt=\"\" width=\"1200\" height=\"675\" srcset=\"https:\/\/cdn3.ivivu.com\/2026\/03\/La-Festa-Phu-Quoc-ivivu.jpg 1200w, https:\/\/cdn3.ivivu.com\/2026\/03\/La-Festa-Phu-Quoc-ivivu-540x305.jpg 540w, https:\/\/cdn3.ivivu.com\/2026\/03\/La-Festa-Phu-Quoc-ivivu-1024x576.jpg 1024w, https:\/\/cdn3.ivivu.com\/2026\/03\/La-Festa-Phu-Quoc-ivivu-250x142.jpg 250w, https:\/\/cdn3.ivivu.com\/2026\/03\/La-Festa-Phu-Quoc-ivivu-768x432.jpg 768w, https:\/\/cdn3.ivivu.com\/2026\/03\/La-Festa-Phu-Quoc-ivivu-750x422.jpg 750w, https:\/\/cdn3.ivivu.com\/2026\/03\/La-Festa-Phu-Quoc-ivivu-225x127.jpg 225w, https:\/\/cdn3.ivivu.com\/2026\/03\/La-Festa-Phu-Quoc-ivivu-370x208.jpg 370w, https:\/\/cdn3.ivivu.com\/2026\/03\/La-Festa-Phu-Quoc-ivivu-50x28.jpg 50w, https:\/\/cdn3.ivivu.com\/2026\/03\/La-Festa-Phu-Quoc-ivivu-107x60.jpg 107w, https:\/\/cdn3.ivivu.com\/2026\/03\/La-Festa-Phu-Quoc-ivivu-195x110.jpg 195w, https:\/\/cdn3.ivivu.com\/2026\/03\/La-Festa-Phu-Quoc-ivivu-220x125.jpg 220w, https:\/\/cdn3.ivivu.com\/2026\/03\/La-Festa-Phu-Quoc-ivivu-400x225.jpg 400w, https:\/\/cdn3.ivivu.com\/2026\/03\/La-Festa-Phu-Quoc-ivivu-140x80.jpg 140w\" sizes=\"(max-width: 1200px) 100vw, 1200px\" \/><p id=\"caption-attachment-524374\" class=\"wp-caption-text\">H\u1ed3 b\u01a1i h\u01b0\u1edbng bi\u1ec3n<\/p><\/div>\n<h4 style=\"text-align: justify;\">View bi\u1ec3n, ng\u1eafm ph\u00e1o hoa t\u1eeb ban c\u00f4ng<\/h4>\n<p style=\"text-align: justify;\">C\u00e1c h\u1ea1ng ph\u00f2ng h\u01b0\u1edbng bi\u1ec3n t\u1ea1i <strong><em>La Festa Phu Quoc<\/em><\/strong> cho ph\u00e9p du kh\u00e1ch chi\u00eam ng\u01b0\u1ee1ng ph\u00e1o hoa ngh\u1ec7 thu\u1eadt m\u1ed7i t\u1ed1i ngay t\u1eeb ban c\u00f4ng ri\u00eang. \u0110\u00e2y l\u00e0 tr\u1ea3i nghi\u1ec7m l\u00fd t\u01b0\u1edfng cho c\u1eb7p \u0111\u00f4i ho\u1eb7c gia \u0111\u00ecnh trong kh\u00f4ng gian ri\u00eang t\u01b0.<\/p>\n<div id=\"attachment_524329\" style=\"width: 1034px\" class=\"wp-caption aligncenter\"><img loading=\"lazy\" decoding=\"async\" aria-describedby=\"caption-attachment-524329\" class=\"size-full wp-image-524329\" src=\"https:\/\/cdn3.ivivu.com\/2026\/03\/la-festa-phu-quoc-ivivu-3.jpg\" alt=\"\" width=\"1024\" height=\"718\" srcset=\"https:\/\/cdn3.ivivu.com\/2026\/03\/la-festa-phu-quoc-ivivu-3.jpg 1024w, https:\/\/cdn3.ivivu.com\/2026\/03\/la-festa-phu-quoc-ivivu-3-435x305.jpg 435w, https:\/\/cdn3.ivivu.com\/2026\/03\/la-festa-phu-quoc-ivivu-3-768x539.jpg 768w, https:\/\/cdn3.ivivu.com\/2026\/03\/la-festa-phu-quoc-ivivu-3-50x35.jpg 50w\" sizes=\"(max-width: 1024px) 100vw, 1024px\" \/><p id=\"caption-attachment-524329\" class=\"wp-caption-text\">View xem ph\u00e1o hoa t\u1eeb ph\u00f2ng ngh\u1ec9<\/p><\/div>\n<h4 style=\"text-align: justify;\">T\u1eb7ng v\u00e9 xem show \u201cKiss of the Sea\u201d<\/h4>\n<p style=\"text-align: justify;\">M\u1ed7i ph\u00f2ng \u0111\u01b0\u1ee3c t\u1eb7ng 02 v\u00e9 xem show \u201cKiss of the Sea\u201d. Ch\u01b0\u01a1ng tr\u00ecnh bi\u1ec3u di\u1ec5n \u0111a ph\u01b0\u01a1ng ti\u1ec7n k\u1ebft h\u1ee3p n\u01b0\u1edbc, l\u1eeda, \u00e1nh s\u00e1ng v\u00e0 \u00e2m nh\u1ea1c ho\u00e0nh tr\u00e1ng ngay b\u00ean b\u1edd bi\u1ec3n. \u0110\u00e2y l\u00e0 m\u1ed9t trong nh\u1eefng ho\u1ea1t \u0111\u1ed9ng gi\u1ea3i tr\u00ed \u0111\u1eb7c s\u1eafc nh\u1ea5t t\u1ea1i khu v\u1ef1c th\u1ecb tr\u1ea5n Ho\u00e0ng H\u00f4n.<\/p>\n<div id=\"attachment_524330\" style=\"width: 1034px\" class=\"wp-caption aligncenter\"><img loading=\"lazy\" decoding=\"async\" aria-describedby=\"caption-attachment-524330\" class=\"size-large wp-image-524330\" src=\"https:\/\/cdn3.ivivu.com\/2026\/03\/la-festa-phu-quoc-ivivu-4-1024x1024.jpg\" alt=\"\" width=\"1024\" height=\"1024\" srcset=\"https:\/\/cdn3.ivivu.com\/2026\/03\/la-festa-phu-quoc-ivivu-4-1024x1024.jpg 1024w, https:\/\/cdn3.ivivu.com\/2026\/03\/la-festa-phu-quoc-ivivu-4-305x305.jpg 305w, https:\/\/cdn3.ivivu.com\/2026\/03\/la-festa-phu-quoc-ivivu-4-768x768.jpg 768w, https:\/\/cdn3.ivivu.com\/2026\/03\/la-festa-phu-quoc-ivivu-4-1536x1536.jpg 1536w, https:\/\/cdn3.ivivu.com\/2026\/03\/la-festa-phu-quoc-ivivu-4-75x75.jpg 75w, https:\/\/cdn3.ivivu.com\/2026\/03\/la-festa-phu-quoc-ivivu-4.jpg 2048w\" sizes=\"(max-width: 1024px) 100vw, 1024px\" \/><p id=\"caption-attachment-524330\" class=\"wp-caption-text\">Show Kiss of the Sea<\/p><\/div>\n<h4 style=\"text-align: justify;\">Xe bu\u00fdt tham quan th\u1ecb tr\u1ea5n Ho\u00e0ng H\u00f4n<\/h4>\n<p style=\"text-align: justify;\">Kh\u00e1ch l\u01b0u tr\u00fa t\u1ea1i <em>La Festa Phu Quoc<\/em> \u0111\u01b0\u1ee3c s\u1eed d\u1ee5ng xe bu\u00fdt n\u1ed9i khu, thu\u1eadn ti\u1ec7n kh\u00e1m ph\u00e1 to\u00e0n b\u1ed9 Sunset Town. T\u1eeb qu\u1ea3ng tr\u01b0\u1eddng bi\u1ec3n, c\u00e1c c\u00f4ng tr\u00ecnh ki\u1ebfn tr\u00fac bi\u1ec3u t\u01b0\u1ee3ng \u0111\u1ebfn nh\u1eefng qu\u00e1n c\u00e0 ph\u00ea v\u00e0 \u0111i\u1ec3m check-in lung linh.<\/p>\n<div id=\"attachment_524375\" style=\"width: 2058px\" class=\"wp-caption alignnone\"><img loading=\"lazy\" decoding=\"async\" aria-describedby=\"caption-attachment-524375\" class=\"wp-image-524375 size-full\" src=\"https:\/\/cdn3.ivivu.com\/2026\/03\/La-Festa-Phu-Quoc-ivivu-2-1.jpg\" alt=\"\" width=\"2048\" height=\"1472\" srcset=\"https:\/\/cdn3.ivivu.com\/2026\/03\/La-Festa-Phu-Quoc-ivivu-2-1.jpg 2048w, https:\/\/cdn3.ivivu.com\/2026\/03\/La-Festa-Phu-Quoc-ivivu-2-1-424x305.jpg 424w, https:\/\/cdn3.ivivu.com\/2026\/03\/La-Festa-Phu-Quoc-ivivu-2-1-1024x736.jpg 1024w, https:\/\/cdn3.ivivu.com\/2026\/03\/La-Festa-Phu-Quoc-ivivu-2-1-768x552.jpg 768w, https:\/\/cdn3.ivivu.com\/2026\/03\/La-Festa-Phu-Quoc-ivivu-2-1-1536x1104.jpg 1536w, https:\/\/cdn3.ivivu.com\/2026\/03\/La-Festa-Phu-Quoc-ivivu-2-1-50x35.jpg 50w\" sizes=\"(max-width: 2048px) 100vw, 2048px\" \/><p id=\"caption-attachment-524375\" class=\"wp-caption-text\">Tham quan th\u1ecb tr\u1ea5n Ho\u00e0ng H\u00f4n<\/p><\/div>\n<p><strong>\ud83c\udf38Click \u0111\u1eb7t combo kh\u00e1ch s\u1ea1n<\/strong><\/p>\n<p><a href=\"https:\/\/www.ivivu.com\/khach-san-phu-quoc\/khach-san-la-festa-phu-quoc-curio-collection-by-hilton?utm_source=blog_ivivu&amp;utm_medium=post_link&amp;utm_campaign=internal\" target=\"_blank\" rel=\"noopener\"><img loading=\"lazy\" decoding=\"async\" class=\"size-full wp-image-524325 aligncenter\" src=\"https:\/\/cdn3.ivivu.com\/2026\/03\/La-Festa-Phu-Quoc.jpg\" alt=\"\" width=\"770\" height=\"190\" srcset=\"https:\/\/cdn3.ivivu.com\/2026\/03\/La-Festa-Phu-Quoc.jpg 770w, https:\/\/cdn3.ivivu.com\/2026\/03\/La-Festa-Phu-Quoc-540x133.jpg 540w, https:\/\/cdn3.ivivu.com\/2026\/03\/La-Festa-Phu-Quoc-768x190.jpg 768w\" sizes=\"(max-width: 770px) 100vw, 770px\" \/><\/a><\/p>\n<p style=\"text-align: right;\" data-start=\"5376\" data-end=\"5513\"><em><strong>Theo iVIVU.com<\/strong><\/em><\/p>\n<p data-start=\"5376\" data-end=\"5513\"><div class=\"ltt-contentbox white\"><\/span><\/p>\n<p data-start=\"5376\" data-end=\"5513\"><strong>Xem th\u00eam b\u00e0i vi\u1ebft:<\/strong><\/p>\n<p data-start=\"5376\" data-end=\"5513\"><strong><a href=\"https:\/\/www.ivivu.com\/blog\/2025\/10\/top-ly-do-nen-chon-combo-nghi-duong-khi-du-lich-phu-quoc\/\" target=\"_blank\" rel=\"noopener\">Top l\u00fd do n\u00ean ch\u1ecdn combo ngh\u1ec9 d\u01b0\u1ee1ng khi du l\u1ecbch Ph\u00fa Qu\u1ed1c<\/a><\/strong><\/p>\n<p><strong><a href=\"https:\/\/www.ivivu.com\/blog\/2025\/10\/top-5-resort-hang-dau-chau-a-goi-ten-jw-marriott-phu-quoc-emerald-bay-resort-spa\/\" target=\"_blank\" rel=\"noopener\">Top 5 resort h\u00e0ng \u0111\u1ea7u ch\u00e2u \u00c1 g\u1ecdi t\u00ean JW Marriott Phu Quoc Emerald Bay Resort &amp; Spa<\/a><\/strong><\/p>\n<p class=\"entry-title\"><strong><a href=\"https:\/\/www.ivivu.com\/blog\/2026\/02\/worldhotels-long-beach-phu-quoc-khu-nghi-duong-moi-sang-trong-ngay-trung-tam-bai-truong\/\" target=\"_blank\" rel=\"noopener\">WorldHotels Long Beach Ph\u00fa Qu\u1ed1c \u2013 khu ngh\u1ec9 d\u01b0\u1ee1ng m\u1edbi sang tr\u1ecdng ngay trung t\u00e2m b\u00e3i Tr\u01b0\u1eddng<\/a><\/strong><\/p>\n<p data-start=\"5376\" data-end=\"5513\"><\/div><\/p>\n<h3 style=\"text-align: center;\" data-start=\"5376\" data-end=\"5513\"><div class=\"ltt-contentbox white\"><\/span>Click \u0111\u1eb7t ngay\u00a0<a href=\"https:\/\/www.ivivu.com\/khach-san-phu-quoc?utm_source=blog_ivivu&amp;utm_medium=post_link&amp;utm_campaign=internal\" target=\"_blank\" rel=\"noopener\">kh\u00e1ch s\u1ea1n Ph\u00fa Qu\u1ed1c<\/a>\u00a0gi\u00e1 t\u1ed1t nh\u1ea5t th\u1ecb tr\u01b0\u1eddng ch\u1ec9 c\u00f3 t\u1ea1i iVIVU.com!<\/div><\/h3>\n<p><strong>***<\/strong><\/p>\n<p><strong>Tham kh\u1ea3o:\u00a0<a href=\"https:\/\/www.ivivu.com\/blog\/\">C\u1ea9m nang du l\u1ecbch iVIVU.com<\/a><\/strong><\/p>\n","protected":false},"excerpt":{"rendered":"<p>K\u1ef3 ngh\u1ec9 phong c\u00e1ch \u0110\u1ecba Trung H\u1ea3i t\u1ea1i kh\u00e1ch s\u1ea1n La Festa Phu Quoc view bi\u1ec3n v\u1edbi tr\u1ea3i nghi\u1ec7m ng\u1eafm ph\u00e1o hoa v\u00e0 nhi\u1ec1u \u0111\u1eb7c quy\u1ec1n ngh\u1ec9 d\u01b0\u1ee1ng.<\/p>\n","protected":false},"author":64,"featured_media":524376,"comment_status":"closed","ping_status":"open","sticky":false,"template":"","format":"standard","meta":{"_acf_changed":false,"footnotes":""},"categories":[239,229,795,806,14742],"tags":[5556,39958,39959,48435,5573,28048],"acf":[],"yoast_head":"<!-- This site is optimized with the Yoast SEO Premium plugin v22.6 (Yoast SEO v22.6) - https:\/\/yoast.com\/wordpress\/plugins\/seo\/ -->\n<title>La Festa Phu Quoc: k\u1ef3 ngh\u1ec9 phong c\u00e1ch \u0110\u1ecba Trung H\u1ea3i t\u1ea1i \u0111\u1ea3o ng\u1ecdc<\/title>\n<meta name=\"description\" content=\"K\u1ef3 ngh\u1ec9 phong c\u00e1ch \u0110\u1ecba Trung H\u1ea3i t\u1ea1i kh\u00e1ch s\u1ea1n La Festa Phu Quoc view bi\u1ec3n v\u1edbi tr\u1ea3i nghi\u1ec7m ng\u1eafm ph\u00e1o hoa v\u00e0 nhi\u1ec1u \u0111\u1eb7c quy\u1ec1n ngh\u1ec9 d\u01b0\u1ee1ng.\" \/>\n<meta name=\"robots\" content=\"index, follow, max-snippet:-1, max-image-preview:large, max-video-preview:-1\" \/>\n<link rel=\"canonical\" href=\"https:\/\/www.ivivu.com\/blog\/2026\/03\/la-festa-phu-quoc-nghi-duong-phong-cach-dia-trung-hai-tai-dao-ngoc\/\" \/>\n<meta name=\"twitter:label1\" content=\"\u0110\u01b0\u1ee3c vi\u1ebft b\u1edfi\" \/>\n\t<meta name=\"twitter:data1\" content=\"B\u00edch Tr\u00e2m Ch\u00e2u Th\u1ecb\" \/>\n\t<meta name=\"twitter:label2\" content=\"\u01af\u1edbc t\u00ednh th\u1eddi gian \u0111\u1ecdc\" \/>\n\t<meta name=\"twitter:data2\" content=\"5 ph\u00fat\" \/>\n<script type=\"application\/ld+json\" class=\"yoast-schema-graph\">{\"@context\":\"https:\/\/schema.org\",\"@graph\":[{\"@type\":\"Article\",\"@id\":\"https:\/\/www.ivivu.com\/blog\/2026\/03\/la-festa-phu-quoc-nghi-duong-phong-cach-dia-trung-hai-tai-dao-ngoc\/#article\",\"isPartOf\":{\"@id\":\"https:\/\/www.ivivu.com\/blog\/2026\/03\/la-festa-phu-quoc-nghi-duong-phong-cach-dia-trung-hai-tai-dao-ngoc\/\"},\"author\":{\"name\":\"B\u00edch Tr\u00e2m Ch\u00e2u Th\u1ecb\",\"@id\":\"https:\/\/www.ivivu.com\/blog\/#\/schema\/person\/5f2922ecdf4990921e5ce852233c0c13\"},\"headline\":\"La Festa Phu Quoc \u2013 ngh\u1ec9 d\u01b0\u1ee1ng phong c\u00e1ch \u0110\u1ecba Trung H\u1ea3i t\u1ea1i &#8220;\u0111\u1ea3o ng\u1ecdc&#8221;\",\"datePublished\":\"2026-03-04T00:23:37+00:00\",\"dateModified\":\"2026-03-04T02:45:59+00:00\",\"mainEntityOfPage\":{\"@id\":\"https:\/\/www.ivivu.com\/blog\/2026\/03\/la-festa-phu-quoc-nghi-duong-phong-cach-dia-trung-hai-tai-dao-ngoc\/\"},\"wordCount\":778,\"publisher\":{\"@id\":\"https:\/\/www.ivivu.com\/blog\/#organization\"},\"image\":{\"@id\":\"https:\/\/www.ivivu.com\/blog\/2026\/03\/la-festa-phu-quoc-nghi-duong-phong-cach-dia-trung-hai-tai-dao-ngoc\/#primaryimage\"},\"thumbnailUrl\":\"https:\/\/cdn3.ivivu.com\/2026\/03\/La-Festa-Phu-Quoc-ivivu-0.jpg\",\"keywords\":[\"\u1ea9m th\u1ef1c ph\u00fa qu\u1ed1c\",\"du li\u0323ch phu\u0301 qu\u00f4\u0301c\",\"kha\u0301ch sa\u0323n phu\u0301 qu\u00f4\u0301c\",\"La Festa Phu Quoc\",\"tour ph\u00fa qu\u1ed1c\",\"v\u00e9 m\u00e1y bay Ph\u00fa Qu\u1ed1c\"],\"articleSection\":[\"Du l\u1ecbch Ph\u00fa Qu\u1ed1c\",\"DU L\u1ecaCH VI\u1ec6T NAM\",\"\u0110i\u1ec3m \u0111\u1ebfn\",\"N\u1ed5i B\u1eadt\",\"N\u1ed5i B\u1eadt 2\"],\"inLanguage\":\"vi\"},{\"@type\":\"WebPage\",\"@id\":\"https:\/\/www.ivivu.com\/blog\/2026\/03\/la-festa-phu-quoc-nghi-duong-phong-cach-dia-trung-hai-tai-dao-ngoc\/\",\"url\":\"https:\/\/www.ivivu.com\/blog\/2026\/03\/la-festa-phu-quoc-nghi-duong-phong-cach-dia-trung-hai-tai-dao-ngoc\/\",\"name\":\"La Festa Phu Quoc: k\u1ef3 ngh\u1ec9 phong c\u00e1ch \u0110\u1ecba Trung H\u1ea3i t\u1ea1i \u0111\u1ea3o ng\u1ecdc\",\"isPartOf\":{\"@id\":\"https:\/\/www.ivivu.com\/blog\/#website\"},\"primaryImageOfPage\":{\"@id\":\"https:\/\/www.ivivu.com\/blog\/2026\/03\/la-festa-phu-quoc-nghi-duong-phong-cach-dia-trung-hai-tai-dao-ngoc\/#primaryimage\"},\"image\":{\"@id\":\"https:\/\/www.ivivu.com\/blog\/2026\/03\/la-festa-phu-quoc-nghi-duong-phong-cach-dia-trung-hai-tai-dao-ngoc\/#primaryimage\"},\"thumbnailUrl\":\"https:\/\/cdn3.ivivu.com\/2026\/03\/La-Festa-Phu-Quoc-ivivu-0.jpg\",\"datePublished\":\"2026-03-04T00:23:37+00:00\",\"dateModified\":\"2026-03-04T02:45:59+00:00\",\"description\":\"K\u1ef3 ngh\u1ec9 phong c\u00e1ch \u0110\u1ecba Trung H\u1ea3i t\u1ea1i kh\u00e1ch s\u1ea1n La Festa Phu Quoc view bi\u1ec3n v\u1edbi tr\u1ea3i nghi\u1ec7m ng\u1eafm ph\u00e1o hoa v\u00e0 nhi\u1ec1u \u0111\u1eb7c quy\u1ec1n ngh\u1ec9 d\u01b0\u1ee1ng.\",\"breadcrumb\":{\"@id\":\"https:\/\/www.ivivu.com\/blog\/2026\/03\/la-festa-phu-quoc-nghi-duong-phong-cach-dia-trung-hai-tai-dao-ngoc\/#breadcrumb\"},\"inLanguage\":\"vi\",\"potentialAction\":[{\"@type\":\"ReadAction\",\"target\":[\"https:\/\/www.ivivu.com\/blog\/2026\/03\/la-festa-phu-quoc-nghi-duong-phong-cach-dia-trung-hai-tai-dao-ngoc\/\"]}]},{\"@type\":\"ImageObject\",\"inLanguage\":\"vi\",\"@id\":\"https:\/\/www.ivivu.com\/blog\/2026\/03\/la-festa-phu-quoc-nghi-duong-phong-cach-dia-trung-hai-tai-dao-ngoc\/#primaryimage\",\"url\":\"https:\/\/cdn3.ivivu.com\/2026\/03\/La-Festa-Phu-Quoc-ivivu-0.jpg\",\"contentUrl\":\"https:\/\/cdn3.ivivu.com\/2026\/03\/La-Festa-Phu-Quoc-ivivu-0.jpg\",\"width\":1200,\"height\":743},{\"@type\":\"BreadcrumbList\",\"@id\":\"https:\/\/www.ivivu.com\/blog\/2026\/03\/la-festa-phu-quoc-nghi-duong-phong-cach-dia-trung-hai-tai-dao-ngoc\/#breadcrumb\",\"itemListElement\":[{\"@type\":\"ListItem\",\"position\":1,\"name\":\"Home\",\"item\":\"https:\/\/www.ivivu.com\/blog\/\"},{\"@type\":\"ListItem\",\"position\":2,\"name\":\"La Festa Phu Quoc \u2013 ngh\u1ec9 d\u01b0\u1ee1ng phong c\u00e1ch \u0110\u1ecba Trung H\u1ea3i t\u1ea1i &#8220;\u0111\u1ea3o ng\u1ecdc&#8221;\"}]},{\"@type\":\"WebSite\",\"@id\":\"https:\/\/www.ivivu.com\/blog\/#website\",\"url\":\"https:\/\/www.ivivu.com\/blog\/\",\"name\":\"C\u1ea9m nang du l\u1ecbch\",\"description\":\"\",\"publisher\":{\"@id\":\"https:\/\/www.ivivu.com\/blog\/#organization\"},\"potentialAction\":[{\"@type\":\"SearchAction\",\"target\":{\"@type\":\"EntryPoint\",\"urlTemplate\":\"https:\/\/www.ivivu.com\/blog\/?s={search_term_string}\"},\"query-input\":\"required name=search_term_string\"}],\"inLanguage\":\"vi\"},{\"@type\":\"Organization\",\"@id\":\"https:\/\/www.ivivu.com\/blog\/#organization\",\"name\":\"iVIVU.com\",\"url\":\"https:\/\/www.ivivu.com\/blog\/\",\"logo\":{\"@type\":\"ImageObject\",\"inLanguage\":\"vi\",\"@id\":\"https:\/\/www.ivivu.com\/blog\/#\/schema\/logo\/image\/\",\"url\":\"https:\/\/cdn3.ivivu.com\/2024\/01\/ivivu_no_slogan.png\",\"contentUrl\":\"https:\/\/cdn3.ivivu.com\/2024\/01\/ivivu_no_slogan.png\",\"width\":788,\"height\":565,\"caption\":\"iVIVU.com\"},\"image\":{\"@id\":\"https:\/\/www.ivivu.com\/blog\/#\/schema\/logo\/image\/\"},\"sameAs\":[\"https:\/\/www.facebook.com\/iVIVU\"]},{\"@type\":\"Person\",\"@id\":\"https:\/\/www.ivivu.com\/blog\/#\/schema\/person\/5f2922ecdf4990921e5ce852233c0c13\",\"name\":\"B\u00edch Tr\u00e2m Ch\u00e2u Th\u1ecb\",\"url\":\"https:\/\/www.ivivu.com\/blog\/author\/tramchau887\/\"}]}<\/script>\n<!-- \/ Yoast SEO Premium plugin. -->","yoast_head_json":{"title":"La Festa Phu Quoc: k\u1ef3 ngh\u1ec9 phong c\u00e1ch \u0110\u1ecba Trung H\u1ea3i t\u1ea1i \u0111\u1ea3o ng\u1ecdc","description":"K\u1ef3 ngh\u1ec9 phong c\u00e1ch \u0110\u1ecba Trung H\u1ea3i t\u1ea1i kh\u00e1ch s\u1ea1n La Festa Phu Quoc view bi\u1ec3n v\u1edbi tr\u1ea3i nghi\u1ec7m ng\u1eafm ph\u00e1o hoa v\u00e0 nhi\u1ec1u \u0111\u1eb7c quy\u1ec1n ngh\u1ec9 d\u01b0\u1ee1ng.","robots":{"index":"index","follow":"follow","max-snippet":"max-snippet:-1","max-image-preview":"max-image-preview:large","max-video-preview":"max-video-preview:-1"},"canonical":"https:\/\/www.ivivu.com\/blog\/2026\/03\/la-festa-phu-quoc-nghi-duong-phong-cach-dia-trung-hai-tai-dao-ngoc\/","twitter_misc":{"\u0110\u01b0\u1ee3c vi\u1ebft b\u1edfi":"B\u00edch Tr\u00e2m Ch\u00e2u Th\u1ecb","\u01af\u1edbc t\u00ednh th\u1eddi gian \u0111\u1ecdc":"5 ph\u00fat"},"schema":{"@context":"https:\/\/schema.org","@graph":[{"@type":"Article","@id":"https:\/\/www.ivivu.com\/blog\/2026\/03\/la-festa-phu-quoc-nghi-duong-phong-cach-dia-trung-hai-tai-dao-ngoc\/#article","isPartOf":{"@id":"https:\/\/www.ivivu.com\/blog\/2026\/03\/la-festa-phu-quoc-nghi-duong-phong-cach-dia-trung-hai-tai-dao-ngoc\/"},"author":{"name":"B\u00edch Tr\u00e2m Ch\u00e2u Th\u1ecb","@id":"https:\/\/www.ivivu.com\/blog\/#\/schema\/person\/5f2922ecdf4990921e5ce852233c0c13"},"headline":"La Festa Phu Quoc \u2013 ngh\u1ec9 d\u01b0\u1ee1ng phong c\u00e1ch \u0110\u1ecba Trung H\u1ea3i t\u1ea1i &#8220;\u0111\u1ea3o ng\u1ecdc&#8221;","datePublished":"2026-03-04T00:23:37+00:00","dateModified":"2026-03-04T02:45:59+00:00","mainEntityOfPage":{"@id":"https:\/\/www.ivivu.com\/blog\/2026\/03\/la-festa-phu-quoc-nghi-duong-phong-cach-dia-trung-hai-tai-dao-ngoc\/"},"wordCount":778,"publisher":{"@id":"https:\/\/www.ivivu.com\/blog\/#organization"},"image":{"@id":"https:\/\/www.ivivu.com\/blog\/2026\/03\/la-festa-phu-quoc-nghi-duong-phong-cach-dia-trung-hai-tai-dao-ngoc\/#primaryimage"},"thumbnailUrl":"https:\/\/cdn3.ivivu.com\/2026\/03\/La-Festa-Phu-Quoc-ivivu-0.jpg","keywords":["\u1ea9m th\u1ef1c ph\u00fa qu\u1ed1c","du li\u0323ch phu\u0301 qu\u00f4\u0301c","kha\u0301ch sa\u0323n phu\u0301 qu\u00f4\u0301c","La Festa Phu Quoc","tour ph\u00fa qu\u1ed1c","v\u00e9 m\u00e1y bay Ph\u00fa Qu\u1ed1c"],"articleSection":["Du l\u1ecbch Ph\u00fa Qu\u1ed1c","DU L\u1ecaCH VI\u1ec6T NAM","\u0110i\u1ec3m \u0111\u1ebfn","N\u1ed5i B\u1eadt","N\u1ed5i B\u1eadt 2"],"inLanguage":"vi"},{"@type":"WebPage","@id":"https:\/\/www.ivivu.com\/blog\/2026\/03\/la-festa-phu-quoc-nghi-duong-phong-cach-dia-trung-hai-tai-dao-ngoc\/","url":"https:\/\/www.ivivu.com\/blog\/2026\/03\/la-festa-phu-quoc-nghi-duong-phong-cach-dia-trung-hai-tai-dao-ngoc\/","name":"La Festa Phu Quoc: k\u1ef3 ngh\u1ec9 phong c\u00e1ch \u0110\u1ecba Trung H\u1ea3i t\u1ea1i \u0111\u1ea3o ng\u1ecdc","isPartOf":{"@id":"https:\/\/www.ivivu.com\/blog\/#website"},"primaryImageOfPage":{"@id":"https:\/\/www.ivivu.com\/blog\/2026\/03\/la-festa-phu-quoc-nghi-duong-phong-cach-dia-trung-hai-tai-dao-ngoc\/#primaryimage"},"image":{"@id":"https:\/\/www.ivivu.com\/blog\/2026\/03\/la-festa-phu-quoc-nghi-duong-phong-cach-dia-trung-hai-tai-dao-ngoc\/#primaryimage"},"thumbnailUrl":"https:\/\/cdn3.ivivu.com\/2026\/03\/La-Festa-Phu-Quoc-ivivu-0.jpg","datePublished":"2026-03-04T00:23:37+00:00","dateModified":"2026-03-04T02:45:59+00:00","description":"K\u1ef3 ngh\u1ec9 phong c\u00e1ch \u0110\u1ecba Trung H\u1ea3i t\u1ea1i kh\u00e1ch s\u1ea1n La Festa Phu Quoc view bi\u1ec3n v\u1edbi tr\u1ea3i nghi\u1ec7m ng\u1eafm ph\u00e1o hoa v\u00e0 nhi\u1ec1u \u0111\u1eb7c quy\u1ec1n ngh\u1ec9 d\u01b0\u1ee1ng.","breadcrumb":{"@id":"https:\/\/www.ivivu.com\/blog\/2026\/03\/la-festa-phu-quoc-nghi-duong-phong-cach-dia-trung-hai-tai-dao-ngoc\/#breadcrumb"},"inLanguage":"vi","potentialAction":[{"@type":"ReadAction","target":["https:\/\/www.ivivu.com\/blog\/2026\/03\/la-festa-phu-quoc-nghi-duong-phong-cach-dia-trung-hai-tai-dao-ngoc\/"]}]},{"@type":"ImageObject","inLanguage":"vi","@id":"https:\/\/www.ivivu.com\/blog\/2026\/03\/la-festa-phu-quoc-nghi-duong-phong-cach-dia-trung-hai-tai-dao-ngoc\/#primaryimage","url":"https:\/\/cdn3.ivivu.com\/2026\/03\/La-Festa-Phu-Quoc-ivivu-0.jpg","contentUrl":"https:\/\/cdn3.ivivu.com\/2026\/03\/La-Festa-Phu-Quoc-ivivu-0.jpg","width":1200,"height":743},{"@type":"BreadcrumbList","@id":"https:\/\/www.ivivu.com\/blog\/2026\/03\/la-festa-phu-quoc-nghi-duong-phong-cach-dia-trung-hai-tai-dao-ngoc\/#breadcrumb","itemListElement":[{"@type":"ListItem","position":1,"name":"Home","item":"https:\/\/www.ivivu.com\/blog\/"},{"@type":"ListItem","position":2,"name":"La Festa Phu Quoc \u2013 ngh\u1ec9 d\u01b0\u1ee1ng phong c\u00e1ch \u0110\u1ecba Trung H\u1ea3i t\u1ea1i &#8220;\u0111\u1ea3o ng\u1ecdc&#8221;"}]},{"@type":"WebSite","@id":"https:\/\/www.ivivu.com\/blog\/#website","url":"https:\/\/www.ivivu.com\/blog\/","name":"C\u1ea9m nang du l\u1ecbch","description":"","publisher":{"@id":"https:\/\/www.ivivu.com\/blog\/#organization"},"potentialAction":[{"@type":"SearchAction","target":{"@type":"EntryPoint","urlTemplate":"https:\/\/www.ivivu.com\/blog\/?s={search_term_string}"},"query-input":"required name=search_term_string"}],"inLanguage":"vi"},{"@type":"Organization","@id":"https:\/\/www.ivivu.com\/blog\/#organization","name":"iVIVU.com","url":"https:\/\/www.ivivu.com\/blog\/","logo":{"@type":"ImageObject","inLanguage":"vi","@id":"https:\/\/www.ivivu.com\/blog\/#\/schema\/logo\/image\/","url":"https:\/\/cdn3.ivivu.com\/2024\/01\/ivivu_no_slogan.png","contentUrl":"https:\/\/cdn3.ivivu.com\/2024\/01\/ivivu_no_slogan.png","width":788,"height":565,"caption":"iVIVU.com"},"image":{"@id":"https:\/\/www.ivivu.com\/blog\/#\/schema\/logo\/image\/"},"sameAs":["https:\/\/www.facebook.com\/iVIVU"]},{"@type":"Person","@id":"https:\/\/www.ivivu.com\/blog\/#\/schema\/person\/5f2922ecdf4990921e5ce852233c0c13","name":"B\u00edch Tr\u00e2m Ch\u00e2u Th\u1ecb","url":"https:\/\/www.ivivu.com\/blog\/author\/tramchau887\/"}]}},"_links":{"self":[{"href":"https:\/\/www.ivivu.com\/blog\/wp-json\/wp\/v2\/posts\/524316"}],"collection":[{"href":"https:\/\/www.ivivu.com\/blog\/wp-json\/wp\/v2\/posts"}],"about":[{"href":"https:\/\/www.ivivu.com\/blog\/wp-json\/wp\/v2\/types\/post"}],"author":[{"embeddable":true,"href":"https:\/\/www.ivivu.com\/blog\/wp-json\/wp\/v2\/users\/64"}],"replies":[{"embeddable":true,"href":"https:\/\/www.ivivu.com\/blog\/wp-json\/wp\/v2\/comments?post=524316"}],"version-history":[{"count":7,"href":"https:\/\/www.ivivu.com\/blog\/wp-json\/wp\/v2\/posts\/524316\/revisions"}],"predecessor-version":[{"id":524378,"href":"https:\/\/www.ivivu.com\/blog\/wp-json\/wp\/v2\/posts\/524316\/revisions\/524378"}],"wp:featuredmedia":[{"embeddable":true,"href":"https:\/\/www.ivivu.com\/blog\/wp-json\/wp\/v2\/media\/524376"}],"wp:attachment":[{"href":"https:\/\/www.ivivu.com\/blog\/wp-json\/wp\/v2\/media?parent=524316"}],"wp:term":[{"taxonomy":"category","embeddable":true,"href":"https:\/\/www.ivivu.com\/blog\/wp-json\/wp\/v2\/categories?post=524316"},{"taxonomy":"post_tag","embeddable":true,"href":"https:\/\/www.ivivu.com\/blog\/wp-json\/wp\/v2\/tags?post=524316"}],"curies":[{"name":"wp","href":"https:\/\/api.w.org\/{rel}","templated":true}]}}