{"id":5929,"date":"2012-11-20T10:19:58","date_gmt":"2012-11-20T03:19:58","guid":{"rendered":"http:\/\/www.ivivu.com\/blog\/?p=5929"},"modified":"2013-07-04T15:35:47","modified_gmt":"2013-07-04T08:35:47","slug":"ngay-di-san-van-hoa-viet-nam-tai-ha-noi","status":"publish","type":"post","link":"https:\/\/www.ivivu.com\/blog\/2012\/11\/ngay-di-san-van-hoa-viet-nam-tai-ha-noi\/","title":{"rendered":"Ng\u00e0y di s\u1ea3n v\u0103n h\u00f3a Vi\u1ec7t Nam t\u1ea1i H\u00e0 N\u1ed9i"},"content":{"rendered":"<p>Ho\u1ea1t \u0111\u1ed9ng <strong><em>Ng\u00e0y di s\u1ea3n v\u0103n h\u00f3a Vi\u1ec7t Nam<\/em><\/strong> l\u1ea7n th\u1ee9 8 &#8211; Ng\u00e0y v\u1ec1 ngu\u1ed3n 23\/11\/2012 s\u1ebd di\u1ec5n ra t\u1eeb ng\u00e0y 21 &#8211; 24\/11\/2012 t\u1ea1i Trung t\u00e2m Tri\u1ec3n l\u00e3m V\u0103n h\u00f3a Ngh\u1ec7 thu\u1eadt Vi\u1ec7t Nam (s\u1ed1 2, Hoa L\u01b0, H\u00e0 N\u1ed9i). V\u1edbi ch\u1ee7 \u0111\u1ec1: \u201cKh\u00e1m ph\u00e1 v\u0103n minh s\u00f4ng H\u1ed3ng\u201d h\u01b0\u1edbng t\u1edbi N\u0103m Du l\u1ecbch qu\u1ed1c gia \u0111\u1ed3ng b\u1eb1ng s\u00f4ng H\u1ed3ng &#8211; H\u1ea3i Ph\u00f2ng 2013, <em>Ng\u00e0y Di s\u1ea3n v\u0103n h\u00f3a n\u0103m 2012<\/em> do B\u1ed9 V\u0103n h\u00f3a, Th\u1ec3 thao v\u00e0 Du l\u1ecbch, B\u1ed9 Gi\u00e1o d\u1ee5c v\u00e0 \u0110\u00e0o t\u1ea1o ch\u1ec9 \u0111\u1ea1o t\u1ed5 ch\u1ee9c v\u1edbi s\u1ef1 tham d\u1ef1 c\u1ee7a 5 t\u1ec9nh, th\u00e0nh ph\u1ed1 khu v\u1ef1c \u0111\u1ed3ng b\u1eb1ng s\u00f4ng H\u1ed3ng g\u1ed3m H\u00e0 N\u1ed9i, H\u1ea3i Ph\u00f2ng, Ph\u00fa Th\u1ecd, Ninh B\u00ecnh, B\u1eafc Ninh.<\/p>\n<div id=\"attachment_5930\" style=\"width: 550px\" class=\"wp-caption aligncenter\"><a href=\"https:\/\/cdn3.ivivu.com\/2012\/11\/tranh-to-nu.jpg\"><img loading=\"lazy\" decoding=\"async\" aria-describedby=\"caption-attachment-5930\" class=\"size-full wp-image-5930\" title=\"T\u1ed1 n\u1eef trong tranh d\u00e2n gian H\u00e0ng Tr\u1ed1ng - iVIVU.com\" alt=\"T\u1ed1 n\u1eef trong tranh d\u00e2n gian H\u00e0ng Tr\u1ed1ng - iVIVU.com\" src=\"https:\/\/cdn3.ivivu.com\/2012\/11\/tranh-to-nu.jpg\" width=\"540\" height=\"437\" srcset=\"https:\/\/cdn3.ivivu.com\/2012\/11\/tranh-to-nu.jpg 540w, https:\/\/cdn3.ivivu.com\/2012\/11\/tranh-to-nu-222x180.jpg 222w, https:\/\/cdn3.ivivu.com\/2012\/11\/tranh-to-nu-150x121.jpg 150w\" sizes=\"(max-width: 540px) 100vw, 540px\" \/><\/a><p id=\"caption-attachment-5930\" class=\"wp-caption-text\">T\u1ed1 n\u1eef trong tranh d\u00e2n gian H\u00e0ng Tr\u1ed1ng<\/p><\/div>\n<p><!--more--><\/p>\n<p>Theo \u0111\u00f3, t\u1ea1i Trung t\u00e2m tri\u1ec3n l\u00e3m V\u0103n h\u00f3a Ngh\u1ec7 thu\u1eadt Vi\u1ec7t Nam s\u1ebd c\u00f3 c\u00e1c tri\u1ec3n l\u00e3m kh\u00e1m ph\u00e1 v\u0103n minh s\u00f4ng H\u1ed3ng, bao g\u1ed3m: Tri\u1ec3n l\u00e3m \u201cV\u0103n minh s\u00f4ng H\u1ed3ng t\u1eeb th\u1eddi \u0110\u00f4ng S\u01a1n \u0111\u1ebfn \u0110\u1ea1i Vi\u1ec7t\u201d; tri\u1ec3n l\u00e3m tranh d\u00e2n gian Vi\u1ec7t Nam v\u1edbi c\u00e1c d\u00f2ng tranh ti\u00eau bi\u1ec3u nh\u01b0 tranh H\u00e0ng Tr\u1ed1ng, tranh \u0110\u00f4ng H\u1ed3, Kim Ho\u00e0ng v\u00e0 tranh th\u1edd V\u0169 Di (V\u0129nh Ph\u00fac); Tri\u1ec3n l\u00e3m nh\u1eefng c\u00e1nh di\u1ec1u s\u00e1o v\u00f9ng \u0111\u1ed3ng b\u1eb1ng s\u00f4ng H\u1ed3ng. Ngo\u00e0i ra, ban t\u1ed5 ch\u1ee9c s\u1ebd d\u00e0nh cho m\u1ed7i t\u1ec9nh m\u1ed9t khu tr\u01b0ng b\u00e0y ri\u00eang gi\u1edbi thi\u1ec7u nh\u1eefng di t\u00edch, danh lam th\u1eafng c\u1ea3nh n\u1ed5i ti\u1ebfng, c\u00e1c s\u1ea3n ph\u1ea9m v\u0103n h\u00f3a, du l\u1ecbch, \u1ea9m th\u1ef1c ti\u00eau bi\u1ec3u, \u0111\u1eb7c s\u1eafc; gi\u1edbi thi\u1ec7u c\u00e1c di s\u1ea3n v\u0103n h\u00f3a phi v\u1eadt th\u1ec3 c\u1ee7a \u0111\u1ecba ph\u01b0\u01a1ng m\u00ecnh; khu tr\u01b0ng b\u00e0y tinh hoa th\u1ee7 c\u00f4ng m\u1ef9 ngh\u1ec7 c\u00e1c t\u1ec9nh \u0111\u1ed3ng b\u1eb1ng s\u00f4ng H\u1ed3ng&#8230;<\/p>\n<p>Trong khu\u00f4n kh\u1ed5 nh\u1eefng ng\u00e0y di s\u1ea3n v\u0103n h\u00f3a n\u0103m nay, s\u1ebd di\u1ec5n ra h\u1ed9i th\u1ea3o \u201cPh\u00e1t huy di s\u1ea3n v\u0103n h\u00f3a d\u00e2n gian &#8211; th\u1ef1c tr\u1ea1ng v\u00e0 nhu c\u1ea7u ph\u00e1t tri\u1ec3n\u201d, l\u1ec5 m\u1eebng th\u1ecd c\u1ef1u chi\u1ebfn binh tham gia \u201cTr\u1eadn \u0110i\u1ec7n Ph\u1ee7 tr\u00ean kh\u00f4ng n\u0103m 1972\u201d, ch\u01b0\u01a1ng tr\u00ecnh \u201cTu\u1ed5i tr\u1ebb v\u1edbi Di s\u1ea3n v\u0103n h\u00f3a v\u00f9ng \u0111\u1ed3ng b\u1eb1ng s\u00f4ng H\u1ed3ng v\u00e0 Ng\u00e0y v\u1ec1 ngu\u1ed3n 23\/11\u201d c\u00f9ng nhi\u1ec1u ch\u01b0\u01a1ng tr\u00ecnh v\u0103n h\u00f3a ngh\u1ec7 thu\u1eadt truy\u1ec1n th\u1ed1ng \u0111\u1eb7c s\u1eafc c\u1ee7a v\u00f9ng \u0111\u1ed3ng b\u1eb1ng s\u00f4ng H\u1ed3ng.<\/p>\n<p>C\u0169ng nh\u00e2n d\u1ecbp ch\u00e0o m\u1eebng <em>Ng\u00e0y di s\u1ea3n v\u0103n h\u00f3a Vi\u1ec7t Nam<\/em> (23\/11), ban qu\u1ea3n l\u00fd ph\u1ed1 c\u1ed5 H\u00e0 N\u1ed9i t\u1ed5 ch\u1ee9c nhi\u1ec1u ho\u1ea1t \u0111\u1ed9ng v\u0103n h\u00f3a t\u1ea1i c\u00e1c \u0111i\u1ec3m nh\u01b0: \u0110\u00ecnh Kim Ng\u00e2n (42 &#8211; 44 H\u00e0ng B\u1ea1c), \u0110\u00ecnh \u0110\u1ed3ng L\u1ea1c (38 H\u00e0ng \u0110\u00e0o), Trung t\u00e2m Th\u00f4ng tin Di s\u1ea3n Ph\u1ed1 c\u1ed5 H\u00e0 N\u1ed9i (28 H\u00e0ng Bu\u1ed3m), \u0111o\u1ea1n ph\u1ed1 T\u1ea1 Hi\u1ec7n.<\/p>\n<p>T\u1ea1i \u0111\u00ecnh Kim Ng\u00e2n s\u1ebd gi\u1edbi thi\u1ec7u v\u1ec1 ngh\u1ec7 thu\u1eadt pha tr\u00e0 v\u00e0 th\u01b0\u1edfng tr\u00e0 Vi\u1ec7t, bi\u1ec3u di\u1ec5n d\u00e2n ca quan h\u1ecd c\u1ee7a c\u00e2u l\u1ea1c b\u1ed9 \u0111\u00e0n h\u00e1t d\u00e2n ca Kinh B\u1eafc. T\u1ea1i \u0111\u00ecnh \u0110\u1ed3ng L\u1ea1c gi\u1edbi thi\u1ec7u kh\u00f4ng gian s\u1ed1ng, n\u1ebfp sinh ho\u1ea1t v\u00e0 kh\u00f4ng gian v\u0103n h\u00f3a c\u1ee7a ng\u01b0\u1eddi H\u00e0 N\u1ed9i x\u01b0a. T\u1ea1i Trung t\u00e2m th\u00f4ng tin di s\u1ea3n ph\u1ed1 c\u1ed5 H\u00e0 N\u1ed9i s\u1ebd gi\u1edbi thi\u1ec7u d\u1ef1 \u00e1n ch\u1ec9nh trang, b\u1ea3o t\u1ed3n m\u1eb7t \u0111\u1ee9ng ph\u1ed1 chuy\u00ean doanh \u0111\u00f4ng nam d\u01b0\u1ee3c L\u00e3n \u00d4ng. D\u1ef1 \u00e1n n\u00e0y n\u1eb1m trong k\u1ebf ho\u1ea1ch b\u1ea3o t\u1ed3n v\u00e0 t\u00f4n t\u1ea1o c\u00e1c d\u00e3y ph\u1ed1, g\u00ecn gi\u1eef v\u00e0 ph\u00e1t huy gi\u00e1 tr\u1ecb ki\u1ebfn tr\u00fac trong khu ph\u1ed1 c\u1ed5; g\u00f3p ph\u1ea7n th\u00fac \u0111\u1ea9y th\u01b0\u01a1ng m\u1ea1i, du l\u1ecbch cho tuy\u1ebfn ph\u1ed1 c\u1ed5.<\/p>\n<p>\u0110\u1ed3ng th\u1eddi, Ban qu\u1ea3n l\u00fd Ph\u1ed1 c\u1ed5 H\u00e0 N\u1ed9i ph\u1ed1i h\u1ee3p v\u1edbi Trung t\u00e2m s\u1ea3n xu\u1ea5t phim truy\u1ec1n h\u00ecnh Vi\u1ec7t Nam gi\u1edbi thi\u1ec7u kh\u00f4ng gian tr\u01b0\u1eddng quay b\u1ed9 phim \u201c\u00c1nh s\u00e1ng Kinh Th\u00e0nh\u201d th\u1ef1c hi\u1ec7n t\u1ea1i ph\u1ed1 T\u1ea1 Hi\u1ec7n nh\u1eb1m t\u00e1i hi\u1ec7n kh\u00f4ng gian s\u1ed1ng c\u1ee7a ng\u01b0\u1eddi H\u00e0 N\u1ed9i trong th\u1eddi k\u1ef3 Ph\u00e1p thu\u1ed9c nh\u1eefng n\u0103m 1930 &#8211; 1945.<\/p>\n<p>***<\/p>\n<p>Ngu\u1ed3n: <a title=\"C\u1ea9m nang du l\u1ecbch iVIVU\" href=\"https:\/\/www.ivivu.com\/blog\/\" target=\"_blank\">C\u1ea9m nang du l\u1ecbch iVIVU<\/a> &#8211; Theo Baotintuc<\/p>\n<p>Tham kh\u1ea3o danh s\u00e1ch <a title=\"Kh\u00e1ch s\u1ea1n t\u1ea1i H\u00e0 N\u1ed9i\" href=\"https:\/\/www.ivivu.com\/vi\/hotels\/chau-a\/viet-nam\/ha-noi\/all\/1161\/\" target=\"_blank\">kh\u00e1ch s\u1ea1n H\u00e0 N\u1ed9i<\/a><\/p>\n","protected":false},"excerpt":{"rendered":"<p>Ho\u1ea1t \u0111\u1ed9ng Ng\u00e0y di s\u1ea3n v\u0103n h\u00f3a Vi\u1ec7t Nam l\u1ea7n th\u1ee9 8 &#8211; Ng\u00e0y v\u1ec1 ngu\u1ed3n 23\/11\/2012 s\u1ebd di\u1ec5n ra t\u1eeb ng\u00e0y 21 &#8211; 24\/11\/2012 t\u1ea1i Trung t\u00e2m Tri\u1ec3n l\u00e3m V\u0103n h\u00f3a Ngh\u1ec7 thu\u1eadt Vi\u1ec7t Nam (s\u1ed1 2, Hoa L\u01b0,&#8230;<\/p>\n","protected":false},"author":3,"featured_media":5930,"comment_status":"closed","ping_status":"open","sticky":false,"template":"","format":"standard","meta":{"_acf_changed":false,"footnotes":""},"categories":[234,796,518],"tags":[637,20,638,510,122],"acf":[],"yoast_head":"<!-- This site is optimized with the Yoast SEO Premium plugin v22.6 (Yoast SEO v22.6) - https:\/\/yoast.com\/wordpress\/plugins\/seo\/ -->\n<title>Ng\u00e0y di s\u1ea3n v\u0103n h\u00f3a Vi\u1ec7t Nam t\u1ea1i H\u00e0 N\u1ed9i<\/title>\n<meta name=\"description\" content=\"Ho\u1ea1t \u0111\u1ed9ng Ng\u00e0y di s\u1ea3n v\u0103n h\u00f3a Vi\u1ec7t Nam l\u1ea7n th\u1ee9 8 - Ng\u00e0y v\u1ec1 ngu\u1ed3n 23\/11\/2012 s\u1ebd di\u1ec5n ra t\u1eeb ng\u00e0y 21 - 24\/11\/2012 t\u1ea1i Trung t\u00e2m Tri\u1ec3n l\u00e3m V\u0103n h\u00f3a Ngh\u1ec7 thu\u1eadt Vi\u1ec7t Nam (s\u1ed1 2, Hoa L\u01b0, H\u00e0 N\u1ed9i)\" \/>\n<meta name=\"robots\" content=\"index, follow, max-snippet:-1, max-image-preview:large, max-video-preview:-1\" \/>\n<link rel=\"canonical\" href=\"https:\/\/www.ivivu.com\/blog\/2012\/11\/ngay-di-san-van-hoa-viet-nam-tai-ha-noi\/\" \/>\n<meta name=\"twitter:label1\" content=\"\u0110\u01b0\u1ee3c vi\u1ebft b\u1edfi\" \/>\n\t<meta name=\"twitter:data1\" content=\"iVIVU.com\" \/>\n\t<meta name=\"twitter:label2\" content=\"\u01af\u1edbc t\u00ednh th\u1eddi gian \u0111\u1ecdc\" \/>\n\t<meta name=\"twitter:data2\" content=\"5 ph\u00fat\" \/>\n<script type=\"application\/ld+json\" class=\"yoast-schema-graph\">{\"@context\":\"https:\/\/schema.org\",\"@graph\":[{\"@type\":\"Article\",\"@id\":\"https:\/\/www.ivivu.com\/blog\/2012\/11\/ngay-di-san-van-hoa-viet-nam-tai-ha-noi\/#article\",\"isPartOf\":{\"@id\":\"https:\/\/www.ivivu.com\/blog\/2012\/11\/ngay-di-san-van-hoa-viet-nam-tai-ha-noi\/\"},\"author\":{\"name\":\"iVIVU.com\",\"@id\":\"https:\/\/www.ivivu.com\/blog\/#\/schema\/person\/607d4d3c83f947c4656feb13ec341661\"},\"headline\":\"Ng\u00e0y di s\u1ea3n v\u0103n h\u00f3a Vi\u1ec7t Nam t\u1ea1i H\u00e0 N\u1ed9i\",\"datePublished\":\"2012-11-20T03:19:58+00:00\",\"dateModified\":\"2013-07-04T08:35:47+00:00\",\"mainEntityOfPage\":{\"@id\":\"https:\/\/www.ivivu.com\/blog\/2012\/11\/ngay-di-san-van-hoa-viet-nam-tai-ha-noi\/\"},\"wordCount\":978,\"publisher\":{\"@id\":\"https:\/\/www.ivivu.com\/blog\/#organization\"},\"image\":{\"@id\":\"https:\/\/www.ivivu.com\/blog\/2012\/11\/ngay-di-san-van-hoa-viet-nam-tai-ha-noi\/#primaryimage\"},\"thumbnailUrl\":\"https:\/\/cdn3.ivivu.com\/2012\/11\/tranh-to-nu.jpg\",\"keywords\":[\"di s\u1ea3n\",\"h\u00e0 n\u1ed9i\",\"ng\u00e0y di s\u1ea3n v\u0103n h\u00f3a\",\"v\u0103n h\u00f3a\",\"Vi\u1ec7t Nam\"],\"articleSection\":[\"Du l\u1ecbch H\u00e0 N\u1ed9i\",\"Mu\u00f4n M\u00e0u\",\"Tin l\u1ec5 h\u1ed9i - s\u1ef1 ki\u1ec7n\"],\"inLanguage\":\"vi\"},{\"@type\":\"WebPage\",\"@id\":\"https:\/\/www.ivivu.com\/blog\/2012\/11\/ngay-di-san-van-hoa-viet-nam-tai-ha-noi\/\",\"url\":\"https:\/\/www.ivivu.com\/blog\/2012\/11\/ngay-di-san-van-hoa-viet-nam-tai-ha-noi\/\",\"name\":\"Ng\u00e0y di s\u1ea3n v\u0103n h\u00f3a Vi\u1ec7t Nam t\u1ea1i H\u00e0 N\u1ed9i\",\"isPartOf\":{\"@id\":\"https:\/\/www.ivivu.com\/blog\/#website\"},\"primaryImageOfPage\":{\"@id\":\"https:\/\/www.ivivu.com\/blog\/2012\/11\/ngay-di-san-van-hoa-viet-nam-tai-ha-noi\/#primaryimage\"},\"image\":{\"@id\":\"https:\/\/www.ivivu.com\/blog\/2012\/11\/ngay-di-san-van-hoa-viet-nam-tai-ha-noi\/#primaryimage\"},\"thumbnailUrl\":\"https:\/\/cdn3.ivivu.com\/2012\/11\/tranh-to-nu.jpg\",\"datePublished\":\"2012-11-20T03:19:58+00:00\",\"dateModified\":\"2013-07-04T08:35:47+00:00\",\"description\":\"Ho\u1ea1t \u0111\u1ed9ng Ng\u00e0y di s\u1ea3n v\u0103n h\u00f3a Vi\u1ec7t Nam l\u1ea7n th\u1ee9 8 - Ng\u00e0y v\u1ec1 ngu\u1ed3n 23\/11\/2012 s\u1ebd di\u1ec5n ra t\u1eeb ng\u00e0y 21 - 24\/11\/2012 t\u1ea1i Trung t\u00e2m Tri\u1ec3n l\u00e3m V\u0103n h\u00f3a Ngh\u1ec7 thu\u1eadt Vi\u1ec7t Nam (s\u1ed1 2, Hoa L\u01b0, H\u00e0 N\u1ed9i)\",\"breadcrumb\":{\"@id\":\"https:\/\/www.ivivu.com\/blog\/2012\/11\/ngay-di-san-van-hoa-viet-nam-tai-ha-noi\/#breadcrumb\"},\"inLanguage\":\"vi\",\"potentialAction\":[{\"@type\":\"ReadAction\",\"target\":[\"https:\/\/www.ivivu.com\/blog\/2012\/11\/ngay-di-san-van-hoa-viet-nam-tai-ha-noi\/\"]}]},{\"@type\":\"ImageObject\",\"inLanguage\":\"vi\",\"@id\":\"https:\/\/www.ivivu.com\/blog\/2012\/11\/ngay-di-san-van-hoa-viet-nam-tai-ha-noi\/#primaryimage\",\"url\":\"https:\/\/cdn3.ivivu.com\/2012\/11\/tranh-to-nu.jpg\",\"contentUrl\":\"https:\/\/cdn3.ivivu.com\/2012\/11\/tranh-to-nu.jpg\",\"width\":\"540\",\"height\":\"437\",\"caption\":\"T\u1ed1 n\u1eef trong tranh d\u00e2n gian H\u00e0ng Tr\u1ed1ng\"},{\"@type\":\"BreadcrumbList\",\"@id\":\"https:\/\/www.ivivu.com\/blog\/2012\/11\/ngay-di-san-van-hoa-viet-nam-tai-ha-noi\/#breadcrumb\",\"itemListElement\":[{\"@type\":\"ListItem\",\"position\":1,\"name\":\"Home\",\"item\":\"https:\/\/www.ivivu.com\/blog\/\"},{\"@type\":\"ListItem\",\"position\":2,\"name\":\"Ng\u00e0y di s\u1ea3n v\u0103n h\u00f3a Vi\u1ec7t Nam t\u1ea1i H\u00e0 N\u1ed9i\"}]},{\"@type\":\"WebSite\",\"@id\":\"https:\/\/www.ivivu.com\/blog\/#website\",\"url\":\"https:\/\/www.ivivu.com\/blog\/\",\"name\":\"C\u1ea9m nang du l\u1ecbch\",\"description\":\"\",\"publisher\":{\"@id\":\"https:\/\/www.ivivu.com\/blog\/#organization\"},\"potentialAction\":[{\"@type\":\"SearchAction\",\"target\":{\"@type\":\"EntryPoint\",\"urlTemplate\":\"https:\/\/www.ivivu.com\/blog\/?s={search_term_string}\"},\"query-input\":\"required name=search_term_string\"}],\"inLanguage\":\"vi\"},{\"@type\":\"Organization\",\"@id\":\"https:\/\/www.ivivu.com\/blog\/#organization\",\"name\":\"iVIVU.com\",\"url\":\"https:\/\/www.ivivu.com\/blog\/\",\"logo\":{\"@type\":\"ImageObject\",\"inLanguage\":\"vi\",\"@id\":\"https:\/\/www.ivivu.com\/blog\/#\/schema\/logo\/image\/\",\"url\":\"https:\/\/cdn3.ivivu.com\/2024\/01\/ivivu_no_slogan.png\",\"contentUrl\":\"https:\/\/cdn3.ivivu.com\/2024\/01\/ivivu_no_slogan.png\",\"width\":788,\"height\":565,\"caption\":\"iVIVU.com\"},\"image\":{\"@id\":\"https:\/\/www.ivivu.com\/blog\/#\/schema\/logo\/image\/\"},\"sameAs\":[\"https:\/\/www.facebook.com\/iVIVU\"]},{\"@type\":\"Person\",\"@id\":\"https:\/\/www.ivivu.com\/blog\/#\/schema\/person\/607d4d3c83f947c4656feb13ec341661\",\"name\":\"iVIVU.com\",\"description\":\"C\u1ea9m nang du l\u1ecbch \u2013 C\u00f9ng iVIVU - Trang th\u00f4ng tin du l\u1ecbch c\u1ee7a H\u1ec7 th\u1ed1ng \u0111\u1eb7t ph\u00f2ng kh\u00e1ch s\u1ea1n tr\u1ef1c tuy\u1ebfn iVIVU.com. Chia s\u1ebb th\u00f4ng tin h\u1eefu \u00edch v\u1ec1 du l\u1ecbch, v\u0103n h\u00f3a, \u1ea9m th\u1ef1c, c\u00e1c s\u1ef1 ki\u1ec7n vui ch\u01a1i gi\u1ea3i tr\u00ed kh\u1eafp n\u01a1i tr\u00ean th\u1ebf gi\u1edbi.\",\"sameAs\":[\"https:\/\/www.ivivu.com\"],\"url\":\"https:\/\/www.ivivu.com\/blog\/author\/meovivu\/\"}]}<\/script>\n<!-- \/ Yoast SEO Premium plugin. -->","yoast_head_json":{"title":"Ng\u00e0y di s\u1ea3n v\u0103n h\u00f3a Vi\u1ec7t Nam t\u1ea1i H\u00e0 N\u1ed9i","description":"Ho\u1ea1t \u0111\u1ed9ng Ng\u00e0y di s\u1ea3n v\u0103n h\u00f3a Vi\u1ec7t Nam l\u1ea7n th\u1ee9 8 - Ng\u00e0y v\u1ec1 ngu\u1ed3n 23\/11\/2012 s\u1ebd di\u1ec5n ra t\u1eeb ng\u00e0y 21 - 24\/11\/2012 t\u1ea1i Trung t\u00e2m Tri\u1ec3n l\u00e3m V\u0103n h\u00f3a Ngh\u1ec7 thu\u1eadt Vi\u1ec7t Nam (s\u1ed1 2, Hoa L\u01b0, H\u00e0 N\u1ed9i)","robots":{"index":"index","follow":"follow","max-snippet":"max-snippet:-1","max-image-preview":"max-image-preview:large","max-video-preview":"max-video-preview:-1"},"canonical":"https:\/\/www.ivivu.com\/blog\/2012\/11\/ngay-di-san-van-hoa-viet-nam-tai-ha-noi\/","twitter_misc":{"\u0110\u01b0\u1ee3c vi\u1ebft b\u1edfi":"iVIVU.com","\u01af\u1edbc t\u00ednh th\u1eddi gian \u0111\u1ecdc":"5 ph\u00fat"},"schema":{"@context":"https:\/\/schema.org","@graph":[{"@type":"Article","@id":"https:\/\/www.ivivu.com\/blog\/2012\/11\/ngay-di-san-van-hoa-viet-nam-tai-ha-noi\/#article","isPartOf":{"@id":"https:\/\/www.ivivu.com\/blog\/2012\/11\/ngay-di-san-van-hoa-viet-nam-tai-ha-noi\/"},"author":{"name":"iVIVU.com","@id":"https:\/\/www.ivivu.com\/blog\/#\/schema\/person\/607d4d3c83f947c4656feb13ec341661"},"headline":"Ng\u00e0y di s\u1ea3n v\u0103n h\u00f3a Vi\u1ec7t Nam t\u1ea1i H\u00e0 N\u1ed9i","datePublished":"2012-11-20T03:19:58+00:00","dateModified":"2013-07-04T08:35:47+00:00","mainEntityOfPage":{"@id":"https:\/\/www.ivivu.com\/blog\/2012\/11\/ngay-di-san-van-hoa-viet-nam-tai-ha-noi\/"},"wordCount":978,"publisher":{"@id":"https:\/\/www.ivivu.com\/blog\/#organization"},"image":{"@id":"https:\/\/www.ivivu.com\/blog\/2012\/11\/ngay-di-san-van-hoa-viet-nam-tai-ha-noi\/#primaryimage"},"thumbnailUrl":"https:\/\/cdn3.ivivu.com\/2012\/11\/tranh-to-nu.jpg","keywords":["di s\u1ea3n","h\u00e0 n\u1ed9i","ng\u00e0y di s\u1ea3n v\u0103n h\u00f3a","v\u0103n h\u00f3a","Vi\u1ec7t Nam"],"articleSection":["Du l\u1ecbch H\u00e0 N\u1ed9i","Mu\u00f4n M\u00e0u","Tin l\u1ec5 h\u1ed9i - s\u1ef1 ki\u1ec7n"],"inLanguage":"vi"},{"@type":"WebPage","@id":"https:\/\/www.ivivu.com\/blog\/2012\/11\/ngay-di-san-van-hoa-viet-nam-tai-ha-noi\/","url":"https:\/\/www.ivivu.com\/blog\/2012\/11\/ngay-di-san-van-hoa-viet-nam-tai-ha-noi\/","name":"Ng\u00e0y di s\u1ea3n v\u0103n h\u00f3a Vi\u1ec7t Nam t\u1ea1i H\u00e0 N\u1ed9i","isPartOf":{"@id":"https:\/\/www.ivivu.com\/blog\/#website"},"primaryImageOfPage":{"@id":"https:\/\/www.ivivu.com\/blog\/2012\/11\/ngay-di-san-van-hoa-viet-nam-tai-ha-noi\/#primaryimage"},"image":{"@id":"https:\/\/www.ivivu.com\/blog\/2012\/11\/ngay-di-san-van-hoa-viet-nam-tai-ha-noi\/#primaryimage"},"thumbnailUrl":"https:\/\/cdn3.ivivu.com\/2012\/11\/tranh-to-nu.jpg","datePublished":"2012-11-20T03:19:58+00:00","dateModified":"2013-07-04T08:35:47+00:00","description":"Ho\u1ea1t \u0111\u1ed9ng Ng\u00e0y di s\u1ea3n v\u0103n h\u00f3a Vi\u1ec7t Nam l\u1ea7n th\u1ee9 8 - Ng\u00e0y v\u1ec1 ngu\u1ed3n 23\/11\/2012 s\u1ebd di\u1ec5n ra t\u1eeb ng\u00e0y 21 - 24\/11\/2012 t\u1ea1i Trung t\u00e2m Tri\u1ec3n l\u00e3m V\u0103n h\u00f3a Ngh\u1ec7 thu\u1eadt Vi\u1ec7t Nam (s\u1ed1 2, Hoa L\u01b0, H\u00e0 N\u1ed9i)","breadcrumb":{"@id":"https:\/\/www.ivivu.com\/blog\/2012\/11\/ngay-di-san-van-hoa-viet-nam-tai-ha-noi\/#breadcrumb"},"inLanguage":"vi","potentialAction":[{"@type":"ReadAction","target":["https:\/\/www.ivivu.com\/blog\/2012\/11\/ngay-di-san-van-hoa-viet-nam-tai-ha-noi\/"]}]},{"@type":"ImageObject","inLanguage":"vi","@id":"https:\/\/www.ivivu.com\/blog\/2012\/11\/ngay-di-san-van-hoa-viet-nam-tai-ha-noi\/#primaryimage","url":"https:\/\/cdn3.ivivu.com\/2012\/11\/tranh-to-nu.jpg","contentUrl":"https:\/\/cdn3.ivivu.com\/2012\/11\/tranh-to-nu.jpg","width":"540","height":"437","caption":"T\u1ed1 n\u1eef trong tranh d\u00e2n gian H\u00e0ng Tr\u1ed1ng"},{"@type":"BreadcrumbList","@id":"https:\/\/www.ivivu.com\/blog\/2012\/11\/ngay-di-san-van-hoa-viet-nam-tai-ha-noi\/#breadcrumb","itemListElement":[{"@type":"ListItem","position":1,"name":"Home","item":"https:\/\/www.ivivu.com\/blog\/"},{"@type":"ListItem","position":2,"name":"Ng\u00e0y di s\u1ea3n v\u0103n h\u00f3a Vi\u1ec7t Nam t\u1ea1i H\u00e0 N\u1ed9i"}]},{"@type":"WebSite","@id":"https:\/\/www.ivivu.com\/blog\/#website","url":"https:\/\/www.ivivu.com\/blog\/","name":"C\u1ea9m nang du l\u1ecbch","description":"","publisher":{"@id":"https:\/\/www.ivivu.com\/blog\/#organization"},"potentialAction":[{"@type":"SearchAction","target":{"@type":"EntryPoint","urlTemplate":"https:\/\/www.ivivu.com\/blog\/?s={search_term_string}"},"query-input":"required name=search_term_string"}],"inLanguage":"vi"},{"@type":"Organization","@id":"https:\/\/www.ivivu.com\/blog\/#organization","name":"iVIVU.com","url":"https:\/\/www.ivivu.com\/blog\/","logo":{"@type":"ImageObject","inLanguage":"vi","@id":"https:\/\/www.ivivu.com\/blog\/#\/schema\/logo\/image\/","url":"https:\/\/cdn3.ivivu.com\/2024\/01\/ivivu_no_slogan.png","contentUrl":"https:\/\/cdn3.ivivu.com\/2024\/01\/ivivu_no_slogan.png","width":788,"height":565,"caption":"iVIVU.com"},"image":{"@id":"https:\/\/www.ivivu.com\/blog\/#\/schema\/logo\/image\/"},"sameAs":["https:\/\/www.facebook.com\/iVIVU"]},{"@type":"Person","@id":"https:\/\/www.ivivu.com\/blog\/#\/schema\/person\/607d4d3c83f947c4656feb13ec341661","name":"iVIVU.com","description":"C\u1ea9m nang du l\u1ecbch \u2013 C\u00f9ng iVIVU - Trang th\u00f4ng tin du l\u1ecbch c\u1ee7a H\u1ec7 th\u1ed1ng \u0111\u1eb7t ph\u00f2ng kh\u00e1ch s\u1ea1n tr\u1ef1c tuy\u1ebfn iVIVU.com. Chia s\u1ebb th\u00f4ng tin h\u1eefu \u00edch v\u1ec1 du l\u1ecbch, v\u0103n h\u00f3a, \u1ea9m th\u1ef1c, c\u00e1c s\u1ef1 ki\u1ec7n vui ch\u01a1i gi\u1ea3i tr\u00ed kh\u1eafp n\u01a1i tr\u00ean th\u1ebf gi\u1edbi.","sameAs":["https:\/\/www.ivivu.com"],"url":"https:\/\/www.ivivu.com\/blog\/author\/meovivu\/"}]}},"_links":{"self":[{"href":"https:\/\/www.ivivu.com\/blog\/wp-json\/wp\/v2\/posts\/5929"}],"collection":[{"href":"https:\/\/www.ivivu.com\/blog\/wp-json\/wp\/v2\/posts"}],"about":[{"href":"https:\/\/www.ivivu.com\/blog\/wp-json\/wp\/v2\/types\/post"}],"author":[{"embeddable":true,"href":"https:\/\/www.ivivu.com\/blog\/wp-json\/wp\/v2\/users\/3"}],"replies":[{"embeddable":true,"href":"https:\/\/www.ivivu.com\/blog\/wp-json\/wp\/v2\/comments?post=5929"}],"version-history":[{"count":5,"href":"https:\/\/www.ivivu.com\/blog\/wp-json\/wp\/v2\/posts\/5929\/revisions"}],"predecessor-version":[{"id":17503,"href":"https:\/\/www.ivivu.com\/blog\/wp-json\/wp\/v2\/posts\/5929\/revisions\/17503"}],"wp:featuredmedia":[{"embeddable":true,"href":"https:\/\/www.ivivu.com\/blog\/wp-json\/wp\/v2\/media\/5930"}],"wp:attachment":[{"href":"https:\/\/www.ivivu.com\/blog\/wp-json\/wp\/v2\/media?parent=5929"}],"wp:term":[{"taxonomy":"category","embeddable":true,"href":"https:\/\/www.ivivu.com\/blog\/wp-json\/wp\/v2\/categories?post=5929"},{"taxonomy":"post_tag","embeddable":true,"href":"https:\/\/www.ivivu.com\/blog\/wp-json\/wp\/v2\/tags?post=5929"}],"curies":[{"name":"wp","href":"https:\/\/api.w.org\/{rel}","templated":true}]}}