{"id":6842,"date":"2012-12-19T14:41:37","date_gmt":"2012-12-19T07:41:37","guid":{"rendered":"http:\/\/www.ivivu.com\/blog\/?p=6842"},"modified":"2013-07-05T10:56:49","modified_gmt":"2013-07-05T03:56:49","slug":"chon-binh-yen-ana-mandara-villas-da-lat","status":"publish","type":"post","link":"https:\/\/www.ivivu.com\/blog\/2012\/12\/chon-binh-yen-ana-mandara-villas-da-lat\/","title":{"rendered":"Ch\u1ed1n b\u00ecnh y\u00ean Ana Mandara Villas \u0110\u00e0 L\u1ea1t"},"content":{"rendered":"<p>Gi\u1eefa th\u00e0nh ph\u1ed1 ng\u00e0n hoa \u0110\u00e0 L\u1ea1t, \u1ea9n hi\u1ec7n tr\u00ean ng\u1ecdn \u0111\u1ed3i th\u00f4ng xanh m\u01b0\u1edbt l\u00e0 nh\u1eefng c\u0103n bi\u1ec7t th\u1ef1 mang ki\u1ebfn tr\u00fac Ph\u00e1p c\u1ed5 k\u00ednh \u0111\u01b0\u1ee3c x\u00e2y d\u1ef1ng t\u1eeb nh\u1eefng n\u0103m 1920 v\u00e0 1930 thu\u1ed9c <a title=\"Khu ngh\u1ec9 d\u01b0\u1ee1ng Ana Mandara \u0110\u00e0 L\u1ea1t\" href=\"https:\/\/www.ivivu.com\/vi\/hotels\/ana-mandara-villas-dalat-resort-spa-W413596\/\" target=\"_blank\">Ana Mandara Villas \u0110\u00e0 L\u1ea1t Resort &amp; Spa.<\/a> V\u1edbi \u0111\u1ea7y \u0111\u1ee7 d\u1ecbch v\u1ee5 ngh\u1ec9 ng\u01a1i v\u00e0 v\u1ebb \u0111\u1eb9p ki\u1ebfn tr\u00fac h\u00e0i h\u00f2a v\u1edbi kh\u00f4ng gian xung quanh, resort n\u00e0y l\u00e0 ch\u1ed1n d\u1eebng ch\u00e2n y\u00eau th\u00edch c\u1ee7a r\u1ea5t nhi\u1ec1u du kh\u00e1ch m\u1ed7i l\u1ea7n gh\u00e9 th\u0103m \u0110\u00e0 L\u1ea1t.<\/p>\n<div id=\"attachment_6844\" style=\"width: 550px\" class=\"wp-caption aligncenter\"><a href=\"https:\/\/cdn3.ivivu.com\/2012\/12\/1ana.jpg\"><img loading=\"lazy\" decoding=\"async\" aria-describedby=\"caption-attachment-6844\" class=\"size-full wp-image-6844\" title=\"Ana Mandara \u0110\u00e0 L\u1ea1t - iVIVU.com\" alt=\"Ana Mandara \u0110\u00e0 L\u1ea1t - iVIVU.com\" src=\"https:\/\/cdn3.ivivu.com\/2012\/12\/1ana.jpg\" width=\"540\" height=\"305\" srcset=\"https:\/\/cdn3.ivivu.com\/2012\/12\/1ana.jpg 540w, https:\/\/cdn3.ivivu.com\/2012\/12\/1ana-270x152.jpg 270w, https:\/\/cdn3.ivivu.com\/2012\/12\/1ana-150x84.jpg 150w\" sizes=\"(max-width: 540px) 100vw, 540px\" \/><\/a><p id=\"caption-attachment-6844\" class=\"wp-caption-text\">17 bi\u1ec7t th\u1ef1 trong khu\u00f4n vi\u00ean Ana Mandara \u0110\u00e0 L\u1ea1t n\u1eb1m tr\u1ecdn v\u1eb9n tr\u00ean m\u1ed9t ng\u1ecdn \u0111\u1ed3i th\u00f4ng<\/p><\/div>\n<p><!--more--><\/p>\n<p>Kh\u00f4ng \u0111\u01a1n thu\u1ea7n l\u00e0 m\u1ed9t khu ngh\u1ec9 d\u01b0\u1ee1ng, Ana Mandara mang trong m\u00ecnh nh\u1eefng gi\u00e1 tr\u1ecb l\u1ecbch s\u1eed v\u1ec1 m\u1ed9t \u0110\u00e0 L\u1ea1t x\u01b0a, thu\u1edf m\u1edbi \u0111\u01b0\u1ee3c khai ph\u00e1. To\u00e0n b\u1ed9 khu ngh\u1ec9 l\u00e0 m\u1ed9t qu\u1ea7n th\u1ec3 r\u1ed9ng 7 h\u00e9c ta g\u1ed3m 17 ng\u00f4i bi\u1ec7t th\u1ef1 theo phong c\u00e1ch ki\u1ebfn tr\u00fac Ph\u00e1p c\u1ed5 \u0111\u01b0\u1ee3c tr\u00f9ng tu v\u00e0 l\u01b0u gi\u1eef th\u00e0nh 70 ph\u00f2ng ngh\u1ec9 sang tr\u1ecdng. Ana Mandara Villas \u0110\u00e0 L\u1ea1t l\u00e0 \u0111i\u1ec3m ngh\u1ec9 d\u01b0\u1ee1ng l\u00fd t\u01b0\u1edfng cho gia \u0111\u00ecnh, tr\u0103ng m\u1eadt hay h\u1ed9i th\u1ea3o v\u1edbi kh\u00f4ng kh\u00ed trong l\u00e0nh, y\u00ean t\u0129nh c\u00f9ng n\u00e9t c\u1ed5 k\u00ednh x\u01b0a. \u1ede Ana Mandara \u0110\u00e0 L\u1ea1t, b\u1ea1n c\u00f3 th\u1ec3 ch\u1ecdn m\u1ed9t trong c\u00e1c lo\u1ea1i ph\u00f2ng ngh\u1ec9: Villa room v\u00e0 Villa Studio, Villa suite, Bellevue suite, La Villa. C\u00e1c ph\u00f2ng ngh\u1ec9 h\u01b0\u1edbng t\u1ea7m nh\u00ecn r\u1ed9ng ra kh\u00f4ng gian xanh kho\u00e1ng \u0111\u1ea1t n\u1eb1m trong bi\u1ec7t th\u1ef1 xinh x\u1eafn. M\u1ed7i bi\u1ec7t th\u1ef1 c\u00f3 3 \u2013 5 ph\u00f2ng ngh\u1ec9 nh\u01b0 v\u1eady c\u00f9ng ph\u00f2ng kh\u00e1ch c\u00f3 l\u1eeda s\u01b0\u1edfi \u0111\u1ed1t c\u1ee7i v\u00e0 ph\u00f2ng sinh ho\u1ea1t chung.<\/p>\n<p>N\u1ebfu \u0111i theo nh\u00f3m \u0111\u00f4ng ng\u01b0\u1eddi, l\u00fd t\u01b0\u1edfng nh\u1ea5t b\u1ea1n thu\u00ea tr\u1ecdn m\u1ed9t c\u0103n villa, tr\u1ea3i nghi\u1ec7m k\u1ef3 ngh\u1ec9 c\u1ef1c k\u1ef3 ri\u00eang t\u01b0 v\u1edbi \u0111\u1ea7y \u0111\u1ee7 ti\u1ec7n nghi nh\u01b0 m\u1ed9t h\u1ed9 gia \u0111\u00ecnh nh\u1ecf. V\u00ec m\u1ed7i bi\u1ec7t th\u1ef1 c\u00f3 nh\u00e0 b\u1ebfp \u0111\u1ea7y \u0111\u1ee7 trang thi\u1ebft b\u1ecb n\u00ean khu ngh\u1ec9 c\u00f3 th\u1ec3 s\u1eafp x\u1ebfp cho b\u1ea1n m\u1ed9t b\u1eefa \u0103n t\u1ed1i l\u00e3ng m\u1ea1n d\u01b0\u1edbi \u00e1nh \u0111\u00e8n c\u1ea7y t\u1ea1i ph\u00f2ng \u0103n ho\u1eb7c t\u1ea1i ban c\u00f4ng. \u0110\u00f4i uy\u00ean \u01b0\u01a1ng c\u00f3 th\u1ec3 th\u01b0\u1edfng th\u1ee9c b\u1eefa t\u1ed1i b\u00ean h\u1ed3 b\u01a1i hay trong v\u01b0\u1eddn d\u00e2u t\u00f9y theo s\u1edf th\u00edch. Ngo\u00e0i d\u1ecbch v\u1ee5 thu\u1ed9c khu ngh\u1ec9 d\u01b0\u1ee1ng, du kh\u00e1ch c\u00f3 th\u1ec3 t\u1ef1 t\u1ed5 ch\u1ee9c \u0103n u\u1ed1ng, l\u00e0m ti\u1ec7c BBQ ngo\u00e0i tr\u1eddi, \u0111\u1ed1t l\u1eeda tr\u1ea1i\u2026<\/p>\n<div id=\"attachment_6847\" style=\"width: 550px\" class=\"wp-caption aligncenter\"><a href=\"https:\/\/cdn3.ivivu.com\/2012\/12\/3phongkhac1.jpg\"><img loading=\"lazy\" decoding=\"async\" aria-describedby=\"caption-attachment-6847\" class=\"size-full wp-image-6847\" title=\"Ph\u00f2ng kh\u00e1ch s\u1ea1n Villas - iVIVU.com\" alt=\"Ph\u00f2ng kh\u00e1ch s\u1ea1n Villas - iVIVU.com\" src=\"https:\/\/cdn3.ivivu.com\/2012\/12\/3phongkhac1.jpg\" width=\"540\" height=\"305\" srcset=\"https:\/\/cdn3.ivivu.com\/2012\/12\/3phongkhac1.jpg 540w, https:\/\/cdn3.ivivu.com\/2012\/12\/3phongkhac1-270x152.jpg 270w, https:\/\/cdn3.ivivu.com\/2012\/12\/3phongkhac1-150x84.jpg 150w\" sizes=\"(max-width: 540px) 100vw, 540px\" \/><\/a><p id=\"caption-attachment-6847\" class=\"wp-caption-text\">Ph\u00f2ng kh\u00e1ch c\u00f3 l\u00f2 s\u01b0\u1edfi<\/p><\/div>\n<p>T\u1ea1i Ana Mandara, v\u01b0\u1eddn rau nh\u1ecf b\u00e9 tr\u1ed3ng h\u00fang qu\u1ebf, \u1edbt, c\u00e0 chua, chanh, atis\u00f4, salad\u2026 l\u00fac n\u00e0o c\u0169ng t\u01b0\u01a1i xanh l\u00e0 m\u1ed9t n\u00e9t v\u00f4 c\u00f9ng \u0111\u00e1ng y\u00eau v\u1edbi m\u1ecdi du kh\u00e1ch gh\u00e9 ch\u00e2n. \u0110\u01b0\u1ee3c bi\u1ebft, v\u01b0\u1eddn rau t\u01b0\u01a1i \u0111\u01b0\u1ee3c tr\u1ed3ng theo c\u00f4ng ngh\u1ec7 s\u1ea1ch s\u1ebd \u0111\u01b0\u1ee3c thu h\u00e1i l\u00e0m nguy\u00ean li\u1ec7u cho c\u00e1c m\u00f3n \u0103n \u00c1, \u00c2u h\u1ea5p d\u1eabn t\u1ea1i nh\u00e0 h\u00e0ng c\u0169ng n\u1eb1m trong khu\u00f4n vi\u00ean khu ngh\u1ec9 mang t\u00ean: Le Petit \u0110\u00e0 L\u1ea1t. B\u1ea1n c\u0169ng c\u00f3 th\u1ec3 th\u1ea5y c\u00e1c lo\u1ea1i rau \u1ea5y trong l\u1edbp d\u1ea1y h\u1ecdc n\u1ea5u \u0103n c\u00e1c m\u00f3n \u0111\u1eb7c s\u1ea3n \u0111\u1ecba ph\u01b0\u01a1ng.<\/p>\n<div id=\"attachment_6845\" style=\"width: 550px\" class=\"wp-caption aligncenter\"><a href=\"https:\/\/cdn3.ivivu.com\/2012\/12\/2buaan.jpg\"><img loading=\"lazy\" decoding=\"async\" aria-describedby=\"caption-attachment-6845\" class=\"size-full wp-image-6845\" title=\"V\u01b0\u1eddn rau Ana Mandara \u0110\u00e0 L\u1ea1t - iVIVU.com\" alt=\"V\u01b0\u1eddn rau Ana Mandara \u0110\u00e0 L\u1ea1t - iVIVU.com\" src=\"https:\/\/cdn3.ivivu.com\/2012\/12\/2buaan.jpg\" width=\"540\" height=\"305\" srcset=\"https:\/\/cdn3.ivivu.com\/2012\/12\/2buaan.jpg 540w, https:\/\/cdn3.ivivu.com\/2012\/12\/2buaan-270x152.jpg 270w, https:\/\/cdn3.ivivu.com\/2012\/12\/2buaan-150x84.jpg 150w\" sizes=\"(max-width: 540px) 100vw, 540px\" \/><\/a><p id=\"caption-attachment-6845\" class=\"wp-caption-text\">V\u01b0\u1eddn rau xanh cung c\u1ea5p nh\u1eefng nguy\u00ean li\u1ec7u th\u1eadt t\u01b0\u01a1i ngon<\/p><\/div>\n<p>Ana Mandara Villas \u0110\u00e0 L\u1ea1t s\u1edf h\u1eefu c\u1ea3 m\u1ed9t h\u1ea7m r\u01b0\u1ee3u tr\u00ean kh\u00f4ng ph\u1ee5c v\u1ee5 qu\u00fd kh\u00e1ch nhi\u1ec1u lo\u1ea1i r\u01b0\u1ee3u \u0111a \u0111\u1ebfn t\u1eeb kh\u1eafp th\u1ebf gi\u1edbi. Th\u00f4ng th\u01b0\u1eddng h\u1ea7m r\u01b0\u1ee3u \u0111\u01b0\u1ee3c x\u00e2y d\u1ef1ng d\u01b0\u1edbi l\u00f2ng \u0111\u1ea5t nh\u01b0ng h\u1ea7m r\u01b0\u1ee3u c\u1ee7a Ana Mandara Villas Dalat \u0111\u01b0\u1ee3c x\u00e2y d\u1ef1ng tr\u00ean t\u1ea7ng 1 c\u1ee7a Villas s\u1ed1 9 \u2013 Nh\u00e0 h\u00e0ng Le Petit.<\/p>\n<p>Chuy\u1ebfn du l\u1ecbch ngh\u1ec9 d\u01b0\u1ee1ng c\u1ee7a b\u1ea1n s\u1ebd kh\u00f4ng tr\u1ecdn v\u1eb9n n\u1ebfu thi\u1ebfu \u0111i ph\u1ea7n tr\u1ecb li\u1ec7u th\u01b0 gi\u00e3n. Ana Mandara \u0110\u00e0 L\u1ea1t t\u1ef1 h\u00e0o cung c\u1ea5p cho kh\u00e1ch h\u00e0ng nh\u1eefng d\u1ecbch v\u1ee5 spa \u0111\u1eb3ng c\u1ea5p t\u1ea1i La Cochinchine Spa. Ph\u01b0\u01a1ng ph\u00e1p spa ki\u1ec3u \u1ea4n v\u1edbi li\u1ec7u ph\u00e1p ch\u1ea3y tinh d\u1ea7u v\u00e0o gi\u1eefa tr\u00e1n t\u1ea1i \u0111\u00e2y mang l\u1ea1i cho du kh\u00e1ch c\u1ea3m gi\u00e1c b\u1ea5t ng\u1edd th\u00edch th\u00fa r\u1ed3i h\u00e0i l\u00f2ng tho\u1ea3i m\u00e1i. Ngo\u00e0i ra b\u1ea1n c\u00f3 th\u1ec3 tr\u1ea3i nghi\u1ec7m th\u00eam ph\u01b0\u01a1ng ph\u00e1p tr\u1ecb li\u1ec7u, d\u01b0\u1ee1ng da b\u1eb1ng b\u1ed9t c\u00e0 ph\u00ea gi\u00fap t\u1ea9y da ch\u1ebft, \u0111em l\u1ea1i l\u00e0n da c\u0103ng b\u00f3ng m\u1ecbn m\u00e0ng. M\u1ed9t \u0111i\u1ec1u tuy\u1ec7t v\u1eddi n\u1eefa l\u00e0 5 ph\u00f2ng massage t\u1ea1i La Cochinchine spa h\u01b0\u1edbng t\u1ea7m nh\u00ecn ra cao nguy\u00ean xanh, mang \u0111\u1ebfn cho du kh\u00e1ch gi\u00e2y ph\u00fat th\u01b0 gi\u00e3n th\u1eadt tr\u1ecdn v\u1eb9n.<\/p>\n<div id=\"attachment_6848\" style=\"width: 550px\" class=\"wp-caption aligncenter\"><a href=\"https:\/\/cdn3.ivivu.com\/2012\/12\/4spa.jpg\"><img loading=\"lazy\" decoding=\"async\" aria-describedby=\"caption-attachment-6848\" class=\"size-full wp-image-6848\" title=\"Spa La Conchichine Ana Mandara - iVIVU.com\" alt=\"Spa La Conchichine Ana Mandara - iVIVU.com\" src=\"https:\/\/cdn3.ivivu.com\/2012\/12\/4spa.jpg\" width=\"540\" height=\"305\" srcset=\"https:\/\/cdn3.ivivu.com\/2012\/12\/4spa.jpg 540w, https:\/\/cdn3.ivivu.com\/2012\/12\/4spa-270x152.jpg 270w, https:\/\/cdn3.ivivu.com\/2012\/12\/4spa-150x84.jpg 150w\" sizes=\"(max-width: 540px) 100vw, 540px\" \/><\/a><p id=\"caption-attachment-6848\" class=\"wp-caption-text\">C\u00e1c ph\u01b0\u01a1ng ph\u00e1p tr\u1ecb li\u1ec7u t\u1ea1i spa c\u1ee7a Ana Mandara gi\u00fap b\u1ea1n t\u1eadn h\u01b0\u1edfng m\u1ed9t k\u1ef3 ngh\u1ec9 tho\u1ea3i m\u00e1i tr\u1ecdn v\u1eb9n<\/p><\/div>\n<p>Ana Mandara c\u00f2n nhi\u1ec1u \u0111i\u1ec1u b\u1ea5t ng\u1edd d\u00e0nh cho k\u1ef3 ngh\u1ec9 c\u1ee7a b\u1ea1n, c\u00f3 th\u1ec3 k\u1ec3 ra nh\u01b0: H\u1ed3 b\u01a1i n\u01b0\u1edbc \u1ea5m ngo\u00e0i tr\u1eddi duy nh\u1ea5t t\u1ea1i \u0110\u00e0 L\u1ea1t, xe \u0111\u01b0a \u0111\u00f3n kh\u00e1ch mi\u1ec5n ph\u00ed v\u00e0o trung t\u00e2m th\u00e0nh ph\u1ed1 \u0110\u00e0 L\u1ea1t (M\u1ed7i ng\u00e0y 2 chuy\u1ebfn kh\u1edfi h\u00e0nh l\u00fac 10h00 v\u00e0 14h00, v\u1ec1 l\u00fac 11h30 v\u00e0 15h30), xe \u0111i\u1ec7n mi\u1ec5n ph\u00ed tham quan to\u00e0n khu ngh\u1ec9 d\u01b0\u1ee1ng\u2026<\/p>\n<p>V\u1edbi kh\u00f4ng gian c\u1ea3nh quan n\u00ean th\u01a1 v\u00e0 v\u1ecb tr\u00ed thu\u1eadn l\u1ee3i \u0111\u1ec3 kh\u00e1m ph\u00e1 nhi\u1ec1u \u0111\u1ecba \u0111i\u1ec3m n\u1ed5i ti\u1ebfng: c\u00e1ch H\u1ed3 Xu\u00e2n H\u01b0\u01a1ng 2km, c\u00e1ch ch\u1ee3 \u0110\u00e0 L\u1ea1t kho\u1ea3ng 1,5 km, c\u00e1ch dinh B\u1ea3o \u0110\u1ea1i 3km\u2026, khu ngh\u1ec9 d\u01b0\u1ee1ng 5 sao Ana Mandara l\u00e0 \u0111\u1ecba \u0111i\u1ec3m ngh\u1ec9 d\u01b0\u1ee1ng tuy\u1ec7t v\u1eddi cho m\u1ecdi du kh\u00e1ch trong chuy\u1ebfn vi vu \u0110\u00e0 L\u1ea1t s\u1eafp t\u1edbi.<\/p>\n<p>***<\/p>\n<p>Ngu\u1ed3n: <a title=\"C\u1ea9m nang du l\u1ecbch iVIVU\" href=\"https:\/\/www.ivivu.com\/blog\/\" target=\"_blank\">C\u1ea9m nang du l\u1ecbch iVIVU<\/a><\/p>\n<p>Tham kh\u1ea3o danh s\u00e1ch <a title=\"Kh\u00e1ch s\u1ea1n \u0110\u00e0 L\u1ea1t\" href=\"https:\/\/www.ivivu.com\/vi\/hotels\/chau-a\/viet-nam\/da-lat\/all\/6636\/\" target=\"_blank\">kh\u00e1ch s\u1ea1n \u0110\u00e0 L\u1ea1t<\/a><\/p>\n","protected":false},"excerpt":{"rendered":"<p>Gi\u1eefa th\u00e0nh ph\u1ed1 ng\u00e0n hoa \u0110\u00e0 L\u1ea1t, \u1ea9n hi\u1ec7n tr\u00ean ng\u1ecdn \u0111\u1ed3i th\u00f4ng xanh m\u01b0\u1edbt l\u00e0 nh\u1eefng c\u0103n bi\u1ec7t th\u1ef1 mang ki\u1ebfn tr\u00fac Ph\u00e1p c\u1ed5 k\u00ednh \u0111\u01b0\u1ee3c x\u00e2y d\u1ef1ng t\u1eeb nh\u1eefng n\u0103m 1920 v\u00e0 1930 thu\u1ed9c Ana Mandara Villas \u0110\u00e0&#8230;<\/p>\n","protected":false},"author":3,"featured_media":6845,"comment_status":"closed","ping_status":"open","sticky":false,"template":"","format":"standard","meta":{"_acf_changed":false,"footnotes":""},"categories":[11,240],"tags":[736,102,735,737,738],"acf":[],"yoast_head":"<!-- This site is optimized with the Yoast SEO Premium plugin v22.6 (Yoast SEO v22.6) - https:\/\/yoast.com\/wordpress\/plugins\/seo\/ -->\n<title>Ch\u1ed1n b\u00ecnh y\u00ean Ana Mandara Villas \u0110\u00e0 L\u1ea1t, khu ngh\u1ec9 d\u01b0\u1ee1ng<\/title>\n<meta name=\"description\" content=\"\u1ea8n hi\u1ec7n tr\u00ean ng\u1ecdn \u0111\u1ed3i th\u00f4ng xanh m\u01b0\u1edbt l\u00e0 nh\u1eefng c\u0103n bi\u1ec7t th\u1ef1 mang ki\u1ebfn tr\u00fac Ph\u00e1p c\u1ed5 k\u00ednh thu\u1ed9c khu ngh\u1ec9 d\u01b0\u1ee1ng 5 sao Ana Mandara \u0110\u00e0 L\u1ea1t\" \/>\n<meta name=\"robots\" content=\"index, follow, max-snippet:-1, max-image-preview:large, max-video-preview:-1\" \/>\n<link rel=\"canonical\" href=\"https:\/\/www.ivivu.com\/blog\/2012\/12\/chon-binh-yen-ana-mandara-villas-da-lat\/\" \/>\n<meta name=\"twitter:label1\" content=\"\u0110\u01b0\u1ee3c vi\u1ebft b\u1edfi\" \/>\n\t<meta name=\"twitter:data1\" content=\"iVIVU.com\" \/>\n\t<meta name=\"twitter:label2\" content=\"\u01af\u1edbc t\u00ednh th\u1eddi gian \u0111\u1ecdc\" \/>\n\t<meta name=\"twitter:data2\" content=\"6 ph\u00fat\" \/>\n<script type=\"application\/ld+json\" class=\"yoast-schema-graph\">{\"@context\":\"https:\/\/schema.org\",\"@graph\":[{\"@type\":\"Article\",\"@id\":\"https:\/\/www.ivivu.com\/blog\/2012\/12\/chon-binh-yen-ana-mandara-villas-da-lat\/#article\",\"isPartOf\":{\"@id\":\"https:\/\/www.ivivu.com\/blog\/2012\/12\/chon-binh-yen-ana-mandara-villas-da-lat\/\"},\"author\":{\"name\":\"iVIVU.com\",\"@id\":\"https:\/\/www.ivivu.com\/blog\/#\/schema\/person\/607d4d3c83f947c4656feb13ec341661\"},\"headline\":\"Ch\u1ed1n b\u00ecnh y\u00ean Ana Mandara Villas \u0110\u00e0 L\u1ea1t\",\"datePublished\":\"2012-12-19T07:41:37+00:00\",\"dateModified\":\"2013-07-05T03:56:49+00:00\",\"mainEntityOfPage\":{\"@id\":\"https:\/\/www.ivivu.com\/blog\/2012\/12\/chon-binh-yen-ana-mandara-villas-da-lat\/\"},\"wordCount\":1304,\"publisher\":{\"@id\":\"https:\/\/www.ivivu.com\/blog\/#organization\"},\"image\":{\"@id\":\"https:\/\/www.ivivu.com\/blog\/2012\/12\/chon-binh-yen-ana-mandara-villas-da-lat\/#primaryimage\"},\"thumbnailUrl\":\"https:\/\/cdn3.ivivu.com\/2012\/12\/2buaan.jpg\",\"keywords\":[\"Ana Mandara\",\"\u0110\u00e0 L\u1ea1t\",\"khu ngh\u1ec9 d\u01b0\u1ee1ng\",\"resort 5 sao\",\"villas\"],\"articleSection\":[\"CH\u00daNG T\u00d4I\",\"Du l\u1ecbch \u0110\u00e0 L\u1ea1t\"],\"inLanguage\":\"vi\"},{\"@type\":\"WebPage\",\"@id\":\"https:\/\/www.ivivu.com\/blog\/2012\/12\/chon-binh-yen-ana-mandara-villas-da-lat\/\",\"url\":\"https:\/\/www.ivivu.com\/blog\/2012\/12\/chon-binh-yen-ana-mandara-villas-da-lat\/\",\"name\":\"Ch\u1ed1n b\u00ecnh y\u00ean Ana Mandara Villas \u0110\u00e0 L\u1ea1t, khu ngh\u1ec9 d\u01b0\u1ee1ng\",\"isPartOf\":{\"@id\":\"https:\/\/www.ivivu.com\/blog\/#website\"},\"primaryImageOfPage\":{\"@id\":\"https:\/\/www.ivivu.com\/blog\/2012\/12\/chon-binh-yen-ana-mandara-villas-da-lat\/#primaryimage\"},\"image\":{\"@id\":\"https:\/\/www.ivivu.com\/blog\/2012\/12\/chon-binh-yen-ana-mandara-villas-da-lat\/#primaryimage\"},\"thumbnailUrl\":\"https:\/\/cdn3.ivivu.com\/2012\/12\/2buaan.jpg\",\"datePublished\":\"2012-12-19T07:41:37+00:00\",\"dateModified\":\"2013-07-05T03:56:49+00:00\",\"description\":\"\u1ea8n hi\u1ec7n tr\u00ean ng\u1ecdn \u0111\u1ed3i th\u00f4ng xanh m\u01b0\u1edbt l\u00e0 nh\u1eefng c\u0103n bi\u1ec7t th\u1ef1 mang ki\u1ebfn tr\u00fac Ph\u00e1p c\u1ed5 k\u00ednh thu\u1ed9c khu ngh\u1ec9 d\u01b0\u1ee1ng 5 sao Ana Mandara \u0110\u00e0 L\u1ea1t\",\"breadcrumb\":{\"@id\":\"https:\/\/www.ivivu.com\/blog\/2012\/12\/chon-binh-yen-ana-mandara-villas-da-lat\/#breadcrumb\"},\"inLanguage\":\"vi\",\"potentialAction\":[{\"@type\":\"ReadAction\",\"target\":[\"https:\/\/www.ivivu.com\/blog\/2012\/12\/chon-binh-yen-ana-mandara-villas-da-lat\/\"]}]},{\"@type\":\"ImageObject\",\"inLanguage\":\"vi\",\"@id\":\"https:\/\/www.ivivu.com\/blog\/2012\/12\/chon-binh-yen-ana-mandara-villas-da-lat\/#primaryimage\",\"url\":\"https:\/\/cdn3.ivivu.com\/2012\/12\/2buaan.jpg\",\"contentUrl\":\"https:\/\/cdn3.ivivu.com\/2012\/12\/2buaan.jpg\",\"width\":\"540\",\"height\":\"305\",\"caption\":\"V\u01b0\u1eddn rau xanh cung c\u1ea5p nh\u1eefng nguy\u00ean li\u1ec7u th\u1eadt t\u01b0\u01a1i ngon\"},{\"@type\":\"BreadcrumbList\",\"@id\":\"https:\/\/www.ivivu.com\/blog\/2012\/12\/chon-binh-yen-ana-mandara-villas-da-lat\/#breadcrumb\",\"itemListElement\":[{\"@type\":\"ListItem\",\"position\":1,\"name\":\"Home\",\"item\":\"https:\/\/www.ivivu.com\/blog\/\"},{\"@type\":\"ListItem\",\"position\":2,\"name\":\"Ch\u1ed1n b\u00ecnh y\u00ean Ana Mandara Villas \u0110\u00e0 L\u1ea1t\"}]},{\"@type\":\"WebSite\",\"@id\":\"https:\/\/www.ivivu.com\/blog\/#website\",\"url\":\"https:\/\/www.ivivu.com\/blog\/\",\"name\":\"C\u1ea9m nang du l\u1ecbch\",\"description\":\"\",\"publisher\":{\"@id\":\"https:\/\/www.ivivu.com\/blog\/#organization\"},\"potentialAction\":[{\"@type\":\"SearchAction\",\"target\":{\"@type\":\"EntryPoint\",\"urlTemplate\":\"https:\/\/www.ivivu.com\/blog\/?s={search_term_string}\"},\"query-input\":\"required name=search_term_string\"}],\"inLanguage\":\"vi\"},{\"@type\":\"Organization\",\"@id\":\"https:\/\/www.ivivu.com\/blog\/#organization\",\"name\":\"iVIVU.com\",\"url\":\"https:\/\/www.ivivu.com\/blog\/\",\"logo\":{\"@type\":\"ImageObject\",\"inLanguage\":\"vi\",\"@id\":\"https:\/\/www.ivivu.com\/blog\/#\/schema\/logo\/image\/\",\"url\":\"https:\/\/cdn3.ivivu.com\/2024\/01\/ivivu_no_slogan.png\",\"contentUrl\":\"https:\/\/cdn3.ivivu.com\/2024\/01\/ivivu_no_slogan.png\",\"width\":788,\"height\":565,\"caption\":\"iVIVU.com\"},\"image\":{\"@id\":\"https:\/\/www.ivivu.com\/blog\/#\/schema\/logo\/image\/\"},\"sameAs\":[\"https:\/\/www.facebook.com\/iVIVU\"]},{\"@type\":\"Person\",\"@id\":\"https:\/\/www.ivivu.com\/blog\/#\/schema\/person\/607d4d3c83f947c4656feb13ec341661\",\"name\":\"iVIVU.com\",\"description\":\"C\u1ea9m nang du l\u1ecbch \u2013 C\u00f9ng iVIVU - Trang th\u00f4ng tin du l\u1ecbch c\u1ee7a H\u1ec7 th\u1ed1ng \u0111\u1eb7t ph\u00f2ng kh\u00e1ch s\u1ea1n tr\u1ef1c tuy\u1ebfn iVIVU.com. Chia s\u1ebb th\u00f4ng tin h\u1eefu \u00edch v\u1ec1 du l\u1ecbch, v\u0103n h\u00f3a, \u1ea9m th\u1ef1c, c\u00e1c s\u1ef1 ki\u1ec7n vui ch\u01a1i gi\u1ea3i tr\u00ed kh\u1eafp n\u01a1i tr\u00ean th\u1ebf gi\u1edbi.\",\"sameAs\":[\"https:\/\/www.ivivu.com\"],\"url\":\"https:\/\/www.ivivu.com\/blog\/author\/meovivu\/\"}]}<\/script>\n<!-- \/ Yoast SEO Premium plugin. -->","yoast_head_json":{"title":"Ch\u1ed1n b\u00ecnh y\u00ean Ana Mandara Villas \u0110\u00e0 L\u1ea1t, khu ngh\u1ec9 d\u01b0\u1ee1ng","description":"\u1ea8n hi\u1ec7n tr\u00ean ng\u1ecdn \u0111\u1ed3i th\u00f4ng xanh m\u01b0\u1edbt l\u00e0 nh\u1eefng c\u0103n bi\u1ec7t th\u1ef1 mang ki\u1ebfn tr\u00fac Ph\u00e1p c\u1ed5 k\u00ednh thu\u1ed9c khu ngh\u1ec9 d\u01b0\u1ee1ng 5 sao Ana Mandara \u0110\u00e0 L\u1ea1t","robots":{"index":"index","follow":"follow","max-snippet":"max-snippet:-1","max-image-preview":"max-image-preview:large","max-video-preview":"max-video-preview:-1"},"canonical":"https:\/\/www.ivivu.com\/blog\/2012\/12\/chon-binh-yen-ana-mandara-villas-da-lat\/","twitter_misc":{"\u0110\u01b0\u1ee3c vi\u1ebft b\u1edfi":"iVIVU.com","\u01af\u1edbc t\u00ednh th\u1eddi gian \u0111\u1ecdc":"6 ph\u00fat"},"schema":{"@context":"https:\/\/schema.org","@graph":[{"@type":"Article","@id":"https:\/\/www.ivivu.com\/blog\/2012\/12\/chon-binh-yen-ana-mandara-villas-da-lat\/#article","isPartOf":{"@id":"https:\/\/www.ivivu.com\/blog\/2012\/12\/chon-binh-yen-ana-mandara-villas-da-lat\/"},"author":{"name":"iVIVU.com","@id":"https:\/\/www.ivivu.com\/blog\/#\/schema\/person\/607d4d3c83f947c4656feb13ec341661"},"headline":"Ch\u1ed1n b\u00ecnh y\u00ean Ana Mandara Villas \u0110\u00e0 L\u1ea1t","datePublished":"2012-12-19T07:41:37+00:00","dateModified":"2013-07-05T03:56:49+00:00","mainEntityOfPage":{"@id":"https:\/\/www.ivivu.com\/blog\/2012\/12\/chon-binh-yen-ana-mandara-villas-da-lat\/"},"wordCount":1304,"publisher":{"@id":"https:\/\/www.ivivu.com\/blog\/#organization"},"image":{"@id":"https:\/\/www.ivivu.com\/blog\/2012\/12\/chon-binh-yen-ana-mandara-villas-da-lat\/#primaryimage"},"thumbnailUrl":"https:\/\/cdn3.ivivu.com\/2012\/12\/2buaan.jpg","keywords":["Ana Mandara","\u0110\u00e0 L\u1ea1t","khu ngh\u1ec9 d\u01b0\u1ee1ng","resort 5 sao","villas"],"articleSection":["CH\u00daNG T\u00d4I","Du l\u1ecbch \u0110\u00e0 L\u1ea1t"],"inLanguage":"vi"},{"@type":"WebPage","@id":"https:\/\/www.ivivu.com\/blog\/2012\/12\/chon-binh-yen-ana-mandara-villas-da-lat\/","url":"https:\/\/www.ivivu.com\/blog\/2012\/12\/chon-binh-yen-ana-mandara-villas-da-lat\/","name":"Ch\u1ed1n b\u00ecnh y\u00ean Ana Mandara Villas \u0110\u00e0 L\u1ea1t, khu ngh\u1ec9 d\u01b0\u1ee1ng","isPartOf":{"@id":"https:\/\/www.ivivu.com\/blog\/#website"},"primaryImageOfPage":{"@id":"https:\/\/www.ivivu.com\/blog\/2012\/12\/chon-binh-yen-ana-mandara-villas-da-lat\/#primaryimage"},"image":{"@id":"https:\/\/www.ivivu.com\/blog\/2012\/12\/chon-binh-yen-ana-mandara-villas-da-lat\/#primaryimage"},"thumbnailUrl":"https:\/\/cdn3.ivivu.com\/2012\/12\/2buaan.jpg","datePublished":"2012-12-19T07:41:37+00:00","dateModified":"2013-07-05T03:56:49+00:00","description":"\u1ea8n hi\u1ec7n tr\u00ean ng\u1ecdn \u0111\u1ed3i th\u00f4ng xanh m\u01b0\u1edbt l\u00e0 nh\u1eefng c\u0103n bi\u1ec7t th\u1ef1 mang ki\u1ebfn tr\u00fac Ph\u00e1p c\u1ed5 k\u00ednh thu\u1ed9c khu ngh\u1ec9 d\u01b0\u1ee1ng 5 sao Ana Mandara \u0110\u00e0 L\u1ea1t","breadcrumb":{"@id":"https:\/\/www.ivivu.com\/blog\/2012\/12\/chon-binh-yen-ana-mandara-villas-da-lat\/#breadcrumb"},"inLanguage":"vi","potentialAction":[{"@type":"ReadAction","target":["https:\/\/www.ivivu.com\/blog\/2012\/12\/chon-binh-yen-ana-mandara-villas-da-lat\/"]}]},{"@type":"ImageObject","inLanguage":"vi","@id":"https:\/\/www.ivivu.com\/blog\/2012\/12\/chon-binh-yen-ana-mandara-villas-da-lat\/#primaryimage","url":"https:\/\/cdn3.ivivu.com\/2012\/12\/2buaan.jpg","contentUrl":"https:\/\/cdn3.ivivu.com\/2012\/12\/2buaan.jpg","width":"540","height":"305","caption":"V\u01b0\u1eddn rau xanh cung c\u1ea5p nh\u1eefng nguy\u00ean li\u1ec7u th\u1eadt t\u01b0\u01a1i ngon"},{"@type":"BreadcrumbList","@id":"https:\/\/www.ivivu.com\/blog\/2012\/12\/chon-binh-yen-ana-mandara-villas-da-lat\/#breadcrumb","itemListElement":[{"@type":"ListItem","position":1,"name":"Home","item":"https:\/\/www.ivivu.com\/blog\/"},{"@type":"ListItem","position":2,"name":"Ch\u1ed1n b\u00ecnh y\u00ean Ana Mandara Villas \u0110\u00e0 L\u1ea1t"}]},{"@type":"WebSite","@id":"https:\/\/www.ivivu.com\/blog\/#website","url":"https:\/\/www.ivivu.com\/blog\/","name":"C\u1ea9m nang du l\u1ecbch","description":"","publisher":{"@id":"https:\/\/www.ivivu.com\/blog\/#organization"},"potentialAction":[{"@type":"SearchAction","target":{"@type":"EntryPoint","urlTemplate":"https:\/\/www.ivivu.com\/blog\/?s={search_term_string}"},"query-input":"required name=search_term_string"}],"inLanguage":"vi"},{"@type":"Organization","@id":"https:\/\/www.ivivu.com\/blog\/#organization","name":"iVIVU.com","url":"https:\/\/www.ivivu.com\/blog\/","logo":{"@type":"ImageObject","inLanguage":"vi","@id":"https:\/\/www.ivivu.com\/blog\/#\/schema\/logo\/image\/","url":"https:\/\/cdn3.ivivu.com\/2024\/01\/ivivu_no_slogan.png","contentUrl":"https:\/\/cdn3.ivivu.com\/2024\/01\/ivivu_no_slogan.png","width":788,"height":565,"caption":"iVIVU.com"},"image":{"@id":"https:\/\/www.ivivu.com\/blog\/#\/schema\/logo\/image\/"},"sameAs":["https:\/\/www.facebook.com\/iVIVU"]},{"@type":"Person","@id":"https:\/\/www.ivivu.com\/blog\/#\/schema\/person\/607d4d3c83f947c4656feb13ec341661","name":"iVIVU.com","description":"C\u1ea9m nang du l\u1ecbch \u2013 C\u00f9ng iVIVU - Trang th\u00f4ng tin du l\u1ecbch c\u1ee7a H\u1ec7 th\u1ed1ng \u0111\u1eb7t ph\u00f2ng kh\u00e1ch s\u1ea1n tr\u1ef1c tuy\u1ebfn iVIVU.com. Chia s\u1ebb th\u00f4ng tin h\u1eefu \u00edch v\u1ec1 du l\u1ecbch, v\u0103n h\u00f3a, \u1ea9m th\u1ef1c, c\u00e1c s\u1ef1 ki\u1ec7n vui ch\u01a1i gi\u1ea3i tr\u00ed kh\u1eafp n\u01a1i tr\u00ean th\u1ebf gi\u1edbi.","sameAs":["https:\/\/www.ivivu.com"],"url":"https:\/\/www.ivivu.com\/blog\/author\/meovivu\/"}]}},"_links":{"self":[{"href":"https:\/\/www.ivivu.com\/blog\/wp-json\/wp\/v2\/posts\/6842"}],"collection":[{"href":"https:\/\/www.ivivu.com\/blog\/wp-json\/wp\/v2\/posts"}],"about":[{"href":"https:\/\/www.ivivu.com\/blog\/wp-json\/wp\/v2\/types\/post"}],"author":[{"embeddable":true,"href":"https:\/\/www.ivivu.com\/blog\/wp-json\/wp\/v2\/users\/3"}],"replies":[{"embeddable":true,"href":"https:\/\/www.ivivu.com\/blog\/wp-json\/wp\/v2\/comments?post=6842"}],"version-history":[{"count":7,"href":"https:\/\/www.ivivu.com\/blog\/wp-json\/wp\/v2\/posts\/6842\/revisions"}],"predecessor-version":[{"id":6850,"href":"https:\/\/www.ivivu.com\/blog\/wp-json\/wp\/v2\/posts\/6842\/revisions\/6850"}],"wp:featuredmedia":[{"embeddable":true,"href":"https:\/\/www.ivivu.com\/blog\/wp-json\/wp\/v2\/media\/6845"}],"wp:attachment":[{"href":"https:\/\/www.ivivu.com\/blog\/wp-json\/wp\/v2\/media?parent=6842"}],"wp:term":[{"taxonomy":"category","embeddable":true,"href":"https:\/\/www.ivivu.com\/blog\/wp-json\/wp\/v2\/categories?post=6842"},{"taxonomy":"post_tag","embeddable":true,"href":"https:\/\/www.ivivu.com\/blog\/wp-json\/wp\/v2\/tags?post=6842"}],"curies":[{"name":"wp","href":"https:\/\/api.w.org\/{rel}","templated":true}]}}