{"id":7446,"date":"2013-01-15T12:13:44","date_gmt":"2013-01-15T05:13:44","guid":{"rendered":"http:\/\/www.ivivu.com\/blog\/?p=7446"},"modified":"2015-10-15T17:05:44","modified_gmt":"2015-10-15T10:05:44","slug":"nhung-dieu-chan-thuc-nhat-ve-dat-nuoc-myanmar","status":"publish","type":"post","link":"https:\/\/www.ivivu.com\/blog\/2013\/01\/nhung-dieu-chan-thuc-nhat-ve-dat-nuoc-myanmar\/","title":{"rendered":"Nh\u1eefng \u0111i\u1ec1u ch\u00e2n th\u1ef1c nh\u1ea5t v\u1ec1 \u0111\u1ea5t n\u01b0\u1edbc Myanmar"},"content":{"rendered":"<p>\u0110\u00e2y l\u00e0 nh\u1eefng ghi ch\u00e9p c\u1ee7a m\u1ed9t ng\u01b0\u1eddi nhi\u1ec1u n\u0103m sinh s\u1ed1ng t\u1ea1i \u0111\u1ea5t n\u01b0\u1edbc <strong>Myanmar<\/strong>, mang \u0111\u1ebfn cho b\u1ea1n <strong>c\u00e1i nh\u00ecn ch\u00e2n th\u1ef1c nh\u1ea5t<\/strong> v\u1ec1 Qu\u1ed1c gia \u0110\u00f4ng Nam \u00c1 n\u00e0y. B\u1edfi \u0111a ph\u1ea7n h\u00ecnh \u1ea3nh du kh\u00e1ch ghi l\u1ea1i ch\u1ec9 ph\u1ea3n \u00e1nh ph\u1ea7n s\u00e1ng nh\u1ea5t, \u0111\u1eb9p nh\u1ea5t \u1edf Myanmar.<\/p>\n<h2><strong>D\u00e2n ngh\u00e8o Myanmar b\u00ean nh\u1eefng ng\u00f4i ch\u00f9a d\u00e1t v\u00e0ng<\/strong><\/h2>\n<p>Myanmar c\u00f3 nhi\u1ec1u kho\u00e1ng s\u1ea3n nh\u01b0ng ch\u1ee7 y\u1ebfu l\u00e0 c\u00e1c lo\u1ea1i \u0111\u00e1 qu\u00fd nh\u01b0 Ruby, c\u1ea9m th\u1ea1ch&#8230; v\u00e0o lo\u1ea1i t\u1ed1t nh\u1ea5t th\u1ebf gi\u1edbi. C\u00e1c lo\u1ea1i \u0111\u00e1 c\u1ea9m th\u1ea1ch nguy\u00ean kh\u1ed1i r\u1ea5t to \u0111\u01b0\u1ee3c s\u1eed d\u1ee5ng \u0111\u1ec3 t\u1ea1c c\u00e1c t\u01b0\u1ee3ng ph\u1eadt l\u1edbn.<\/p>\n<p><a href=\"https:\/\/cdn3.ivivu.com\/2013\/01\/myanmar.jpg\"><img loading=\"lazy\" decoding=\"async\" class=\"aligncenter size-full wp-image-7448\" title=\"Myanmar - iVIVU.com\" src=\"https:\/\/cdn3.ivivu.com\/2013\/01\/myanmar.jpg\" alt=\"Myanmar - iVIVU.com\" width=\"540\" height=\"345\" \/><\/a><\/p>\n<p>Ng\u01b0\u1eddi d\u00e2n s\u00f9ng b\u00e1i \u0111\u1ea1o ph\u1eadt, vi\u1ec7c d\u00e2ng ti\u1ec1n, v\u00e0ng, \u0111\u00e1 qu\u00fd \u0111\u1ec3 x\u00e2y d\u1ef1ng ch\u00f9a r\u1ea5t ph\u1ed5 bi\u1ebfn trong d\u00e2n ch\u00fang. H\u1ea7u h\u1ebft ch\u00f9a \u0111\u1ec1u c\u00f3 \u0111\u1ec9nh d\u00e1t v\u00e0ng, th\u1ec3 hi\u1ec3n s\u1ef1 ph\u1ed3n th\u1ecbnh c\u1ee7a t\u00f4n gi\u00e1o. Nh\u01b0ng b\u00ean c\u1ea1nh \u0111\u00f3 l\u00e0 s\u1ef1 \u0111\u00f3i kh\u1ed5 c\u1ee7a ng\u01b0\u1eddi d\u00e2n s\u1ed1ng xung quanh ch\u00f9a. \u0110a s\u1ed1 d\u00e2n c\u01b0 thu nh\u1eadp r\u1ea5t th\u1ea5p, cu\u1ed9c s\u1ed1ng \u0111\u00f3i kh\u1ed5, nh\u00e0 c\u1eeda s\u1eadp x\u1ec7, kh\u00f4ng c\u00f3 c\u00f4ng tr\u00ecnh ph\u1ee5, \u0111\u01b0\u1eddng x\u00e1 r\u1ea5t t\u1ec7. N\u01a1i du kh\u00e1ch th\u01b0\u1eddng ch\u1ee5p h\u00ecnh ch\u1ec9 l\u00e0 m\u1ed9t ph\u1ea7n nh\u1ecf nh\u01b0ng s\u00e1ng nh\u1ea5t \u1edf Myanmar m\u00e0 th\u00f4i.<\/p>\n<p><!--more--><\/p>\n<h2><strong>\u1ea8m th\u1ef1c: S\u1ef1 pha tr\u1ed9n gi\u1eefa \u1ea4n \u0110\u1ed9, Th\u00e1i Lan, Trung Qu\u1ed1c<\/strong><\/h2>\n<p>\u1ea8m th\u1ef1c Myanmar l\u00e0 s\u1ef1 pha tr\u1ed9n gi\u1eefa \u1ea9m th\u1ef1c \u1ea4n \u0110\u1ed9, Th\u00e1i Lan v\u00e0 Trung Qu\u1ed1c. \u0110\u1eb7c bi\u1ec7t, ng\u01b0\u1eddi d\u00e2n Myanmar kh\u00f4ng s\u1eed d\u1ee5ng th\u00eca, \u0111\u0169a nh\u01b0 m\u00ecnh. H\u1ecd ch\u1ec9 d\u00f9ng tay \u0111\u1ec3 \u0103n. Nhi\u1ec1u kh\u00e1ch du l\u1ecbch ch\u1ec9 \u0111\u1ebfn nh\u1eefng n\u01a1i chuy\u00ean d\u00e0nh cho ng\u01b0\u1eddi n\u01b0\u1edbc ngo\u00e0i n\u00ean h\u1ecd ph\u1ee5c v\u1ee5 th\u00eca, \u0111\u0169a v\u00e0 c\u00e1c m\u00f3n \u0103n T\u00e2y, T\u00e0u&#8230;<\/p>\n<h2><strong>Xe bus l\u00e0 ph\u01b0\u01a1ng ti\u1ec7n giao th\u00f4ng ch\u00ednh<\/strong><\/h2>\n<p>H\u1ec7 th\u1ed1ng giao th\u00f4ng c\u1ee7a Myanmar ch\u1ee7 y\u1ebfu l\u00e0 xe bu\u00fdt. \u0110a s\u1ed1 ng\u01b0\u1eddi d\u00e2n ngh\u00e8o kh\u00f3 kh\u00f4ng th\u1ec3 t\u1ef1 mua \u00f4 t\u00f4 n\u00ean xe bu\u00fdt l\u00e0 ph\u01b0\u01a1ng ti\u1ec7n h\u1eefu hi\u1ec7u nh\u1ea5t. H\u1ec7 th\u1ed1ng xe bu\u00fdt \u0111\u01b0\u1ee3c nh\u00e0 n\u01b0\u1edbc tr\u1ee3 gi\u00e1 n\u1ebfn r\u1ea5t r\u1ebb, h\u1ee3p t\u00fai ti\u1ec1n v\u1edbi ng\u01b0\u1eddi d\u00e2n. Tuy nhi\u00ean h\u1ec7 th\u1ed1ng xe r\u1ea5t c\u0169 v\u00e0 ch\u1ea1y \u1ea9u. Xe c\u00f3 th\u1ec3 t\u1ea3i ng\u01b0\u1eddi nhi\u1ec1u h\u01a1n m\u1ee9c c\u00f3 th\u1ec3 m\u00e0 v\u1eabn ch\u1ea1y bon bon tr\u00ean \u0111\u01b0\u1eddng. V\u00e0o nh\u1eefng gi\u1edd cao \u0111i\u1ec3m th\u00ec b\u1ea1n s\u1ebd th\u1ea5y t\u00ecnh tr\u1ea1ng c\u1ea3 \u0111\u1ed1ng ng\u01b0\u1eddi \u0111u sau xe l\u00e0 chuy\u1ec7n ph\u1ed5 bi\u1ebfn.<\/p>\n<h2><strong>\u00dd th\u1ee9c gi\u1eef g\u00ecn b\u1ea3n s\u1eafc d\u00e2n t\u1ed9c<\/strong><\/h2>\n<p>Ch\u00ednh ph\u1ee7 Myanmar lu\u00f4n duy tr\u00ec khuy\u1ebfn kh\u00edch ng\u01b0\u1eddi d\u00e2n gi\u1eef g\u00ecn b\u1ea3n s\u1eafc d\u00e2n t\u1ed9c. Ng\u01b0\u1eddi d\u00e2n v\u1eabn m\u1eb7c trang ph\u1ee5c truy\u1ec1n th\u1ed1ng khi ra \u0111\u01b0\u1eddng. Ph\u1ee5 n\u1eef th\u00ec d\u00f9ng tha na khan (m\u1ed9t lo\u1ea1i b\u1ed9t \u0111\u01b0\u1ee3c m\u00e0i t\u1eeb c\u00e2y tha na khan) l\u00e0m ph\u1ea5n trang \u0111i\u1ec3m tr\u00ean m\u1eb7t, c\u1ed5 v\u00e0 tay ch\u00e2n cho m\u00e1t da. \u0110\u00e0n \u00f4ng r\u1ea5t nhi\u1ec1u ng\u01b0\u1eddi nhai tr\u1ea7u. B\u1ea1n c\u00f3 th\u1ec3 b\u1eaft g\u1eb7p c\u00e1c \u0111i\u1ec3m b\u00e1n tr\u1ea7u cau \u0103n li\u1ec1n t\u1ea1i m\u1ed7i g\u00f3c ph\u1ed1. \u0110\u00e2y l\u00e0 m\u1ed9t phong t\u1ee5c c\u0169 hay, nh\u01b0ng vi\u1ec7c \u0103n tr\u1ea7u r\u1ed3i nh\u1ed5 n\u01b0\u1edbc tr\u1ea7u v\u00e0 b\u00e3 tr\u1ea7u tr\u00ean ph\u1ed1 l\u1ea1i g\u00e2y m\u1ea5t v\u1ec7 sinh. Tr\u00ean \u0111\u01b0\u1eddng ph\u1ed1 ch\u1ed7 n\u00e0o c\u0169ng th\u1ea5y v\u1ec7t n\u01b0\u1edbc tr\u1ea7u \u0111\u1ecf loang l\u1ed5.<\/p>\n<h2><strong>50% h\u00e0ng h\u00f3a \u0111\u1ebfn t\u1eeb Vi\u1ec7t Nam<\/strong><\/h2>\n<p>Myanmar l\u00e0 m\u1ed9t \u0111\u1ea5t n\u01b0\u1edbc b\u1ecb c\u1ea5m v\u1eadn nhi\u1ec1u n\u0103m li\u1ec1n do nhi\u1ec1u nguy\u00ean nh\u00e2n n\u00ean kh\u00f4ng ph\u00e1t tri\u1ec3n. H\u1ea7u h\u1ebft ng\u01b0\u1eddi d\u00e2n ngh\u0129 r\u1eb1ng ph\u1ea7n l\u1edbn h\u00e0ng h\u00f3a trong si\u00eau th\u1ecb \u0111\u01b0\u1ee3c nh\u1eadp kh\u1ea9u t\u1eeb Th\u00e1i Lan nh\u01b0ng th\u1ef1c t\u1ebf tr\u00ean 50% h\u00e0ng h\u00f3a trong si\u00eau th\u1ecb l\u00e0 t\u1eeb Vi\u1ec7t Nam. B\u1ea1n c\u00f3 th\u1ec3 ki\u1ec3m ch\u1ee9ng \u0111i\u1ec1u \u0111\u00f3 n\u1ebfu b\u1ea1n d\u1ea1o m\u1ed9t v\u00f2ng c\u00e1c si\u00eau th\u1ecb l\u1edbn t\u1ea1i trung t\u00e2m th\u00e0nh ph\u1ed1. \u0110a s\u1ed1 ng\u01b0\u1eddi d\u00e2n kh\u00f4ng \u0111\u1ecdc \u0111\u01b0\u1ee3c ti\u1ebfng Vi\u1ec7t n\u00ean c\u1ee9 ngh\u0129 \u0111\u00f3 l\u00e0 ti\u1ebfng Th\u00e1i.<\/p>\n<p>***<\/p>\n<p>Ngu\u1ed3n: <a title=\"C\u1ea9m nang du l\u1ecbch iVIVU\" href=\"https:\/\/www.ivivu.com\/blog\/\" target=\"_blank\">C\u1ea9m nang du l\u1ecbch iVIVU<\/a> &#8211; Theo Ngoisao<\/p>\n<p>Tham kh\u1ea3o <a href=\"https:\/\/www.ivivu.com\/khach-san-rangoon-yangon-?utm_source=blog_ivivu&amp;utm_medium=post_link&amp;utm_campaign=internal\" target=\"_blank\">kh\u00e1ch s\u1ea1n Yangon<\/a><\/p>\n","protected":false},"excerpt":{"rendered":"<p>\u0110\u00e2y l\u00e0 nh\u1eefng ghi ch\u00e9p c\u1ee7a m\u1ed9t ng\u01b0\u1eddi nhi\u1ec1u n\u0103m sinh s\u1ed1ng t\u1ea1i \u0111\u1ea5t n\u01b0\u1edbc Myanmar, mang \u0111\u1ebfn cho b\u1ea1n c\u00e1i nh\u00ecn ch\u00e2n th\u1ef1c nh\u1ea5t v\u1ec1 Qu\u1ed1c gia \u0110\u00f4ng Nam \u00c1 n\u00e0y. B\u1edfi \u0111a ph\u1ea7n h\u00ecnh \u1ea3nh du kh\u00e1ch ghi&#8230;<\/p>\n","protected":false},"author":3,"featured_media":10476,"comment_status":"closed","ping_status":"open","sticky":false,"template":"","format":"standard","meta":{"_acf_changed":false,"footnotes":""},"categories":[297,10,800],"tags":[6116,896,6117,4242],"acf":[],"yoast_head":"<!-- This site is optimized with the Yoast SEO Premium plugin v22.6 (Yoast SEO v22.6) - https:\/\/yoast.com\/wordpress\/plugins\/seo\/ -->\n<title>Nh\u1eefng \u0111i\u1ec1u ch\u00e2n th\u1ef1c nh\u1ea5t v\u1ec1 \u0111\u1ea5t n\u01b0\u1edbc Myanmar<\/title>\n<meta name=\"description\" content=\"\u0110\u00e2y l\u00e0 nh\u1eefng ghi ch\u00e9p c\u1ee7a m\u1ed9t ng\u01b0\u1eddi nhi\u1ec1u n\u0103m sinh s\u1ed1ng t\u1ea1i \u0111\u1ea5t n\u01b0\u1edbc Myanmar, mang \u0111\u1ebfn cho b\u1ea1n c\u00e1i nh\u00ecn ch\u00e2n th\u1ef1c nh\u1ea5t v\u1ec1 Qu\u1ed1c gia \u0110\u00f4ng Nam \u00c1 n\u00e0y\" \/>\n<meta name=\"robots\" content=\"index, follow, max-snippet:-1, max-image-preview:large, max-video-preview:-1\" \/>\n<link rel=\"canonical\" href=\"https:\/\/www.ivivu.com\/blog\/2013\/01\/nhung-dieu-chan-thuc-nhat-ve-dat-nuoc-myanmar\/\" \/>\n<meta name=\"twitter:label1\" content=\"\u0110\u01b0\u1ee3c vi\u1ebft b\u1edfi\" \/>\n\t<meta name=\"twitter:data1\" content=\"iVIVU.com\" \/>\n\t<meta name=\"twitter:label2\" content=\"\u01af\u1edbc t\u00ednh th\u1eddi gian \u0111\u1ecdc\" \/>\n\t<meta name=\"twitter:data2\" content=\"5 ph\u00fat\" \/>\n<script type=\"application\/ld+json\" class=\"yoast-schema-graph\">{\"@context\":\"https:\/\/schema.org\",\"@graph\":[{\"@type\":\"Article\",\"@id\":\"https:\/\/www.ivivu.com\/blog\/2013\/01\/nhung-dieu-chan-thuc-nhat-ve-dat-nuoc-myanmar\/#article\",\"isPartOf\":{\"@id\":\"https:\/\/www.ivivu.com\/blog\/2013\/01\/nhung-dieu-chan-thuc-nhat-ve-dat-nuoc-myanmar\/\"},\"author\":{\"name\":\"iVIVU.com\",\"@id\":\"https:\/\/www.ivivu.com\/blog\/#\/schema\/person\/607d4d3c83f947c4656feb13ec341661\"},\"headline\":\"Nh\u1eefng \u0111i\u1ec1u ch\u00e2n th\u1ef1c nh\u1ea5t v\u1ec1 \u0111\u1ea5t n\u01b0\u1edbc Myanmar\",\"datePublished\":\"2013-01-15T05:13:44+00:00\",\"dateModified\":\"2015-10-15T10:05:44+00:00\",\"mainEntityOfPage\":{\"@id\":\"https:\/\/www.ivivu.com\/blog\/2013\/01\/nhung-dieu-chan-thuc-nhat-ve-dat-nuoc-myanmar\/\"},\"wordCount\":956,\"publisher\":{\"@id\":\"https:\/\/www.ivivu.com\/blog\/#organization\"},\"image\":{\"@id\":\"https:\/\/www.ivivu.com\/blog\/2013\/01\/nhung-dieu-chan-thuc-nhat-ve-dat-nuoc-myanmar\/#primaryimage\"},\"thumbnailUrl\":\"https:\/\/cdn3.ivivu.com\/2013\/01\/myanmar1.jpg\",\"keywords\":[\"du l\u1ecbch mi\u1ebfn \u0111i\u1ec7n\",\"Du l\u1ecbch Myanmar\",\"\u0111i\u1ec3m \u0111\u1ebfn n\u1ed5i ti\u1ebfng \u1edf myanmar\",\"kinh nghi\u1ec7m du l\u1ecbch myanmar\"],\"articleSection\":[\"Du l\u1ecbch Myanmar\",\"\u0110I V\u00c0 NGH\u0128\",\"T\u1ef1 S\u1ef1\"],\"inLanguage\":\"vi\"},{\"@type\":\"WebPage\",\"@id\":\"https:\/\/www.ivivu.com\/blog\/2013\/01\/nhung-dieu-chan-thuc-nhat-ve-dat-nuoc-myanmar\/\",\"url\":\"https:\/\/www.ivivu.com\/blog\/2013\/01\/nhung-dieu-chan-thuc-nhat-ve-dat-nuoc-myanmar\/\",\"name\":\"Nh\u1eefng \u0111i\u1ec1u ch\u00e2n th\u1ef1c nh\u1ea5t v\u1ec1 \u0111\u1ea5t n\u01b0\u1edbc Myanmar\",\"isPartOf\":{\"@id\":\"https:\/\/www.ivivu.com\/blog\/#website\"},\"primaryImageOfPage\":{\"@id\":\"https:\/\/www.ivivu.com\/blog\/2013\/01\/nhung-dieu-chan-thuc-nhat-ve-dat-nuoc-myanmar\/#primaryimage\"},\"image\":{\"@id\":\"https:\/\/www.ivivu.com\/blog\/2013\/01\/nhung-dieu-chan-thuc-nhat-ve-dat-nuoc-myanmar\/#primaryimage\"},\"thumbnailUrl\":\"https:\/\/cdn3.ivivu.com\/2013\/01\/myanmar1.jpg\",\"datePublished\":\"2013-01-15T05:13:44+00:00\",\"dateModified\":\"2015-10-15T10:05:44+00:00\",\"description\":\"\u0110\u00e2y l\u00e0 nh\u1eefng ghi ch\u00e9p c\u1ee7a m\u1ed9t ng\u01b0\u1eddi nhi\u1ec1u n\u0103m sinh s\u1ed1ng t\u1ea1i \u0111\u1ea5t n\u01b0\u1edbc Myanmar, mang \u0111\u1ebfn cho b\u1ea1n c\u00e1i nh\u00ecn ch\u00e2n th\u1ef1c nh\u1ea5t v\u1ec1 Qu\u1ed1c gia \u0110\u00f4ng Nam \u00c1 n\u00e0y\",\"breadcrumb\":{\"@id\":\"https:\/\/www.ivivu.com\/blog\/2013\/01\/nhung-dieu-chan-thuc-nhat-ve-dat-nuoc-myanmar\/#breadcrumb\"},\"inLanguage\":\"vi\",\"potentialAction\":[{\"@type\":\"ReadAction\",\"target\":[\"https:\/\/www.ivivu.com\/blog\/2013\/01\/nhung-dieu-chan-thuc-nhat-ve-dat-nuoc-myanmar\/\"]}]},{\"@type\":\"ImageObject\",\"inLanguage\":\"vi\",\"@id\":\"https:\/\/www.ivivu.com\/blog\/2013\/01\/nhung-dieu-chan-thuc-nhat-ve-dat-nuoc-myanmar\/#primaryimage\",\"url\":\"https:\/\/cdn3.ivivu.com\/2013\/01\/myanmar1.jpg\",\"contentUrl\":\"https:\/\/cdn3.ivivu.com\/2013\/01\/myanmar1.jpg\",\"width\":540,\"height\":345,\"caption\":\"Du l\u1ecbch Myanmar - iVIVU.com\"},{\"@type\":\"BreadcrumbList\",\"@id\":\"https:\/\/www.ivivu.com\/blog\/2013\/01\/nhung-dieu-chan-thuc-nhat-ve-dat-nuoc-myanmar\/#breadcrumb\",\"itemListElement\":[{\"@type\":\"ListItem\",\"position\":1,\"name\":\"Home\",\"item\":\"https:\/\/www.ivivu.com\/blog\/\"},{\"@type\":\"ListItem\",\"position\":2,\"name\":\"Nh\u1eefng \u0111i\u1ec1u ch\u00e2n th\u1ef1c nh\u1ea5t v\u1ec1 \u0111\u1ea5t n\u01b0\u1edbc Myanmar\"}]},{\"@type\":\"WebSite\",\"@id\":\"https:\/\/www.ivivu.com\/blog\/#website\",\"url\":\"https:\/\/www.ivivu.com\/blog\/\",\"name\":\"C\u1ea9m nang du l\u1ecbch\",\"description\":\"\",\"publisher\":{\"@id\":\"https:\/\/www.ivivu.com\/blog\/#organization\"},\"potentialAction\":[{\"@type\":\"SearchAction\",\"target\":{\"@type\":\"EntryPoint\",\"urlTemplate\":\"https:\/\/www.ivivu.com\/blog\/?s={search_term_string}\"},\"query-input\":\"required name=search_term_string\"}],\"inLanguage\":\"vi\"},{\"@type\":\"Organization\",\"@id\":\"https:\/\/www.ivivu.com\/blog\/#organization\",\"name\":\"iVIVU.com\",\"url\":\"https:\/\/www.ivivu.com\/blog\/\",\"logo\":{\"@type\":\"ImageObject\",\"inLanguage\":\"vi\",\"@id\":\"https:\/\/www.ivivu.com\/blog\/#\/schema\/logo\/image\/\",\"url\":\"https:\/\/cdn3.ivivu.com\/2024\/01\/ivivu_no_slogan.png\",\"contentUrl\":\"https:\/\/cdn3.ivivu.com\/2024\/01\/ivivu_no_slogan.png\",\"width\":788,\"height\":565,\"caption\":\"iVIVU.com\"},\"image\":{\"@id\":\"https:\/\/www.ivivu.com\/blog\/#\/schema\/logo\/image\/\"},\"sameAs\":[\"https:\/\/www.facebook.com\/iVIVU\"]},{\"@type\":\"Person\",\"@id\":\"https:\/\/www.ivivu.com\/blog\/#\/schema\/person\/607d4d3c83f947c4656feb13ec341661\",\"name\":\"iVIVU.com\",\"description\":\"C\u1ea9m nang du l\u1ecbch \u2013 C\u00f9ng iVIVU - Trang th\u00f4ng tin du l\u1ecbch c\u1ee7a H\u1ec7 th\u1ed1ng \u0111\u1eb7t ph\u00f2ng kh\u00e1ch s\u1ea1n tr\u1ef1c tuy\u1ebfn iVIVU.com. Chia s\u1ebb th\u00f4ng tin h\u1eefu \u00edch v\u1ec1 du l\u1ecbch, v\u0103n h\u00f3a, \u1ea9m th\u1ef1c, c\u00e1c s\u1ef1 ki\u1ec7n vui ch\u01a1i gi\u1ea3i tr\u00ed kh\u1eafp n\u01a1i tr\u00ean th\u1ebf gi\u1edbi.\",\"sameAs\":[\"https:\/\/www.ivivu.com\"],\"url\":\"https:\/\/www.ivivu.com\/blog\/author\/meovivu\/\"}]}<\/script>\n<!-- \/ Yoast SEO Premium plugin. -->","yoast_head_json":{"title":"Nh\u1eefng \u0111i\u1ec1u ch\u00e2n th\u1ef1c nh\u1ea5t v\u1ec1 \u0111\u1ea5t n\u01b0\u1edbc Myanmar","description":"\u0110\u00e2y l\u00e0 nh\u1eefng ghi ch\u00e9p c\u1ee7a m\u1ed9t ng\u01b0\u1eddi nhi\u1ec1u n\u0103m sinh s\u1ed1ng t\u1ea1i \u0111\u1ea5t n\u01b0\u1edbc Myanmar, mang \u0111\u1ebfn cho b\u1ea1n c\u00e1i nh\u00ecn ch\u00e2n th\u1ef1c nh\u1ea5t v\u1ec1 Qu\u1ed1c gia \u0110\u00f4ng Nam \u00c1 n\u00e0y","robots":{"index":"index","follow":"follow","max-snippet":"max-snippet:-1","max-image-preview":"max-image-preview:large","max-video-preview":"max-video-preview:-1"},"canonical":"https:\/\/www.ivivu.com\/blog\/2013\/01\/nhung-dieu-chan-thuc-nhat-ve-dat-nuoc-myanmar\/","twitter_misc":{"\u0110\u01b0\u1ee3c vi\u1ebft b\u1edfi":"iVIVU.com","\u01af\u1edbc t\u00ednh th\u1eddi gian \u0111\u1ecdc":"5 ph\u00fat"},"schema":{"@context":"https:\/\/schema.org","@graph":[{"@type":"Article","@id":"https:\/\/www.ivivu.com\/blog\/2013\/01\/nhung-dieu-chan-thuc-nhat-ve-dat-nuoc-myanmar\/#article","isPartOf":{"@id":"https:\/\/www.ivivu.com\/blog\/2013\/01\/nhung-dieu-chan-thuc-nhat-ve-dat-nuoc-myanmar\/"},"author":{"name":"iVIVU.com","@id":"https:\/\/www.ivivu.com\/blog\/#\/schema\/person\/607d4d3c83f947c4656feb13ec341661"},"headline":"Nh\u1eefng \u0111i\u1ec1u ch\u00e2n th\u1ef1c nh\u1ea5t v\u1ec1 \u0111\u1ea5t n\u01b0\u1edbc Myanmar","datePublished":"2013-01-15T05:13:44+00:00","dateModified":"2015-10-15T10:05:44+00:00","mainEntityOfPage":{"@id":"https:\/\/www.ivivu.com\/blog\/2013\/01\/nhung-dieu-chan-thuc-nhat-ve-dat-nuoc-myanmar\/"},"wordCount":956,"publisher":{"@id":"https:\/\/www.ivivu.com\/blog\/#organization"},"image":{"@id":"https:\/\/www.ivivu.com\/blog\/2013\/01\/nhung-dieu-chan-thuc-nhat-ve-dat-nuoc-myanmar\/#primaryimage"},"thumbnailUrl":"https:\/\/cdn3.ivivu.com\/2013\/01\/myanmar1.jpg","keywords":["du l\u1ecbch mi\u1ebfn \u0111i\u1ec7n","Du l\u1ecbch Myanmar","\u0111i\u1ec3m \u0111\u1ebfn n\u1ed5i ti\u1ebfng \u1edf myanmar","kinh nghi\u1ec7m du l\u1ecbch myanmar"],"articleSection":["Du l\u1ecbch Myanmar","\u0110I V\u00c0 NGH\u0128","T\u1ef1 S\u1ef1"],"inLanguage":"vi"},{"@type":"WebPage","@id":"https:\/\/www.ivivu.com\/blog\/2013\/01\/nhung-dieu-chan-thuc-nhat-ve-dat-nuoc-myanmar\/","url":"https:\/\/www.ivivu.com\/blog\/2013\/01\/nhung-dieu-chan-thuc-nhat-ve-dat-nuoc-myanmar\/","name":"Nh\u1eefng \u0111i\u1ec1u ch\u00e2n th\u1ef1c nh\u1ea5t v\u1ec1 \u0111\u1ea5t n\u01b0\u1edbc Myanmar","isPartOf":{"@id":"https:\/\/www.ivivu.com\/blog\/#website"},"primaryImageOfPage":{"@id":"https:\/\/www.ivivu.com\/blog\/2013\/01\/nhung-dieu-chan-thuc-nhat-ve-dat-nuoc-myanmar\/#primaryimage"},"image":{"@id":"https:\/\/www.ivivu.com\/blog\/2013\/01\/nhung-dieu-chan-thuc-nhat-ve-dat-nuoc-myanmar\/#primaryimage"},"thumbnailUrl":"https:\/\/cdn3.ivivu.com\/2013\/01\/myanmar1.jpg","datePublished":"2013-01-15T05:13:44+00:00","dateModified":"2015-10-15T10:05:44+00:00","description":"\u0110\u00e2y l\u00e0 nh\u1eefng ghi ch\u00e9p c\u1ee7a m\u1ed9t ng\u01b0\u1eddi nhi\u1ec1u n\u0103m sinh s\u1ed1ng t\u1ea1i \u0111\u1ea5t n\u01b0\u1edbc Myanmar, mang \u0111\u1ebfn cho b\u1ea1n c\u00e1i nh\u00ecn ch\u00e2n th\u1ef1c nh\u1ea5t v\u1ec1 Qu\u1ed1c gia \u0110\u00f4ng Nam \u00c1 n\u00e0y","breadcrumb":{"@id":"https:\/\/www.ivivu.com\/blog\/2013\/01\/nhung-dieu-chan-thuc-nhat-ve-dat-nuoc-myanmar\/#breadcrumb"},"inLanguage":"vi","potentialAction":[{"@type":"ReadAction","target":["https:\/\/www.ivivu.com\/blog\/2013\/01\/nhung-dieu-chan-thuc-nhat-ve-dat-nuoc-myanmar\/"]}]},{"@type":"ImageObject","inLanguage":"vi","@id":"https:\/\/www.ivivu.com\/blog\/2013\/01\/nhung-dieu-chan-thuc-nhat-ve-dat-nuoc-myanmar\/#primaryimage","url":"https:\/\/cdn3.ivivu.com\/2013\/01\/myanmar1.jpg","contentUrl":"https:\/\/cdn3.ivivu.com\/2013\/01\/myanmar1.jpg","width":540,"height":345,"caption":"Du l\u1ecbch Myanmar - iVIVU.com"},{"@type":"BreadcrumbList","@id":"https:\/\/www.ivivu.com\/blog\/2013\/01\/nhung-dieu-chan-thuc-nhat-ve-dat-nuoc-myanmar\/#breadcrumb","itemListElement":[{"@type":"ListItem","position":1,"name":"Home","item":"https:\/\/www.ivivu.com\/blog\/"},{"@type":"ListItem","position":2,"name":"Nh\u1eefng \u0111i\u1ec1u ch\u00e2n th\u1ef1c nh\u1ea5t v\u1ec1 \u0111\u1ea5t n\u01b0\u1edbc Myanmar"}]},{"@type":"WebSite","@id":"https:\/\/www.ivivu.com\/blog\/#website","url":"https:\/\/www.ivivu.com\/blog\/","name":"C\u1ea9m nang du l\u1ecbch","description":"","publisher":{"@id":"https:\/\/www.ivivu.com\/blog\/#organization"},"potentialAction":[{"@type":"SearchAction","target":{"@type":"EntryPoint","urlTemplate":"https:\/\/www.ivivu.com\/blog\/?s={search_term_string}"},"query-input":"required name=search_term_string"}],"inLanguage":"vi"},{"@type":"Organization","@id":"https:\/\/www.ivivu.com\/blog\/#organization","name":"iVIVU.com","url":"https:\/\/www.ivivu.com\/blog\/","logo":{"@type":"ImageObject","inLanguage":"vi","@id":"https:\/\/www.ivivu.com\/blog\/#\/schema\/logo\/image\/","url":"https:\/\/cdn3.ivivu.com\/2024\/01\/ivivu_no_slogan.png","contentUrl":"https:\/\/cdn3.ivivu.com\/2024\/01\/ivivu_no_slogan.png","width":788,"height":565,"caption":"iVIVU.com"},"image":{"@id":"https:\/\/www.ivivu.com\/blog\/#\/schema\/logo\/image\/"},"sameAs":["https:\/\/www.facebook.com\/iVIVU"]},{"@type":"Person","@id":"https:\/\/www.ivivu.com\/blog\/#\/schema\/person\/607d4d3c83f947c4656feb13ec341661","name":"iVIVU.com","description":"C\u1ea9m nang du l\u1ecbch \u2013 C\u00f9ng iVIVU - Trang th\u00f4ng tin du l\u1ecbch c\u1ee7a H\u1ec7 th\u1ed1ng \u0111\u1eb7t ph\u00f2ng kh\u00e1ch s\u1ea1n tr\u1ef1c tuy\u1ebfn iVIVU.com. Chia s\u1ebb th\u00f4ng tin h\u1eefu \u00edch v\u1ec1 du l\u1ecbch, v\u0103n h\u00f3a, \u1ea9m th\u1ef1c, c\u00e1c s\u1ef1 ki\u1ec7n vui ch\u01a1i gi\u1ea3i tr\u00ed kh\u1eafp n\u01a1i tr\u00ean th\u1ebf gi\u1edbi.","sameAs":["https:\/\/www.ivivu.com"],"url":"https:\/\/www.ivivu.com\/blog\/author\/meovivu\/"}]}},"_links":{"self":[{"href":"https:\/\/www.ivivu.com\/blog\/wp-json\/wp\/v2\/posts\/7446"}],"collection":[{"href":"https:\/\/www.ivivu.com\/blog\/wp-json\/wp\/v2\/posts"}],"about":[{"href":"https:\/\/www.ivivu.com\/blog\/wp-json\/wp\/v2\/types\/post"}],"author":[{"embeddable":true,"href":"https:\/\/www.ivivu.com\/blog\/wp-json\/wp\/v2\/users\/3"}],"replies":[{"embeddable":true,"href":"https:\/\/www.ivivu.com\/blog\/wp-json\/wp\/v2\/comments?post=7446"}],"version-history":[{"count":6,"href":"https:\/\/www.ivivu.com\/blog\/wp-json\/wp\/v2\/posts\/7446\/revisions"}],"predecessor-version":[{"id":106586,"href":"https:\/\/www.ivivu.com\/blog\/wp-json\/wp\/v2\/posts\/7446\/revisions\/106586"}],"wp:featuredmedia":[{"embeddable":true,"href":"https:\/\/www.ivivu.com\/blog\/wp-json\/wp\/v2\/media\/10476"}],"wp:attachment":[{"href":"https:\/\/www.ivivu.com\/blog\/wp-json\/wp\/v2\/media?parent=7446"}],"wp:term":[{"taxonomy":"category","embeddable":true,"href":"https:\/\/www.ivivu.com\/blog\/wp-json\/wp\/v2\/categories?post=7446"},{"taxonomy":"post_tag","embeddable":true,"href":"https:\/\/www.ivivu.com\/blog\/wp-json\/wp\/v2\/tags?post=7446"}],"curies":[{"name":"wp","href":"https:\/\/api.w.org\/{rel}","templated":true}]}}