{"id":90634,"date":"2015-07-18T11:11:29","date_gmt":"2015-07-18T04:11:29","guid":{"rendered":"https:\/\/www.ivivu.com\/blog\/?p=90634"},"modified":"2015-07-17T14:14:31","modified_gmt":"2015-07-17T07:14:31","slug":"slovenia-diem-hen-gia-re-hang-dau-nam-2015","status":"publish","type":"post","link":"https:\/\/www.ivivu.com\/blog\/2015\/07\/slovenia-diem-hen-gia-re-hang-dau-nam-2015\/","title":{"rendered":"Slovenia, \u0111i\u1ec3m h\u1eb9n gi\u00e1 r\u1ebb h\u00e0ng \u0111\u1ea7u n\u0103m 2015"},"content":{"rendered":"<p style=\"text-align: justify;\"><em><strong>Theo b\u00ecnh ch\u1ecdn c\u1ee7a ph\u1ea7n l\u1edbn trang tin du l\u1ecbch l\u1edbn tr\u00ean th\u1ebf gi\u1edbi, qu\u1ed1c gia nh\u1ecf b\u00e9 Slovenia \u1edf ph\u00eda Nam ch\u00e2u \u00c2u l\u00e0 m\u1ed9t trong s\u1ed1 nh\u1eefng \u0111i\u1ec3m \u0111\u1ebfn h\u1ea5p d\u1eabn c\u00f3 chi ph\u00ed th\u1ea5p h\u00e0ng \u0111\u1ea7u trong n\u0103m 2015.<\/strong><\/em><!--more--><\/p>\n<h2>Slovenia, \u0111i\u1ec3m h\u1eb9n gi\u00e1 r\u1ebb h\u00e0ng \u0111\u1ea7u n\u0103m 2015<\/h2>\n<div id=\"attachment_90635\" style=\"width: 675px\" class=\"wp-caption aligncenter\"><a href=\"https:\/\/cdn3.ivivu.com\/2015\/07\/slovenia-diem-hen-gia-re-hang-dau-nam-2015-ivivu-1.jpg\"><img loading=\"lazy\" decoding=\"async\" aria-describedby=\"caption-attachment-90635\" class=\"wp-image-90635 size-full\" title=\"D\u1ea1o thuy\u1ec1n tr\u00ean k\u00eanh quanh th\u00e0nh ph\u1ed1 Ljubljana - \u1ea2nh: wordpress\" src=\"https:\/\/cdn3.ivivu.com\/2015\/07\/slovenia-diem-hen-gia-re-hang-dau-nam-2015-ivivu-1.jpg\" alt=\"D\u1ea1o thuy\u1ec1n tr\u00ean k\u00eanh quanh th\u00e0nh ph\u1ed1 Ljubljana - \u1ea2nh: wordpress\" width=\"665\" height=\"440\" srcset=\"https:\/\/cdn3.ivivu.com\/2015\/07\/slovenia-diem-hen-gia-re-hang-dau-nam-2015-ivivu-1.jpg 665w, https:\/\/cdn3.ivivu.com\/2015\/07\/slovenia-diem-hen-gia-re-hang-dau-nam-2015-ivivu-1-461x305.jpg 461w\" sizes=\"(max-width: 665px) 100vw, 665px\" \/><\/a><p id=\"caption-attachment-90635\" class=\"wp-caption-text\">D\u1ea1o thuy\u1ec1n tr\u00ean k\u00eanh quanh th\u00e0nh ph\u1ed1 Ljubljana &#8211; \u1ea2nh: wordpress<\/p><\/div>\n<div id=\"attachment_90636\" style=\"width: 675px\" class=\"wp-caption aligncenter\"><a href=\"https:\/\/cdn3.ivivu.com\/2015\/07\/slovenia-diem-hen-gia-re-hang-dau-nam-2015-ivivu-2.jpg\"><img loading=\"lazy\" decoding=\"async\" aria-describedby=\"caption-attachment-90636\" class=\"wp-image-90636 size-full\" title=\"M\u1ed9t con ph\u1ed1 c\u1ed5 \u1edf Ljubljana - \u1ea2nh: whattoseein\" src=\"https:\/\/cdn3.ivivu.com\/2015\/07\/slovenia-diem-hen-gia-re-hang-dau-nam-2015-ivivu-2.jpg\" alt=\"M\u1ed9t con ph\u1ed1 c\u1ed5 \u1edf Ljubljana - \u1ea2nh: whattoseein\" width=\"665\" height=\"468\" srcset=\"https:\/\/cdn3.ivivu.com\/2015\/07\/slovenia-diem-hen-gia-re-hang-dau-nam-2015-ivivu-2.jpg 665w, https:\/\/cdn3.ivivu.com\/2015\/07\/slovenia-diem-hen-gia-re-hang-dau-nam-2015-ivivu-2-433x305.jpg 433w, https:\/\/cdn3.ivivu.com\/2015\/07\/slovenia-diem-hen-gia-re-hang-dau-nam-2015-ivivu-2-50x35.jpg 50w\" sizes=\"(max-width: 665px) 100vw, 665px\" \/><\/a><p id=\"caption-attachment-90636\" class=\"wp-caption-text\">M\u1ed9t con ph\u1ed1 c\u1ed5 \u1edf Ljubljana &#8211; \u1ea2nh: whattoseein<\/p><\/div>\n<p style=\"text-align: justify;\">L\u00e0 \u0111\u1ea5t n\u01b0\u1edbc t\u01b0\u01a1ng \u0111\u1ed1i nh\u1ecf v\u00e0 \u00edt d\u00e2n nh\u01b0ng Slovenia c\u00f3 nhi\u1ec1u kh\u1ea3 n\u0103ng v\u00e0 kinh nghi\u1ec7m t\u1ed5 ch\u1ee9c c\u00e1c lo\u1ea1i h\u00ecnh du l\u1ecbch cho m\u1ecdi \u0111\u1ed1i t\u01b0\u1ee3ng v\u00e0 trong t\u1ea5t c\u1ea3 c\u00e1c m\u00f9a trong n\u0103m. S\u1edf h\u1eefu r\u1ea5t nhi\u1ec1u th\u1eafng c\u1ea3nh t\u1ef1 nhi\u00ean \u0111\u1eb7c s\u1eafc b\u00ean c\u1ea1nh n\u1ec1n v\u0103n h\u00f3a \u0111a d\u1ea1ng gi\u00fap ng\u00e0nh du l\u1ecbch n\u01b0\u1edbc n\u00e0y c\u00f3 nhi\u1ec1u ho\u1ea1t \u0111\u1ed9ng ph\u1ee5c v\u1ee5 du l\u1ecbch v\u00e0o b\u1ea5t k\u1ef3 th\u1eddi \u0111i\u1ec3m n\u00e0o.<\/p>\n<p style=\"text-align: justify;\">V\u00ec th\u1ebf, d\u00f9 \u0111\u00e3 \u0111\u1eb7t ch\u00e2n \u0111\u1ebfn ph\u1ea7n l\u1edbn l\u00e3nh th\u1ed5 Slovenia, nhi\u1ec1u du kh\u00e1ch kh\u1eb3ng \u0111\u1ecbnh h\u1ecd v\u1eabn lu\u00f4n t\u00ecm th\u1ea5y nh\u1eefng \u0111i\u1ec1u m\u1edbi m\u1ebb khi tr\u1edf l\u1ea1i \u0111\u1ea5t n\u01b0\u1edbc nh\u1ecf b\u00e9 n\u00e0y. V\u00e0 trong s\u1ed1 mu\u00f4n v\u00e0n \u0111i\u1ec3m tham quan th\u00fa v\u1ecb, c\u00f3 nh\u1eefng \u0111i\u1ec3m h\u00fat kh\u00e1ch nh\u1ea5t m\u00e0 b\u1ea1n ph\u1ea3i \u0111\u1ebfn khi ch\u1ecdn Slovenia l\u00e0m \u0111i\u1ec3m \u0111\u1ebfn cho k\u1ef3 ngh\u1ec9 2015 c\u1ee7a m\u00ecnh&#8230;<\/p>\n<p style=\"text-align: justify;\">* <strong><em>Postojna v\u00e0 Skocjan<\/em> <\/strong>l\u00e0 hai hang \u0111\u1ed9ng l\u1edbn nh\u1ea5t v\u00e0 \u1ea5n t\u01b0\u1ee3ng nh\u1ea5t n\u1eb1m tr\u00ean \u0111\u01b0\u1eddng cao t\u1ed1c n\u1ed1i th\u1ee7 \u0111\u00f4 Ljubljana v\u1edbi bi\u1ec3n Adriatic. Tuy h\u00ecnh v\u00f3c r\u1ea5t kh\u00e1c nhau nh\u01b0ng c\u1ea3 hai \u0111\u1ec1u l\u00e0 \u0111i\u1ec3m n\u00f3ng du l\u1ecbch Slovenia.<\/p>\n<p style=\"text-align: justify;\">\u0110\u00f3n h\u01a1n 35 tri\u1ec7u l\u01b0\u1ee3t kh\u00e1ch, 150 qu\u1ed1c v\u01b0\u01a1ng hay t\u1ed5ng th\u1ed1ng c\u00e1c n\u01b0\u1edbc k\u1ec3 t\u1eeb khi \u0111o\u00e0n t\u00e0u du l\u1ecbch ho\u1ea1t \u0111\u1ed9ng v\u00e0o n\u0103m 1872 v\u00e0 l\u1eafp \u0111\u1eb7t h\u1ec7 th\u1ed1ng chi\u1ebfu s\u00e1ng v\u00e0o n\u0103m 1884, Postojna l\u00e0 \u0111\u1ed9ng \u0111\u00e1 v\u00f4i l\u1edbn nh\u1ea5t v\u00e0 \u0111\u01b0\u1ee3c tham quan nhi\u1ec1u nh\u1ea5t ch\u00e2u \u00c2u.<\/p>\n<p style=\"text-align: justify;\">\u0110o\u00e0n t\u00e0u s\u1ebd \u0111\u01b0a du kh\u00e1ch qua h\u00e0ng ch\u1ee5c \u0111\u1ed9ng \u0111\u00e1 v\u1edbi v\u00f4 s\u1ed1 nh\u0169 \u0111\u00e1 hay m\u0103ng \u0111\u00e1 k\u1ef3 \u1ea3o. Tuy v\u00e9 tham quan \u0111\u1ebfn 23 euro\/ng\u01b0\u1eddi, nh\u01b0ng b\u1ea1n c\u00f3 th\u1ec3 h\u1ee5t chuy\u1ebfn n\u1ebfu kh\u00f4ng \u0111\u1eb7t tr\u01b0\u1edbc trong m\u00f9a cao \u0111i\u1ec3m.<\/p>\n<div id=\"attachment_90637\" style=\"width: 675px\" class=\"wp-caption aligncenter\"><a href=\"https:\/\/cdn3.ivivu.com\/2015\/07\/slovenia-diem-hen-gia-re-hang-dau-nam-2015-ivivu-3.jpg\"><img loading=\"lazy\" decoding=\"async\" aria-describedby=\"caption-attachment-90637\" class=\"wp-image-90637 size-full\" title=\"C\u1ea3nh t\u01b0\u1ee3ng k\u1ef3 \u1ea3o \u1edf hang \u0111\u1ed9ng Postojna - \u1ea2nh: wordpress\" src=\"https:\/\/cdn3.ivivu.com\/2015\/07\/slovenia-diem-hen-gia-re-hang-dau-nam-2015-ivivu-3.jpg\" alt=\"C\u1ea3nh t\u01b0\u1ee3ng k\u1ef3 \u1ea3o \u1edf hang \u0111\u1ed9ng Postojna - \u1ea2nh: wordpress\" width=\"665\" height=\"443\" srcset=\"https:\/\/cdn3.ivivu.com\/2015\/07\/slovenia-diem-hen-gia-re-hang-dau-nam-2015-ivivu-3.jpg 665w, https:\/\/cdn3.ivivu.com\/2015\/07\/slovenia-diem-hen-gia-re-hang-dau-nam-2015-ivivu-3-458x305.jpg 458w\" sizes=\"(max-width: 665px) 100vw, 665px\" \/><\/a><p id=\"caption-attachment-90637\" class=\"wp-caption-text\">C\u1ea3nh t\u01b0\u1ee3ng k\u1ef3 \u1ea3o \u1edf hang \u0111\u1ed9ng Postojna &#8211; \u1ea2nh: wordpress<\/p><\/div>\n<div id=\"attachment_90638\" style=\"width: 675px\" class=\"wp-caption aligncenter\"><a href=\"https:\/\/cdn3.ivivu.com\/2015\/07\/slovenia-diem-hen-gia-re-hang-dau-nam-2015-ivivu-4.jpg\"><img loading=\"lazy\" decoding=\"async\" aria-describedby=\"caption-attachment-90638\" class=\"wp-image-90638 size-full\" title=\"Du kh\u00e1ch tham quan hang \u0111\u1ed9ng Postojna - \u1ea2nh: wordpress\" src=\"https:\/\/cdn3.ivivu.com\/2015\/07\/slovenia-diem-hen-gia-re-hang-dau-nam-2015-ivivu-4.jpg\" alt=\"Du kh\u00e1ch tham quan hang \u0111\u1ed9ng Postojna - \u1ea2nh: wordpress\" width=\"665\" height=\"443\" srcset=\"https:\/\/cdn3.ivivu.com\/2015\/07\/slovenia-diem-hen-gia-re-hang-dau-nam-2015-ivivu-4.jpg 665w, https:\/\/cdn3.ivivu.com\/2015\/07\/slovenia-diem-hen-gia-re-hang-dau-nam-2015-ivivu-4-458x305.jpg 458w\" sizes=\"(max-width: 665px) 100vw, 665px\" \/><\/a><p id=\"caption-attachment-90638\" class=\"wp-caption-text\">Du kh\u00e1ch tham quan hang \u0111\u1ed9ng Postojna &#8211; \u1ea2nh: wordpress<\/p><\/div>\n<p style=\"text-align: justify;\">B\u1ea1n c\u00f3 th\u1ec3 \u0111\u1ebfn <strong><em>Skocjan, di s\u1ea3n c\u1ee7a UNESCO<\/em><\/strong> v\u00e0 l\u00e0 m\u1ed9t ph\u1ea7n c\u1ee7a khu d\u1ef1 tr\u1eef sinh quy\u1ec3n Karst. Skocjan v\u1edbi m\u1ed9t h\u1ec7 th\u1ed1ng hang \u0111\u1ed9ng \u0111\u00e1 v\u00f4i \u1ea9n ch\u1ee9a nhi\u1ec1u b\u00ed \u1ea9n cao h\u01a1n 140m, m\u1ed9t th\u00e1c n\u01b0\u1edbc \u1ea7m \u00e0o d\u01b0\u1edbi \u0111\u00e1y \u0111\u1ed9ng m\u00e0 theo c\u00e1c nh\u00e0 khoa h\u1ecdc l\u00e0 m\u1ed9t b\u00e1u v\u1eadt c\u1ee7a h\u00e0nh tinh ch\u00fang ta.<\/p>\n<p style=\"text-align: justify;\">V\u00e0o m\u00f9a cao \u0111i\u1ec3m, m\u1ed7i gi\u1edd c\u00f3 m\u1ed9t chuy\u1ebfn phi\u00eau l\u01b0u d\u01b0\u1edbi l\u00f2ng \u0111\u1ea5t \u1edf Skocjan v\u00e0 du kh\u00e1ch c\u00f3 th\u1ec3 tham quan \u1edf \u0111\u1ed9 s\u00e2u 144m.<\/p>\n<div id=\"attachment_90639\" style=\"width: 675px\" class=\"wp-caption aligncenter\"><a href=\"https:\/\/cdn3.ivivu.com\/2015\/07\/slovenia-diem-hen-gia-re-hang-dau-nam-2015-ivivu-5.jpg\"><img loading=\"lazy\" decoding=\"async\" aria-describedby=\"caption-attachment-90639\" class=\"wp-image-90639 size-full\" title=\"M\u1ed9t l\u1ed1i v\u00e0o \u0111\u1ed9ng Skocjan - \u1ea2nh: wondermondo\" src=\"https:\/\/cdn3.ivivu.com\/2015\/07\/slovenia-diem-hen-gia-re-hang-dau-nam-2015-ivivu-5.jpg\" alt=\"M\u1ed9t l\u1ed1i v\u00e0o \u0111\u1ed9ng Skocjan - \u1ea2nh: wondermondo\" width=\"665\" height=\"997\" srcset=\"https:\/\/cdn3.ivivu.com\/2015\/07\/slovenia-diem-hen-gia-re-hang-dau-nam-2015-ivivu-5.jpg 665w, https:\/\/cdn3.ivivu.com\/2015\/07\/slovenia-diem-hen-gia-re-hang-dau-nam-2015-ivivu-5-203x305.jpg 203w\" sizes=\"(max-width: 665px) 100vw, 665px\" \/><\/a><p id=\"caption-attachment-90639\" class=\"wp-caption-text\">M\u1ed9t l\u1ed1i v\u00e0o \u0111\u1ed9ng Skocjan &#8211; \u1ea2nh: wondermondo<\/p><\/div>\n<div id=\"attachment_90640\" style=\"width: 520px\" class=\"wp-caption aligncenter\"><a href=\"https:\/\/cdn3.ivivu.com\/2015\/07\/slovenia-diem-hen-gia-re-hang-dau-nam-2015-ivivu-6.jpg\"><img loading=\"lazy\" decoding=\"async\" aria-describedby=\"caption-attachment-90640\" class=\"wp-image-90640 size-full\" title=\"C\u1ea7u Cerkvenik trong hang \u0111\u1ed9ng Skocjan - \u1ea2nh: wondermondo\" src=\"https:\/\/cdn3.ivivu.com\/2015\/07\/slovenia-diem-hen-gia-re-hang-dau-nam-2015-ivivu-6.jpg\" alt=\"C\u1ea7u Cerkvenik trong hang \u0111\u1ed9ng Skocjan - \u1ea2nh: wondermondo\" width=\"510\" height=\"680\" srcset=\"https:\/\/cdn3.ivivu.com\/2015\/07\/slovenia-diem-hen-gia-re-hang-dau-nam-2015-ivivu-6.jpg 510w, https:\/\/cdn3.ivivu.com\/2015\/07\/slovenia-diem-hen-gia-re-hang-dau-nam-2015-ivivu-6-229x305.jpg 229w\" sizes=\"(max-width: 510px) 100vw, 510px\" \/><\/a><p id=\"caption-attachment-90640\" class=\"wp-caption-text\">C\u1ea7u Cerkvenik trong hang \u0111\u1ed9ng Skocjan &#8211; \u1ea2nh: wondermondo<\/p><\/div>\n<h3 style=\"text-align: center;\"><div class=\"ltt-contentbox white\"><\/span>L\u00ean k\u1ebf ho\u1ea1ch du l\u1ecbch th\u1eadt \u201cchu\u1ea9n\u201d v\u1edbi\u00a0<a href=\"https:\/\/www.ivivu.com\/\">kh\u00e1ch s\u1ea1n gi\u00e1 t\u1ed1t<\/a>\u00a0t\u1eeb iVIVU.com<\/div><\/h3>\n<p style=\"text-align: justify;\">* <strong><em>H\u1ed3 Bled<\/em> <\/strong>l\u00e0 m\u1ed9t trong ba \u0111i\u1ec3m \u0111\u1ebfn ch\u00ednh c\u1ee7a Slovenia. \u0110\u1ebfn \u0111\u00e2y v\u00e0o h\u00e8, b\u1ea1n s\u1ebd kh\u00f4ng qu\u00ean h\u00ecnh \u1ea3nh m\u1eb7t tr\u1eddi m\u00f9a h\u00e8 ch\u00ecm xu\u1ed1ng \u0111\u00e1y h\u1ed3 khi ho\u00e0ng h\u00f4n bu\u00f4ng xu\u1ed1ng. Sang thu, con tim b\u1ea1n s\u1ebd ph\u1ea3i xao xuy\u1ebfn tr\u01b0\u1edbc c\u00e1nh r\u1eebng quanh h\u1ed3 nhu\u1ed9m \u0111\u1ecf m\u1ed9t g\u00f3c tr\u1eddi. \u0110\u00f4ng \u0111\u1ebfn, m\u1eb7t h\u1ed3 \u0111\u00f3ng b\u0103ng v\u00e0 khung c\u1ea3nh xung quanh kho\u00e1c t\u1ea5m \u00e1o tr\u1eafng to\u00e1t v\u1eabn kh\u00f4ng k\u00e9m ph\u1ea7n l\u00e3ng m\u1ea1n&#8230;<\/p>\n<p style=\"text-align: justify;\">L\u00e2u \u0111\u00e0i nh\u00ecn ra nh\u00e0 th\u1edd ch\u01a1 v\u01a1 tr\u00ean \u0111\u1ea3o nh\u1ecf gi\u1eefa h\u1ed3 Bled l\u00e0 m\u1ed9t n\u00e9t ch\u1ea5m ph\u00e1 cho b\u1ee9c tranh thi\u00ean nhi\u00ean n\u01a1i \u0111\u00e2y \u0111\u1eb9p h\u01a1n b\u1ed9i ph\u1ea7n.<\/p>\n<p style=\"text-align: justify;\">Du kh\u00e1ch c\u00f3 th\u1ec3 th\u1ea3 b\u1ed9 th\u01b0\u1edfng ngo\u1ea1n quanh h\u1ed3 hay b\u01a1i xu\u1ed3ng \u0111\u1ebfn nh\u00e0 th\u1edd St. Mary of the Assumption v\u00e0 gi\u00f3ng l\u00ean m\u1ed9t h\u1ed3i chu\u00f4ng, m\u00e0 theo truy\u1ec1n thuy\u1ebft c\u00f3 th\u1ec3 mang l\u1ea1i may m\u1eafn cho b\u1ea1n&#8230;<\/p>\n<div id=\"attachment_90641\" style=\"width: 675px\" class=\"wp-caption aligncenter\"><a href=\"https:\/\/cdn3.ivivu.com\/2015\/07\/slovenia-diem-hen-gia-re-hang-dau-nam-2015-ivivu-7.jpg\"><img loading=\"lazy\" decoding=\"async\" aria-describedby=\"caption-attachment-90641\" class=\"wp-image-90641 size-full\" title=\"L\u00e2u \u0111\u00e0i nh\u00ecn xu\u1ed1ng h\u1ed3 Bled - \u1ea2nh: geo\" src=\"https:\/\/cdn3.ivivu.com\/2015\/07\/slovenia-diem-hen-gia-re-hang-dau-nam-2015-ivivu-7.jpg\" alt=\"L\u00e2u \u0111\u00e0i nh\u00ecn xu\u1ed1ng h\u1ed3 Bled - \u1ea2nh: geo\" width=\"665\" height=\"498\" srcset=\"https:\/\/cdn3.ivivu.com\/2015\/07\/slovenia-diem-hen-gia-re-hang-dau-nam-2015-ivivu-7.jpg 665w, https:\/\/cdn3.ivivu.com\/2015\/07\/slovenia-diem-hen-gia-re-hang-dau-nam-2015-ivivu-7-407x305.jpg 407w\" sizes=\"(max-width: 665px) 100vw, 665px\" \/><\/a><p id=\"caption-attachment-90641\" class=\"wp-caption-text\">L\u00e2u \u0111\u00e0i nh\u00ecn xu\u1ed1ng h\u1ed3 Bled &#8211; \u1ea2nh: geo<\/p><\/div>\n<div id=\"attachment_90642\" style=\"width: 675px\" class=\"wp-caption aligncenter\"><a href=\"https:\/\/cdn3.ivivu.com\/2015\/07\/slovenia-diem-hen-gia-re-hang-dau-nam-2015-ivivu-8.jpg\"><img loading=\"lazy\" decoding=\"async\" aria-describedby=\"caption-attachment-90642\" class=\"wp-image-90642 size-full\" title=\"L\u00e3ng m\u1ea1n h\u1ed3 Bled - \u1ea2nh: wordpress\" src=\"https:\/\/cdn3.ivivu.com\/2015\/07\/slovenia-diem-hen-gia-re-hang-dau-nam-2015-ivivu-8.jpg\" alt=\"L\u00e3ng m\u1ea1n h\u1ed3 Bled - \u1ea2nh: wordpress\" width=\"665\" height=\"443\" srcset=\"https:\/\/cdn3.ivivu.com\/2015\/07\/slovenia-diem-hen-gia-re-hang-dau-nam-2015-ivivu-8.jpg 665w, https:\/\/cdn3.ivivu.com\/2015\/07\/slovenia-diem-hen-gia-re-hang-dau-nam-2015-ivivu-8-458x305.jpg 458w\" sizes=\"(max-width: 665px) 100vw, 665px\" \/><\/a><p id=\"caption-attachment-90642\" class=\"wp-caption-text\">L\u00e3ng m\u1ea1n h\u1ed3 Bled &#8211; \u1ea2nh: wordpress<\/p><\/div>\n<p style=\"text-align: justify;\">* C\u00f9ng v\u1edbi Bleb, <em><strong>Bohinj l\u00e0 m\u1ed9t trong hai h\u1ed3 \u0111\u1eb9p nh\u1ea5t Slovenia<\/strong><\/em>. Tuy n\u1eb1m g\u1ea7n nhau v\u00e0 thu\u1ed9c c\u00f4ng vi\u00ean t\u1ef1 nhi\u00ean Triglav nh\u01b0ng hai h\u1ed3 l\u1ea1i r\u1ea5t kh\u00e1c nhau.<\/p>\n<p style=\"text-align: justify;\">Bohinj c\u00f2n nhi\u1ec1u n\u00e9t hoang d\u00e3 v\u1edbi m\u1ef1c n\u01b0\u1edbc kh\u00f4ng qu\u00e1 s\u00e2u v\u00e0 m\u00e0u n\u01b0\u1edbc xanh ng\u1ecdc l\u00e0 n\u01a1i th\u01b0 gi\u00e3n l\u00fd t\u01b0\u1edfng c\u1ee7a nh\u00f3m kh\u00e1ch gia \u0111\u00ecnh c\u00f3 con nh\u1ecf. Th\u00e1c n\u01b0\u1edbc Savica \u1edf cu\u1ed1i h\u1ed3 l\u00e0 n\u01a1i h\u00f2 h\u1eb9n c\u1ee7a kh\u00f4ng \u00edt du kh\u00e1ch.<\/p>\n<p style=\"text-align: justify;\">V\u1edbi ng\u01b0\u1eddi th\u00edch kh\u00f4ng kh\u00ed s\u00f4i \u0111\u1ed9ng, h\u1ed3 Bled s\u1ebd khi\u1ebfn h\u1ecd th\u1ecfa m\u00e3n khi t\u1eadp trung nhi\u1ec1u qu\u00e1n x\u00e1 n\u00e1o nhi\u1ec7t quanh h\u1ed3 d\u00f9 Bohinj c\u0169ng c\u00f3 v\u00e0i h\u00e0ng qu\u00e1n b\u00e0i tr\u00ed l\u00e3ng m\u1ea1n&#8230;<\/p>\n<div id=\"attachment_90643\" style=\"width: 675px\" class=\"wp-caption aligncenter\"><a href=\"https:\/\/cdn3.ivivu.com\/2015\/07\/slovenia-diem-hen-gia-re-hang-dau-nam-2015-ivivu-9.jpg\"><img loading=\"lazy\" decoding=\"async\" aria-describedby=\"caption-attachment-90643\" class=\"wp-image-90643 size-full\" title=\"L\u00e0n n\u01b0\u1edbc trong su\u1ed1t t\u1eadn \u0111\u00e1y \u1edf h\u1ed3 Bohinj - \u1ea2nh: wordpress\" src=\"https:\/\/cdn3.ivivu.com\/2015\/07\/slovenia-diem-hen-gia-re-hang-dau-nam-2015-ivivu-9.jpg\" alt=\"L\u00e0n n\u01b0\u1edbc trong su\u1ed1t t\u1eadn \u0111\u00e1y \u1edf h\u1ed3 Bohinj - \u1ea2nh: wordpress\" width=\"665\" height=\"427\" srcset=\"https:\/\/cdn3.ivivu.com\/2015\/07\/slovenia-diem-hen-gia-re-hang-dau-nam-2015-ivivu-9.jpg 665w, https:\/\/cdn3.ivivu.com\/2015\/07\/slovenia-diem-hen-gia-re-hang-dau-nam-2015-ivivu-9-475x305.jpg 475w\" sizes=\"(max-width: 665px) 100vw, 665px\" \/><\/a><p id=\"caption-attachment-90643\" class=\"wp-caption-text\">L\u00e0n n\u01b0\u1edbc trong su\u1ed1t t\u1eadn \u0111\u00e1y \u1edf h\u1ed3 Bohinj &#8211; \u1ea2nh: wordpress<\/p><\/div>\n<div id=\"attachment_90644\" style=\"width: 675px\" class=\"wp-caption aligncenter\"><a href=\"https:\/\/cdn3.ivivu.com\/2015\/07\/slovenia-diem-hen-gia-re-hang-dau-nam-2015-ivivu-10.jpg\"><img loading=\"lazy\" decoding=\"async\" aria-describedby=\"caption-attachment-90644\" class=\"wp-image-90644 size-full\" title=\"Th\u00e1c n\u01b0\u1edbc \u1edf h\u1ed3 Bohinj - \u1ea2nh: wordpress\" src=\"https:\/\/cdn3.ivivu.com\/2015\/07\/slovenia-diem-hen-gia-re-hang-dau-nam-2015-ivivu-10.jpg\" alt=\"Th\u00e1c n\u01b0\u1edbc \u1edf h\u1ed3 Bohinj - \u1ea2nh: wordpress\" width=\"665\" height=\"886\" srcset=\"https:\/\/cdn3.ivivu.com\/2015\/07\/slovenia-diem-hen-gia-re-hang-dau-nam-2015-ivivu-10.jpg 665w, https:\/\/cdn3.ivivu.com\/2015\/07\/slovenia-diem-hen-gia-re-hang-dau-nam-2015-ivivu-10-229x305.jpg 229w\" sizes=\"(max-width: 665px) 100vw, 665px\" \/><\/a><p id=\"caption-attachment-90644\" class=\"wp-caption-text\">Th\u00e1c n\u01b0\u1edbc \u1edf h\u1ed3 Bohinj &#8211; \u1ea2nh: wordpress<\/p><\/div>\n<p style=\"text-align: justify;\">* M\u1ed9t trong nh\u1eefng di t\u00edch v\u0103n h\u00f3a v\u00e0 l\u1ecbch s\u1eed \u0111\u1eb9p nh\u1ea5t Slovenia l\u00e0 <strong>Lipica, trang tr\u1ea1i ng\u1ef1a l\u00e2u \u0111\u1eddi nh\u1ea5t th\u1ebf gi\u1edbi<\/strong> v\u1edbi h\u01a1n 400 n\u0103m nu\u00f4i ng\u1ef1a gi\u1ed1ng Lipiza gi\u1eefa c\u1ea3nh quan thi\u00ean nhi\u00ean \u0111\u1eb9p nh\u01b0 tranh.<\/p>\n<p style=\"text-align: justify;\">Du kh\u00e1ch c\u00f3 th\u1ec3 tham quan tr\u01b0\u1eddng d\u1ea1y c\u01b0\u1ee1i ng\u1ef1a, B\u1ea3o t\u00e0ng Lipikum tr\u01b0ng b\u00e0y c\u00e1c c\u1ed7 xe ng\u1ef1a v\u00e0 t\u00e1i hi\u1ec7n l\u1ecbch s\u1eed thu\u1ea7n d\u01b0\u1ee1ng lo\u00e0i ng\u1ef1a n\u00e0y \u1edf Lipica.<\/p>\n<div id=\"attachment_90645\" style=\"width: 675px\" class=\"wp-caption aligncenter\"><a href=\"https:\/\/cdn3.ivivu.com\/2015\/07\/slovenia-diem-hen-gia-re-hang-dau-nam-2015-ivivu-11.jpg\"><img loading=\"lazy\" decoding=\"async\" aria-describedby=\"caption-attachment-90645\" class=\"wp-image-90645 size-full\" title=\"Trang tr\u1ea1i ng\u1ef1a Lipica - \u1ea2nh: wiki\" src=\"https:\/\/cdn3.ivivu.com\/2015\/07\/slovenia-diem-hen-gia-re-hang-dau-nam-2015-ivivu-11.jpg\" alt=\"Trang tr\u1ea1i ng\u1ef1a Lipica - \u1ea2nh: wiki\" width=\"665\" height=\"498\" srcset=\"https:\/\/cdn3.ivivu.com\/2015\/07\/slovenia-diem-hen-gia-re-hang-dau-nam-2015-ivivu-11.jpg 665w, https:\/\/cdn3.ivivu.com\/2015\/07\/slovenia-diem-hen-gia-re-hang-dau-nam-2015-ivivu-11-407x305.jpg 407w\" sizes=\"(max-width: 665px) 100vw, 665px\" \/><\/a><p id=\"caption-attachment-90645\" class=\"wp-caption-text\">Trang tr\u1ea1i ng\u1ef1a Lipica &#8211; \u1ea2nh: wiki<\/p><\/div>\n<div id=\"attachment_90646\" style=\"width: 675px\" class=\"wp-caption aligncenter\"><a href=\"https:\/\/cdn3.ivivu.com\/2015\/07\/slovenia-diem-hen-gia-re-hang-dau-nam-2015-ivivu-12.jpg\"><img loading=\"lazy\" decoding=\"async\" aria-describedby=\"caption-attachment-90646\" class=\"wp-image-90646 size-full\" title=\"B\u1ea3o t\u00e0ng ng\u1ef1a Lipikum - \u1ea2nh: lipica\" src=\"https:\/\/cdn3.ivivu.com\/2015\/07\/slovenia-diem-hen-gia-re-hang-dau-nam-2015-ivivu-12.jpg\" alt=\"B\u1ea3o t\u00e0ng ng\u1ef1a Lipikum - \u1ea2nh: lipica\" width=\"665\" height=\"442\" srcset=\"https:\/\/cdn3.ivivu.com\/2015\/07\/slovenia-diem-hen-gia-re-hang-dau-nam-2015-ivivu-12.jpg 665w, https:\/\/cdn3.ivivu.com\/2015\/07\/slovenia-diem-hen-gia-re-hang-dau-nam-2015-ivivu-12-459x305.jpg 459w\" sizes=\"(max-width: 665px) 100vw, 665px\" \/><\/a><p id=\"caption-attachment-90646\" class=\"wp-caption-text\">B\u1ea3o t\u00e0ng ng\u1ef1a Lipikum &#8211; \u1ea2nh: lipica<\/p><\/div>\n<p style=\"text-align: justify;\">* C\u00e1ch hang \u0111\u1ed9ng Postojna kho\u1ea3ng 10km l\u00e0 <strong>l\u00e2u \u0111\u00e0i Predjama<\/strong>, m\u1ed9t \u0111i\u1ec3m tham quan d\u1ec5 kh\u01a1i d\u1eady t\u00ednh hi\u1ebfu k\u1ef3 \u1edf du kh\u00e1ch. L\u00e2u \u0111\u00e0i h\u01a1n 700 n\u0103m tu\u1ed5i c\u00f3 s\u00e1u t\u1ea7ng do Erasmus Lueger, m\u1ed9t hi\u1ec7p s\u0129 r\u1eebng xanh th\u1ebf k\u1ef7 15, x\u00e2y d\u1ef1ng trong v\u00e1ch \u0111\u00e1 cao 123m nh\u00ecn ra m\u1ed9t thung l\u0169ng xanh t\u01b0\u01a1i, mang l\u1ea1i \u1ea5n t\u01b0\u1ee3ng n\u01a1i \u0111\u00e2y l\u00e0 m\u1ed9t ph\u00e1o \u0111\u00e0i b\u1ea5t kh\u1ea3 x\u00e2m ph\u1ea1m.<\/p>\n<p style=\"text-align: justify;\">T\u1eeb m\u1ed9t ch\u1ed1t quan s\u00e1t trong t\u01b0\u1eddng \u0111\u00e1 l\u00e2u \u0111\u00e0i, du kh\u00e1ch d\u1ec5 d\u00e0ng thu v\u00e0o \u1ed1ng k\u00ednh h\u00ecnh \u1ea3nh c\u00e1c v\u00f9ng xung quanh, th\u1eadm ch\u00ed chi\u00eam ng\u01b0\u1ee1ng r\u00f5 r\u00e0ng \u0111\u00e0i n\u01b0\u1edbc v\u00e0 h\u1ed1 Erasmus huy\u1ec1n tho\u1ea1i. M\u1ed9t tr\u1ea3i nghi\u1ec7m kh\u00f3 qu\u00ean l\u00e0 kh\u00e1m ph\u00e1 nh\u1eefng c\u0103n ph\u00f2ng d\u01b0\u1edbi t\u1ea7ng s\u00e2u b\u1ecb ch\u00ecm khu\u1ea5t d\u1ea7n trong b\u00f3ng t\u1ed1i&#8230;<\/p>\n<p style=\"text-align: justify;\">\u0110\u1ebfn \u0111\u00e2y v\u00e0o trung tu\u1ea7n th\u00e1ng 7, b\u1ea1n c\u00f3 th\u1ec3 tham gia l\u1ec5 h\u1ed9i Erasmus t\u00e1i hi\u1ec7n h\u00ecnh \u1ea3nh th\u1eddi Trung c\u1ed5 v\u1edbi nh\u1eefng m\u00e0n \u0111\u1ea5u ki\u1ebfm, c\u01b0\u1ee1i ng\u1ef1a \u0111\u1ea5u th\u01b0\u01a1ng hay b\u1eafn cung.<\/p>\n<div id=\"attachment_90647\" style=\"width: 675px\" class=\"wp-caption aligncenter\"><a href=\"https:\/\/cdn3.ivivu.com\/2015\/07\/slovenia-diem-hen-gia-re-hang-dau-nam-2015-ivivu-13.jpg\"><img loading=\"lazy\" decoding=\"async\" aria-describedby=\"caption-attachment-90647\" class=\"wp-image-90647 size-full\" title=\" \u1ea2nh: housandwonders\" src=\"https:\/\/cdn3.ivivu.com\/2015\/07\/slovenia-diem-hen-gia-re-hang-dau-nam-2015-ivivu-13.jpg\" alt=\" \u1ea2nh: housandwonders\" width=\"665\" height=\"499\" srcset=\"https:\/\/cdn3.ivivu.com\/2015\/07\/slovenia-diem-hen-gia-re-hang-dau-nam-2015-ivivu-13.jpg 665w, https:\/\/cdn3.ivivu.com\/2015\/07\/slovenia-diem-hen-gia-re-hang-dau-nam-2015-ivivu-13-406x305.jpg 406w\" sizes=\"(max-width: 665px) 100vw, 665px\" \/><\/a><p id=\"caption-attachment-90647\" class=\"wp-caption-text\">\u1ea2nh: housandwonders<\/p><\/div>\n<div id=\"attachment_90648\" style=\"width: 675px\" class=\"wp-caption aligncenter\"><a href=\"https:\/\/cdn3.ivivu.com\/2015\/07\/slovenia-diem-hen-gia-re-hang-dau-nam-2015-ivivu-14.jpg\"><img loading=\"lazy\" decoding=\"async\" aria-describedby=\"caption-attachment-90648\" class=\"wp-image-90648 size-full\" title=\"Predjama, l\u00e2u \u0111\u00e0i trong v\u00e1ch \u0111\u00e1 \u1edf Slovenia - \u1ea2nh: wordpress\" src=\"https:\/\/cdn3.ivivu.com\/2015\/07\/slovenia-diem-hen-gia-re-hang-dau-nam-2015-ivivu-14.jpg\" alt=\"Predjama, l\u00e2u \u0111\u00e0i trong v\u00e1ch \u0111\u00e1 \u1edf Slovenia - \u1ea2nh: wordpress\" width=\"665\" height=\"443\" srcset=\"https:\/\/cdn3.ivivu.com\/2015\/07\/slovenia-diem-hen-gia-re-hang-dau-nam-2015-ivivu-14.jpg 665w, https:\/\/cdn3.ivivu.com\/2015\/07\/slovenia-diem-hen-gia-re-hang-dau-nam-2015-ivivu-14-458x305.jpg 458w\" sizes=\"(max-width: 665px) 100vw, 665px\" \/><\/a><p id=\"caption-attachment-90648\" class=\"wp-caption-text\">Predjama, l\u00e2u \u0111\u00e0i trong v\u00e1ch \u0111\u00e1 \u1edf Slovenia &#8211; \u1ea2nh: wordpress<\/p><\/div>\n<div id=\"attachment_90649\" style=\"width: 675px\" class=\"wp-caption aligncenter\"><a href=\"https:\/\/cdn3.ivivu.com\/2015\/07\/slovenia-diem-hen-gia-re-hang-dau-nam-2015-ivivu-15.jpg\"><img loading=\"lazy\" decoding=\"async\" aria-describedby=\"caption-attachment-90649\" class=\"wp-image-90649 size-full\" title=\"T\u1ea7ng h\u1ea7m l\u00e2u \u0111\u00e0i Predjama \u1edf Slovenia - \u1ea2nh: housandwonders\" src=\"https:\/\/cdn3.ivivu.com\/2015\/07\/slovenia-diem-hen-gia-re-hang-dau-nam-2015-ivivu-15.jpg\" alt=\"T\u1ea7ng h\u1ea7m l\u00e2u \u0111\u00e0i Predjama \u1edf Slovenia - \u1ea2nh: housandwonders\" width=\"665\" height=\"993\" srcset=\"https:\/\/cdn3.ivivu.com\/2015\/07\/slovenia-diem-hen-gia-re-hang-dau-nam-2015-ivivu-15.jpg 665w, https:\/\/cdn3.ivivu.com\/2015\/07\/slovenia-diem-hen-gia-re-hang-dau-nam-2015-ivivu-15-204x305.jpg 204w\" sizes=\"(max-width: 665px) 100vw, 665px\" \/><\/a><p id=\"caption-attachment-90649\" class=\"wp-caption-text\">T\u1ea7ng h\u1ea7m l\u00e2u \u0111\u00e0i Predjama \u1edf Slovenia &#8211; \u1ea2nh: housandwonders<\/p><\/div>\n<p style=\"text-align: justify;\">* <strong><em>B\u1ea3o t\u00e0ng Th\u1ebf chi\u1ebfn m\u1ed9t Kobarid<\/em><\/strong> \u1edf trung t\u00e2m l\u1ecbch s\u1eed Kobarid t\u00e1i hi\u1ec7n m\u1ed9t trong nh\u1eefng tr\u1eadn \u0111\u00e1nh \u00e1c li\u1ec7t nh\u1ea5t th\u1eddi k\u1ef3 n\u00e0y lu\u00f4n \u0111\u01b0\u1ee3c du kh\u00e1ch t\u00ecm \u0111\u1ebfn. B\u1ea3o t\u00e0ng t\u1eebng nh\u1eadn \u0111\u01b0\u1ee3c gi\u1ea3i th\u01b0\u1edfng cao nh\u1ea5t c\u1ea5p nh\u00e0 n\u01b0\u1edbc, \u0111\u1ea1t danh hi\u1ec7u b\u1ea3o t\u00e0ng t\u1ed1t nh\u1ea5t ch\u00e2u \u00c2u v\u00e0 nh\u1eadn \u0111\u01b0\u1ee3c gi\u1ea3i th\u01b0\u1edfng c\u1ee7a H\u1ed9i \u0111\u1ed3ng ch\u00e2u \u00c2u v\u00e0o n\u0103m 1993.<\/p>\n<p style=\"text-align: justify;\">C\u00e1c hi\u1ec7n v\u1eadt t\u1ea1i b\u1ea3o t\u00e0ng m\u00f4 t\u1ea3 nh\u1eefng s\u1ef1 ki\u1ec7n quan tr\u1ecdng c\u00f9ng nh\u1eefng v\u1eadt k\u1ef7 ni\u1ec7m g\u1eafn v\u1edbi nh\u1eefng ng\u01b0\u1eddi c\u00f3 c\u00e1 t\u00ednh n\u1ed5i ti\u1ebfng nh\u01b0 Ernest Hemingway l\u1eabn Erwin Rommel!<\/p>\n<div id=\"attachment_90650\" style=\"width: 675px\" class=\"wp-caption aligncenter\"><a href=\"https:\/\/cdn3.ivivu.com\/2015\/07\/slovenia-diem-hen-gia-re-hang-dau-nam-2015-ivivu-16.jpg\"><img loading=\"lazy\" decoding=\"async\" aria-describedby=\"caption-attachment-90650\" class=\"wp-image-90650 size-full\" title=\"M\u1ed9t gian tri\u1ec3n l\u00e3m \u1edf B\u1ea3o t\u00e0ng Kobarid - \u1ea2nh: wordpress\" src=\"https:\/\/cdn3.ivivu.com\/2015\/07\/slovenia-diem-hen-gia-re-hang-dau-nam-2015-ivivu-16.jpg\" alt=\"M\u1ed9t gian tri\u1ec3n l\u00e3m \u1edf B\u1ea3o t\u00e0ng Kobarid - \u1ea2nh: wordpress\" width=\"665\" height=\"498\" srcset=\"https:\/\/cdn3.ivivu.com\/2015\/07\/slovenia-diem-hen-gia-re-hang-dau-nam-2015-ivivu-16.jpg 665w, https:\/\/cdn3.ivivu.com\/2015\/07\/slovenia-diem-hen-gia-re-hang-dau-nam-2015-ivivu-16-407x305.jpg 407w\" sizes=\"(max-width: 665px) 100vw, 665px\" \/><\/a><p id=\"caption-attachment-90650\" class=\"wp-caption-text\">M\u1ed9t gian tri\u1ec3n l\u00e3m \u1edf B\u1ea3o t\u00e0ng Kobarid &#8211; \u1ea2nh: wordpress<\/p><\/div>\n<p style=\"text-align: justify;\">* V\u00e0o h\u00e8, du kh\u00e1ch chen ch\u00fac nhau tr\u00ean nh\u1eefng chi\u1ebfc c\u1ea7u g\u1ed7 b\u00ean v\u00e1ch \u0111\u00e1 \u1edf <strong><em>h\u1ebbm n\u00fai Vintgar<\/em><\/strong> c\u00e1ch h\u1ed3 Bled kho\u1ea3ng 4km v\u1ec1 ph\u00eda T\u00e2y B\u1eafc. B\u00ean d\u01b0\u1edbi c\u1ea7u g\u1ed7 l\u00e0 con s\u00f4ng Radovna len l\u1ecfi gi\u1eefa hai ng\u1ecdn n\u00fai v\u00e0 \u0111o\u1ea1n cu\u1ed1i l\u00e0 m\u1ed9t th\u00e1c n\u01b0\u1edbc cao 26m.<\/p>\n<p style=\"text-align: justify;\">\u1ede m\u1ed7i kh\u00fac quanh l\u00e0 m\u1ed9t c\u1ea3nh quan c\u1ea3nh l\u1ed9ng l\u1eaby kh\u00e1c nhau. Tr\u00ean ch\u1eb7ng \u0111\u01b0\u1eddng d\u00e0i 1,6km n\u00e0y, \u0111\u00f4i khi l\u00e0 \u0111\u1ea5t b\u1eb1ng, l\u00fac l\u1ea1i leo c\u1ea7u g\u1ed7. N\u1ebfu g\u1eb7p l\u00fac m\u1eb7t tr\u1eddi ch\u00f3i l\u1ecdi, b\u1ea1n s\u1ebd c\u00f3 \u0111\u01b0\u1ee3c nh\u1eefng b\u1ee9c \u1ea3nh l\u00e0n n\u01b0\u1edbc m\u00e0u ng\u1ecdc tuy\u1ec7t \u0111\u1eb9p c\u1ee7a d\u00f2ng s\u00f4ng ch\u1ea3y xi\u1ebft d\u01b0\u1edbi c\u1ea7u&#8230;<\/p>\n<p style=\"text-align: justify;\">V\u1ebb \u0111\u1eb9p t\u1ef1 nhi\u00ean \u0111\u00e3 gi\u00fap h\u1ebbm n\u00fai Vintgar tr\u1edf th\u00e0nh m\u1ed9t trong nh\u1eefng \u0111\u1ecba danh \u0111\u01b0\u1ee3c du kh\u00e1ch t\u00ecm \u0111\u1ebfn nhi\u1ec1u nh\u1ea5t \u1edf Slovenia v\u1edbi s\u1ed1 l\u01b0\u1ee3t kh\u00e1ch tham quan t\u0103ng d\u1ea7n m\u1ed7i n\u0103m.<\/p>\n<div id=\"attachment_90651\" style=\"width: 675px\" class=\"wp-caption aligncenter\"><a href=\"https:\/\/cdn3.ivivu.com\/2015\/07\/slovenia-diem-hen-gia-re-hang-dau-nam-2015-ivivu-17.jpg\"><img loading=\"lazy\" decoding=\"async\" aria-describedby=\"caption-attachment-90651\" class=\"wp-image-90651 size-full\" title=\"C\u1ea7u thang g\u1ed7 men theo v\u00e1ch \u0111\u00e1 \u1edf h\u1ebbm n\u00fai Vintgar - \u1ea2nh: wordpress\" src=\"https:\/\/cdn3.ivivu.com\/2015\/07\/slovenia-diem-hen-gia-re-hang-dau-nam-2015-ivivu-17.jpg\" alt=\"C\u1ea7u thang g\u1ed7 men theo v\u00e1ch \u0111\u00e1 \u1edf h\u1ebbm n\u00fai Vintgar - \u1ea2nh: wordpress\" width=\"665\" height=\"441\" srcset=\"https:\/\/cdn3.ivivu.com\/2015\/07\/slovenia-diem-hen-gia-re-hang-dau-nam-2015-ivivu-17.jpg 665w, https:\/\/cdn3.ivivu.com\/2015\/07\/slovenia-diem-hen-gia-re-hang-dau-nam-2015-ivivu-17-460x305.jpg 460w\" sizes=\"(max-width: 665px) 100vw, 665px\" \/><\/a><p id=\"caption-attachment-90651\" class=\"wp-caption-text\">C\u1ea7u thang g\u1ed7 men theo v\u00e1ch \u0111\u00e1 \u1edf h\u1ebbm n\u00fai Vintgar &#8211; \u1ea2nh: wordpress<\/p><\/div>\n<div id=\"attachment_90652\" style=\"width: 650px\" class=\"wp-caption aligncenter\"><a href=\"https:\/\/cdn3.ivivu.com\/2015\/07\/slovenia-diem-hen-gia-re-hang-dau-nam-2015-ivivu-18.jpg\"><img loading=\"lazy\" decoding=\"async\" aria-describedby=\"caption-attachment-90652\" class=\"wp-image-90652 size-full\" title=\"N\u01b0\u1edbc s\u00f4ng trong v\u1eaft \u1edf h\u1ebbm n\u00fai Vintgar - \u1ea2nh: wordpress\" src=\"https:\/\/cdn3.ivivu.com\/2015\/07\/slovenia-diem-hen-gia-re-hang-dau-nam-2015-ivivu-18.jpg\" alt=\"N\u01b0\u1edbc s\u00f4ng trong v\u1eaft \u1edf h\u1ebbm n\u00fai Vintgar - \u1ea2nh: wordpress\" width=\"640\" height=\"427\" srcset=\"https:\/\/cdn3.ivivu.com\/2015\/07\/slovenia-diem-hen-gia-re-hang-dau-nam-2015-ivivu-18.jpg 640w, https:\/\/cdn3.ivivu.com\/2015\/07\/slovenia-diem-hen-gia-re-hang-dau-nam-2015-ivivu-18-457x305.jpg 457w\" sizes=\"(max-width: 640px) 100vw, 640px\" \/><\/a><p id=\"caption-attachment-90652\" class=\"wp-caption-text\">N\u01b0\u1edbc s\u00f4ng trong v\u1eaft \u1edf h\u1ebbm n\u00fai Vintgar &#8211; \u1ea2nh: wordpress<\/p><\/div>\n<p style=\"text-align: justify;\">* \u0110\u1ec3 ng\u1eafm to\u00e0n c\u1ea3nh Ljubljana, <em><strong>l\u00e2u \u0111\u00e0i Ljubljana<\/strong><\/em> tr\u00ean ng\u1ecdn \u0111\u1ed3i bao quanh th\u1ee7 \u0111\u00f4 l\u00e0 n\u01a1i t\u1ed1t nh\u1ea5t. V\u00ec v\u1eady, c\u00e1c nh\u00e0 h\u00e0ng trong khu\u00f4n vi\u00ean l\u00e2u \u0111\u00e0i lu\u00f4n \u0111\u1ea7y \u1eafp th\u1ef1c kh\u00e1ch.<\/p>\n<p style=\"text-align: justify;\">L\u00e2u \u0111\u00e0i c\u00f3 t\u1eeb th\u1eddi c\u1ed5 \u0111\u1ea1i n\u00e0y \u0111\u00e3 tr\u1ea3i qua nhi\u1ec1u l\u1ea7n tr\u00f9ng tu v\u00e0 nay l\u00e0 n\u01a1i di\u1ec5n ra nh\u1eefng s\u1ef1 ki\u1ec7n v\u0103n h\u00f3a, bi\u1ec3u di\u1ec5n ngh\u1ec7 thu\u1eadt ngo\u00e0i tr\u1eddi&#8230; g\u00f3p ph\u1ea7n t\u1ea1o n\u00ean n\u00e9t \u0111\u1ed9c \u0111\u00e1o cho th\u1ee7 \u0111\u00f4 c\u1ee7a Slovenia<\/p>\n<div id=\"attachment_90653\" style=\"width: 675px\" class=\"wp-caption aligncenter\"><a href=\"https:\/\/cdn3.ivivu.com\/2015\/07\/slovenia-diem-hen-gia-re-hang-dau-nam-2015-ivivu-19.jpg\"><img loading=\"lazy\" decoding=\"async\" aria-describedby=\"caption-attachment-90653\" class=\"wp-image-90653 size-full\" title=\"L\u00e2u \u0111\u00e0i Ljubljana, trung t\u00e2m c\u1ee7a th\u1ee7 \u0111\u00f4 Ljubljana - \u1ea2nh: wordpress\" src=\"https:\/\/cdn3.ivivu.com\/2015\/07\/slovenia-diem-hen-gia-re-hang-dau-nam-2015-ivivu-19.jpg\" alt=\"L\u00e2u \u0111\u00e0i Ljubljana, trung t\u00e2m c\u1ee7a th\u1ee7 \u0111\u00f4 Ljubljana - \u1ea2nh: wordpress\" width=\"665\" height=\"433\" srcset=\"https:\/\/cdn3.ivivu.com\/2015\/07\/slovenia-diem-hen-gia-re-hang-dau-nam-2015-ivivu-19.jpg 665w, https:\/\/cdn3.ivivu.com\/2015\/07\/slovenia-diem-hen-gia-re-hang-dau-nam-2015-ivivu-19-468x305.jpg 468w\" sizes=\"(max-width: 665px) 100vw, 665px\" \/><\/a><p id=\"caption-attachment-90653\" class=\"wp-caption-text\">L\u00e2u \u0111\u00e0i Ljubljana, trung t\u00e2m c\u1ee7a th\u1ee7 \u0111\u00f4 Ljubljana &#8211; \u1ea2nh: wordpress<\/p><\/div>\n<div id=\"attachment_90654\" style=\"width: 675px\" class=\"wp-caption aligncenter\"><a href=\"https:\/\/cdn3.ivivu.com\/2015\/07\/slovenia-diem-hen-gia-re-hang-dau-nam-2015-ivivu-20.jpg\"><img loading=\"lazy\" decoding=\"async\" aria-describedby=\"caption-attachment-90654\" class=\"wp-image-90654 size-full\" title=\"B\u00ean trong l\u00e2u \u0111\u00e0i Ljubljana, n\u01a1i di\u1ec5n ra nhi\u1ec1u s\u1ef1 ki\u1ec7n v\u0103n h\u00f3a ngh\u1ec7 thu\u1eadt c\u1ee7a Slovenia - \u1ea2nh: thousandwonders\" src=\"https:\/\/cdn3.ivivu.com\/2015\/07\/slovenia-diem-hen-gia-re-hang-dau-nam-2015-ivivu-20.jpg\" alt=\"B\u00ean trong l\u00e2u \u0111\u00e0i Ljubljana, n\u01a1i di\u1ec5n ra nhi\u1ec1u s\u1ef1 ki\u1ec7n v\u0103n h\u00f3a ngh\u1ec7 thu\u1eadt c\u1ee7a Slovenia - \u1ea2nh: thousandwonders\" width=\"665\" height=\"445\" srcset=\"https:\/\/cdn3.ivivu.com\/2015\/07\/slovenia-diem-hen-gia-re-hang-dau-nam-2015-ivivu-20.jpg 665w, https:\/\/cdn3.ivivu.com\/2015\/07\/slovenia-diem-hen-gia-re-hang-dau-nam-2015-ivivu-20-456x305.jpg 456w\" sizes=\"(max-width: 665px) 100vw, 665px\" \/><\/a><p id=\"caption-attachment-90654\" class=\"wp-caption-text\">B\u00ean trong l\u00e2u \u0111\u00e0i Ljubljana, n\u01a1i di\u1ec5n ra nhi\u1ec1u s\u1ef1 ki\u1ec7n v\u0103n h\u00f3a ngh\u1ec7 thu\u1eadt c\u1ee7a Slovenia &#8211; \u1ea2nh: thousandwonders<\/p><\/div>\n<div id=\"attachment_90655\" style=\"width: 675px\" class=\"wp-caption aligncenter\"><a href=\"https:\/\/cdn3.ivivu.com\/2015\/07\/slovenia-diem-hen-gia-re-hang-dau-nam-2015-ivivu-21.jpg\"><img loading=\"lazy\" decoding=\"async\" aria-describedby=\"caption-attachment-90655\" class=\"wp-image-90655 size-full\" title=\"C\u1ea7u thang xo\u1eafn \u1ed1c c\u1ef1c k\u1ef3 \u1ea5n t\u01b0\u1ee3ng trong l\u00e2u \u0111\u00e0i Ljubljana - \u1ea2nh: wordpress\" src=\"https:\/\/cdn3.ivivu.com\/2015\/07\/slovenia-diem-hen-gia-re-hang-dau-nam-2015-ivivu-21.jpg\" alt=\"C\u1ea7u thang xo\u1eafn \u1ed1c c\u1ef1c k\u1ef3 \u1ea5n t\u01b0\u1ee3ng trong l\u00e2u \u0111\u00e0i Ljubljana - \u1ea2nh: wordpress\" width=\"665\" height=\"373\" srcset=\"https:\/\/cdn3.ivivu.com\/2015\/07\/slovenia-diem-hen-gia-re-hang-dau-nam-2015-ivivu-21.jpg 665w, https:\/\/cdn3.ivivu.com\/2015\/07\/slovenia-diem-hen-gia-re-hang-dau-nam-2015-ivivu-21-540x303.jpg 540w, https:\/\/cdn3.ivivu.com\/2015\/07\/slovenia-diem-hen-gia-re-hang-dau-nam-2015-ivivu-21-225x127.jpg 225w, https:\/\/cdn3.ivivu.com\/2015\/07\/slovenia-diem-hen-gia-re-hang-dau-nam-2015-ivivu-21-370x208.jpg 370w, https:\/\/cdn3.ivivu.com\/2015\/07\/slovenia-diem-hen-gia-re-hang-dau-nam-2015-ivivu-21-50x28.jpg 50w, https:\/\/cdn3.ivivu.com\/2015\/07\/slovenia-diem-hen-gia-re-hang-dau-nam-2015-ivivu-21-107x60.jpg 107w, https:\/\/cdn3.ivivu.com\/2015\/07\/slovenia-diem-hen-gia-re-hang-dau-nam-2015-ivivu-21-195x110.jpg 195w, https:\/\/cdn3.ivivu.com\/2015\/07\/slovenia-diem-hen-gia-re-hang-dau-nam-2015-ivivu-21-400x225.jpg 400w, https:\/\/cdn3.ivivu.com\/2015\/07\/slovenia-diem-hen-gia-re-hang-dau-nam-2015-ivivu-21-140x80.jpg 140w\" sizes=\"(max-width: 665px) 100vw, 665px\" \/><\/a><p id=\"caption-attachment-90655\" class=\"wp-caption-text\">C\u1ea7u thang xo\u1eafn \u1ed1c c\u1ef1c k\u1ef3 \u1ea5n t\u01b0\u1ee3ng trong l\u00e2u \u0111\u00e0i Ljubljana &#8211; \u1ea2nh: wordpress<\/p><\/div>\n<p style=\"text-align: justify;\">V\u00e0 s\u1ebd thi\u1ebfu s\u00f3t n\u1ebfu b\u1ea1n kh\u00f4ng \u0111\u1ebfn <em><strong>c\u1ea7u R\u1ed3ng \u1edf Ljubljana<\/strong><\/em>. Khu v\u1ef1c c\u1ea7u \u0111\u01b0\u1ee3c trang tr\u00ed nhi\u1ec1u t\u00e1c ph\u1ea9m \u0111i\u00eau kh\u1eafc h\u00ecnh r\u1ed3ng, linh v\u1eadt bi\u1ec3u t\u01b0\u1ee3ng c\u1ee7a th\u00e0nh ph\u1ed1. Khu ph\u1ed1 c\u1ed5 v\u1edbi nh\u1eefng c\u0103n nh\u00e0 \u0111a s\u1eafc m\u00e0u v\u00e0 trang tr\u00ed r\u1ef1c r\u1ee1 n\u1eb1m d\u1ecdc b\u1edd s\u00f4ng hay tr\u00ean nh\u1eefng con \u0111\u01b0\u1eddng l\u00e1t \u0111\u00e1 nh\u01b0 \u0111\u01b0a du kh\u00e1ch tr\u1edf v\u1ec1 th\u1eddi kh\u1eafc c\u1ee7a qu\u00e1 kh\u1ee9.<\/p>\n<p style=\"text-align: justify;\">Ljubljana l\u00e0 m\u1ed9t th\u00e0nh ph\u1ed1 c\u1ed5 x\u01b0a n\u00ean ch\u1ec9 c\u1ea7n \u0111i d\u1ecdc b\u1edd s\u00f4ng trong th\u00e0nh ph\u1ed1, b\u1ea1n s\u1ebd d\u1ec5 d\u00e0ng b\u1eaft g\u1eb7p nh\u1eefng di t\u00edch La M\u00e3 c\u00f2n l\u1ea1i tr\u00ean \u0111\u01b0\u1eddng&#8230;<\/p>\n<div id=\"attachment_90656\" style=\"width: 675px\" class=\"wp-caption aligncenter\"><a href=\"https:\/\/cdn3.ivivu.com\/2015\/07\/slovenia-diem-hen-gia-re-hang-dau-nam-2015-ivivu-22.jpg\"><img loading=\"lazy\" decoding=\"async\" aria-describedby=\"caption-attachment-90656\" class=\"wp-image-90656 size-full\" title=\"M\u1ed9t g\u00f3c ph\u1ed1 b\u00ecnh y\u00ean \u1edf Ljubljana - \u1ea2nh: wordpress\" src=\"https:\/\/cdn3.ivivu.com\/2015\/07\/slovenia-diem-hen-gia-re-hang-dau-nam-2015-ivivu-22.jpg\" alt=\"M\u1ed9t g\u00f3c ph\u1ed1 b\u00ecnh y\u00ean \u1edf Ljubljana - \u1ea2nh: wordpress\" width=\"665\" height=\"498\" srcset=\"https:\/\/cdn3.ivivu.com\/2015\/07\/slovenia-diem-hen-gia-re-hang-dau-nam-2015-ivivu-22.jpg 665w, https:\/\/cdn3.ivivu.com\/2015\/07\/slovenia-diem-hen-gia-re-hang-dau-nam-2015-ivivu-22-407x305.jpg 407w\" sizes=\"(max-width: 665px) 100vw, 665px\" \/><\/a><p id=\"caption-attachment-90656\" class=\"wp-caption-text\">M\u1ed9t g\u00f3c ph\u1ed1 b\u00ecnh y\u00ean \u1edf Ljubljana &#8211; \u1ea2nh: wordpress<\/p><\/div>\n<div id=\"attachment_90657\" style=\"width: 675px\" class=\"wp-caption aligncenter\"><a href=\"https:\/\/cdn3.ivivu.com\/2015\/07\/slovenia-diem-hen-gia-re-hang-dau-nam-2015-ivivu-23.jpg\"><img loading=\"lazy\" decoding=\"async\" aria-describedby=\"caption-attachment-90657\" class=\"wp-image-90657 size-full\" title=\"C\u1ea7u r\u1ed3ng (r\u1ed3ng l\u00e0 bi\u1ec3u t\u01b0\u1ee3ng c\u1ee7a Ljubljana) \u1edf Ljubljana - \u1ea2nh: wordpress\" src=\"https:\/\/cdn3.ivivu.com\/2015\/07\/slovenia-diem-hen-gia-re-hang-dau-nam-2015-ivivu-23.jpg\" alt=\"C\u1ea7u r\u1ed3ng (r\u1ed3ng l\u00e0 bi\u1ec3u t\u01b0\u1ee3ng c\u1ee7a Ljubljana) \u1edf Ljubljana - \u1ea2nh: wordpress\" width=\"665\" height=\"498\" srcset=\"https:\/\/cdn3.ivivu.com\/2015\/07\/slovenia-diem-hen-gia-re-hang-dau-nam-2015-ivivu-23.jpg 665w, https:\/\/cdn3.ivivu.com\/2015\/07\/slovenia-diem-hen-gia-re-hang-dau-nam-2015-ivivu-23-407x305.jpg 407w\" sizes=\"(max-width: 665px) 100vw, 665px\" \/><\/a><p id=\"caption-attachment-90657\" class=\"wp-caption-text\">C\u1ea7u r\u1ed3ng (r\u1ed3ng l\u00e0 bi\u1ec3u t\u01b0\u1ee3ng c\u1ee7a Ljubljana) \u1edf Ljubljana &#8211; \u1ea2nh: wordpress<\/p><\/div>\n<p style=\"text-align: right;\"><strong>Theo Dulich.tuoitre.vn<\/strong><\/p>\n<p><strong><div class=\"ltt-contentbox white\"><\/span><\/strong><\/p>\n<p><strong>Xem th\u00eam c\u00e1c b\u00e0i vi\u1ebft:<\/strong><\/p>\n<p><strong><a href=\"https:\/\/www.ivivu.com\/blog\/2014\/02\/ngu-ho-dep-nhat-troi-au\/\" target=\"_blank\">Ng\u0169 h\u1ed3 \u0111\u1eb9p nh\u1ea5t tr\u1eddi \u00c2u<\/a><\/strong><\/p>\n<p><strong><a href=\"https:\/\/www.ivivu.com\/blog\/2014\/11\/du-lich-xuyen-luc-dia-chiem-nguong-32-den-tho-dep-ngoan-muc\/\" target=\"_blank\">Du l\u1ecbch xuy\u00ean l\u1ee5c \u0111\u1ecba chi\u00eam ng\u01b0\u1ee1ng 32 \u0111\u1ec1n th\u1edd \u0111\u1eb9p ngo\u1ea1n m\u1ee5c<\/a><\/strong><\/p>\n<p><strong><a href=\"https:\/\/www.ivivu.com\/blog\/2012\/11\/top-10-hang-dong-ngam-dep-nhat-the-gioi\/\" target=\"_blank\">Top 10 hang \u0111\u1ed9ng ng\u1ea7m \u0111\u1eb9p nh\u1ea5t th\u1ebf gi\u1edbi<\/a><\/strong><\/p>\n<p><strong><\/div><\/strong><\/p>\n<h3><div class=\"ltt-contentbox white\"><\/span>Click \u0111\u1eb7t ngay <a href=\"https:\/\/www.ivivu.com\/\" target=\"_blank\">Kh\u00e1ch s\u1ea1n kh\u1eafp Vi\u1ec7t Nam v\u00e0 to\u00e0n th\u1ebf gi\u1edbi<\/a> gi\u00e1 t\u1ed1t nh\u1ea5t ch\u1ec9 c\u00f3 t\u1ea1i iVIVU.com<\/div><\/h3>\n<p>***<\/p>\n<p><strong>Tham kh\u1ea3o:\u00a0<a href=\"https:\/\/www.ivivu.com\/blog\/\" target=\"_blank\">C\u1ea9m nang du l\u1ecbch iVIVU.com<\/a><\/strong><\/p>\n","protected":false},"excerpt":{"rendered":"<p>Theo b\u00ecnh ch\u1ecdn c\u1ee7a ph\u1ea7n l\u1edbn trang tin du l\u1ecbch l\u1edbn tr\u00ean th\u1ebf gi\u1edbi, qu\u1ed1c gia nh\u1ecf b\u00e9 Slovenia \u1edf ph\u00eda Nam ch\u00e2u \u00c2u l\u00e0 m\u1ed9t trong s\u1ed1 nh\u1eefng \u0111i\u1ec3m \u0111\u1ebfn h\u1ea5p d\u1eabn c\u00f3 chi ph\u00ed th\u1ea5p h\u00e0ng \u0111\u1ea7u trong&#8230;<\/p>\n","protected":false},"author":38,"featured_media":90635,"comment_status":"closed","ping_status":"open","sticky":false,"template":"","format":"standard","meta":{"_acf_changed":false,"footnotes":""},"categories":[247,231,14742],"tags":[14789,319,408,6359,12213,10784,42,87,15729],"acf":[],"yoast_head":"<!-- This site is optimized with the Yoast SEO Premium plugin v22.6 (Yoast SEO v22.6) - https:\/\/yoast.com\/wordpress\/plugins\/seo\/ -->\n<title>Slovenia, \u0111i\u1ec3m h\u1eb9n gi\u00e1 r\u1ebb h\u00e0ng \u0111\u1ea7u n\u0103m 2015<\/title>\n<meta name=\"description\" content=\"Qu\u1ed1c gia nh\u1ecf b\u00e9 Slovenia \u1edf ph\u00eda Nam ch\u00e2u \u00c2u l\u00e0 m\u1ed9t trong s\u1ed1 nh\u1eefng \u0111i\u1ec3m \u0111\u1ebfn h\u1ea5p d\u1eabn c\u00f3 chi ph\u00ed th\u1ea5p h\u00e0ng \u0111\u1ea7u trong n\u0103m 2015.\" \/>\n<meta name=\"robots\" content=\"index, follow, max-snippet:-1, max-image-preview:large, max-video-preview:-1\" \/>\n<link rel=\"canonical\" href=\"https:\/\/www.ivivu.com\/blog\/2015\/07\/slovenia-diem-hen-gia-re-hang-dau-nam-2015\/\" \/>\n<meta name=\"twitter:label1\" content=\"\u0110\u01b0\u1ee3c vi\u1ebft b\u1edfi\" \/>\n\t<meta name=\"twitter:data1\" content=\"Ng\u00e2n Thi\u1ec1u Kim\" \/>\n\t<meta name=\"twitter:label2\" content=\"\u01af\u1edbc t\u00ednh th\u1eddi gian \u0111\u1ecdc\" \/>\n\t<meta name=\"twitter:data2\" content=\"13 ph\u00fat\" \/>\n<script type=\"application\/ld+json\" class=\"yoast-schema-graph\">{\"@context\":\"https:\/\/schema.org\",\"@graph\":[{\"@type\":\"Article\",\"@id\":\"https:\/\/www.ivivu.com\/blog\/2015\/07\/slovenia-diem-hen-gia-re-hang-dau-nam-2015\/#article\",\"isPartOf\":{\"@id\":\"https:\/\/www.ivivu.com\/blog\/2015\/07\/slovenia-diem-hen-gia-re-hang-dau-nam-2015\/\"},\"author\":{\"name\":\"Ng\u00e2n Thi\u1ec1u Kim\",\"@id\":\"https:\/\/www.ivivu.com\/blog\/#\/schema\/person\/f6e706f46fad4e85f2e1c3ec41136369\"},\"headline\":\"Slovenia, \u0111i\u1ec3m h\u1eb9n gi\u00e1 r\u1ebb h\u00e0ng \u0111\u1ea7u n\u0103m 2015\",\"datePublished\":\"2015-07-18T04:11:29+00:00\",\"dateModified\":\"2015-07-17T07:14:31+00:00\",\"mainEntityOfPage\":{\"@id\":\"https:\/\/www.ivivu.com\/blog\/2015\/07\/slovenia-diem-hen-gia-re-hang-dau-nam-2015\/\"},\"wordCount\":2584,\"publisher\":{\"@id\":\"https:\/\/www.ivivu.com\/blog\/#organization\"},\"image\":{\"@id\":\"https:\/\/www.ivivu.com\/blog\/2015\/07\/slovenia-diem-hen-gia-re-hang-dau-nam-2015\/#primaryimage\"},\"thumbnailUrl\":\"https:\/\/cdn3.ivivu.com\/2015\/07\/slovenia-diem-hen-gia-re-hang-dau-nam-2015-ivivu-1.jpg\",\"keywords\":[\"book ph\u00f2ng kh\u00e1ch s\u1ea1n gi\u00e1 r\u1ebb\",\"Du l\u1ecbch ch\u00e2u \u00e2u\",\"Du l\u1ecbch gi\u00e1 r\u1ebb\",\"\u0111\u1eb7t kh\u00e1ch s\u1ea1n gi\u00e1 r\u1ebb\",\"\u0111\u1eb7t ph\u00f2ng gi\u00e1 r\u1ebb\",\"\u0111\u1eb7t ph\u00f2ng tr\u1ef1c tuy\u1ebfn\",\"ivivu\",\"ivivu.com\",\"Slovenia\"],\"articleSection\":[\"Ch\u00e2u \u00c2u\",\"DU L\u1ecaCH TH\u1ebe GI\u1edaI\",\"N\u1ed5i B\u1eadt 2\"],\"inLanguage\":\"vi\"},{\"@type\":\"WebPage\",\"@id\":\"https:\/\/www.ivivu.com\/blog\/2015\/07\/slovenia-diem-hen-gia-re-hang-dau-nam-2015\/\",\"url\":\"https:\/\/www.ivivu.com\/blog\/2015\/07\/slovenia-diem-hen-gia-re-hang-dau-nam-2015\/\",\"name\":\"Slovenia, \u0111i\u1ec3m h\u1eb9n gi\u00e1 r\u1ebb h\u00e0ng \u0111\u1ea7u n\u0103m 2015\",\"isPartOf\":{\"@id\":\"https:\/\/www.ivivu.com\/blog\/#website\"},\"primaryImageOfPage\":{\"@id\":\"https:\/\/www.ivivu.com\/blog\/2015\/07\/slovenia-diem-hen-gia-re-hang-dau-nam-2015\/#primaryimage\"},\"image\":{\"@id\":\"https:\/\/www.ivivu.com\/blog\/2015\/07\/slovenia-diem-hen-gia-re-hang-dau-nam-2015\/#primaryimage\"},\"thumbnailUrl\":\"https:\/\/cdn3.ivivu.com\/2015\/07\/slovenia-diem-hen-gia-re-hang-dau-nam-2015-ivivu-1.jpg\",\"datePublished\":\"2015-07-18T04:11:29+00:00\",\"dateModified\":\"2015-07-17T07:14:31+00:00\",\"description\":\"Qu\u1ed1c gia nh\u1ecf b\u00e9 Slovenia \u1edf ph\u00eda Nam ch\u00e2u \u00c2u l\u00e0 m\u1ed9t trong s\u1ed1 nh\u1eefng \u0111i\u1ec3m \u0111\u1ebfn h\u1ea5p d\u1eabn c\u00f3 chi ph\u00ed th\u1ea5p h\u00e0ng \u0111\u1ea7u trong n\u0103m 2015.\",\"breadcrumb\":{\"@id\":\"https:\/\/www.ivivu.com\/blog\/2015\/07\/slovenia-diem-hen-gia-re-hang-dau-nam-2015\/#breadcrumb\"},\"inLanguage\":\"vi\",\"potentialAction\":[{\"@type\":\"ReadAction\",\"target\":[\"https:\/\/www.ivivu.com\/blog\/2015\/07\/slovenia-diem-hen-gia-re-hang-dau-nam-2015\/\"]}]},{\"@type\":\"ImageObject\",\"inLanguage\":\"vi\",\"@id\":\"https:\/\/www.ivivu.com\/blog\/2015\/07\/slovenia-diem-hen-gia-re-hang-dau-nam-2015\/#primaryimage\",\"url\":\"https:\/\/cdn3.ivivu.com\/2015\/07\/slovenia-diem-hen-gia-re-hang-dau-nam-2015-ivivu-1.jpg\",\"contentUrl\":\"https:\/\/cdn3.ivivu.com\/2015\/07\/slovenia-diem-hen-gia-re-hang-dau-nam-2015-ivivu-1.jpg\",\"width\":665,\"height\":440},{\"@type\":\"BreadcrumbList\",\"@id\":\"https:\/\/www.ivivu.com\/blog\/2015\/07\/slovenia-diem-hen-gia-re-hang-dau-nam-2015\/#breadcrumb\",\"itemListElement\":[{\"@type\":\"ListItem\",\"position\":1,\"name\":\"Home\",\"item\":\"https:\/\/www.ivivu.com\/blog\/\"},{\"@type\":\"ListItem\",\"position\":2,\"name\":\"Slovenia, \u0111i\u1ec3m h\u1eb9n gi\u00e1 r\u1ebb h\u00e0ng \u0111\u1ea7u n\u0103m 2015\"}]},{\"@type\":\"WebSite\",\"@id\":\"https:\/\/www.ivivu.com\/blog\/#website\",\"url\":\"https:\/\/www.ivivu.com\/blog\/\",\"name\":\"C\u1ea9m nang du l\u1ecbch\",\"description\":\"\",\"publisher\":{\"@id\":\"https:\/\/www.ivivu.com\/blog\/#organization\"},\"potentialAction\":[{\"@type\":\"SearchAction\",\"target\":{\"@type\":\"EntryPoint\",\"urlTemplate\":\"https:\/\/www.ivivu.com\/blog\/?s={search_term_string}\"},\"query-input\":\"required name=search_term_string\"}],\"inLanguage\":\"vi\"},{\"@type\":\"Organization\",\"@id\":\"https:\/\/www.ivivu.com\/blog\/#organization\",\"name\":\"iVIVU.com\",\"url\":\"https:\/\/www.ivivu.com\/blog\/\",\"logo\":{\"@type\":\"ImageObject\",\"inLanguage\":\"vi\",\"@id\":\"https:\/\/www.ivivu.com\/blog\/#\/schema\/logo\/image\/\",\"url\":\"https:\/\/cdn3.ivivu.com\/2024\/01\/ivivu_no_slogan.png\",\"contentUrl\":\"https:\/\/cdn3.ivivu.com\/2024\/01\/ivivu_no_slogan.png\",\"width\":788,\"height\":565,\"caption\":\"iVIVU.com\"},\"image\":{\"@id\":\"https:\/\/www.ivivu.com\/blog\/#\/schema\/logo\/image\/\"},\"sameAs\":[\"https:\/\/www.facebook.com\/iVIVU\"]},{\"@type\":\"Person\",\"@id\":\"https:\/\/www.ivivu.com\/blog\/#\/schema\/person\/f6e706f46fad4e85f2e1c3ec41136369\",\"name\":\"Ng\u00e2n Thi\u1ec1u Kim\",\"sameAs\":[\"https:\/\/www.ivivu.com\/blog\/\"],\"url\":\"https:\/\/www.ivivu.com\/blog\/author\/ngan-thieu\/\"}]}<\/script>\n<!-- \/ Yoast SEO Premium plugin. -->","yoast_head_json":{"title":"Slovenia, \u0111i\u1ec3m h\u1eb9n gi\u00e1 r\u1ebb h\u00e0ng \u0111\u1ea7u n\u0103m 2015","description":"Qu\u1ed1c gia nh\u1ecf b\u00e9 Slovenia \u1edf ph\u00eda Nam ch\u00e2u \u00c2u l\u00e0 m\u1ed9t trong s\u1ed1 nh\u1eefng \u0111i\u1ec3m \u0111\u1ebfn h\u1ea5p d\u1eabn c\u00f3 chi ph\u00ed th\u1ea5p h\u00e0ng \u0111\u1ea7u trong n\u0103m 2015.","robots":{"index":"index","follow":"follow","max-snippet":"max-snippet:-1","max-image-preview":"max-image-preview:large","max-video-preview":"max-video-preview:-1"},"canonical":"https:\/\/www.ivivu.com\/blog\/2015\/07\/slovenia-diem-hen-gia-re-hang-dau-nam-2015\/","twitter_misc":{"\u0110\u01b0\u1ee3c vi\u1ebft b\u1edfi":"Ng\u00e2n Thi\u1ec1u Kim","\u01af\u1edbc t\u00ednh th\u1eddi gian \u0111\u1ecdc":"13 ph\u00fat"},"schema":{"@context":"https:\/\/schema.org","@graph":[{"@type":"Article","@id":"https:\/\/www.ivivu.com\/blog\/2015\/07\/slovenia-diem-hen-gia-re-hang-dau-nam-2015\/#article","isPartOf":{"@id":"https:\/\/www.ivivu.com\/blog\/2015\/07\/slovenia-diem-hen-gia-re-hang-dau-nam-2015\/"},"author":{"name":"Ng\u00e2n Thi\u1ec1u Kim","@id":"https:\/\/www.ivivu.com\/blog\/#\/schema\/person\/f6e706f46fad4e85f2e1c3ec41136369"},"headline":"Slovenia, \u0111i\u1ec3m h\u1eb9n gi\u00e1 r\u1ebb h\u00e0ng \u0111\u1ea7u n\u0103m 2015","datePublished":"2015-07-18T04:11:29+00:00","dateModified":"2015-07-17T07:14:31+00:00","mainEntityOfPage":{"@id":"https:\/\/www.ivivu.com\/blog\/2015\/07\/slovenia-diem-hen-gia-re-hang-dau-nam-2015\/"},"wordCount":2584,"publisher":{"@id":"https:\/\/www.ivivu.com\/blog\/#organization"},"image":{"@id":"https:\/\/www.ivivu.com\/blog\/2015\/07\/slovenia-diem-hen-gia-re-hang-dau-nam-2015\/#primaryimage"},"thumbnailUrl":"https:\/\/cdn3.ivivu.com\/2015\/07\/slovenia-diem-hen-gia-re-hang-dau-nam-2015-ivivu-1.jpg","keywords":["book ph\u00f2ng kh\u00e1ch s\u1ea1n gi\u00e1 r\u1ebb","Du l\u1ecbch ch\u00e2u \u00e2u","Du l\u1ecbch gi\u00e1 r\u1ebb","\u0111\u1eb7t kh\u00e1ch s\u1ea1n gi\u00e1 r\u1ebb","\u0111\u1eb7t ph\u00f2ng gi\u00e1 r\u1ebb","\u0111\u1eb7t ph\u00f2ng tr\u1ef1c tuy\u1ebfn","ivivu","ivivu.com","Slovenia"],"articleSection":["Ch\u00e2u \u00c2u","DU L\u1ecaCH TH\u1ebe GI\u1edaI","N\u1ed5i B\u1eadt 2"],"inLanguage":"vi"},{"@type":"WebPage","@id":"https:\/\/www.ivivu.com\/blog\/2015\/07\/slovenia-diem-hen-gia-re-hang-dau-nam-2015\/","url":"https:\/\/www.ivivu.com\/blog\/2015\/07\/slovenia-diem-hen-gia-re-hang-dau-nam-2015\/","name":"Slovenia, \u0111i\u1ec3m h\u1eb9n gi\u00e1 r\u1ebb h\u00e0ng \u0111\u1ea7u n\u0103m 2015","isPartOf":{"@id":"https:\/\/www.ivivu.com\/blog\/#website"},"primaryImageOfPage":{"@id":"https:\/\/www.ivivu.com\/blog\/2015\/07\/slovenia-diem-hen-gia-re-hang-dau-nam-2015\/#primaryimage"},"image":{"@id":"https:\/\/www.ivivu.com\/blog\/2015\/07\/slovenia-diem-hen-gia-re-hang-dau-nam-2015\/#primaryimage"},"thumbnailUrl":"https:\/\/cdn3.ivivu.com\/2015\/07\/slovenia-diem-hen-gia-re-hang-dau-nam-2015-ivivu-1.jpg","datePublished":"2015-07-18T04:11:29+00:00","dateModified":"2015-07-17T07:14:31+00:00","description":"Qu\u1ed1c gia nh\u1ecf b\u00e9 Slovenia \u1edf ph\u00eda Nam ch\u00e2u \u00c2u l\u00e0 m\u1ed9t trong s\u1ed1 nh\u1eefng \u0111i\u1ec3m \u0111\u1ebfn h\u1ea5p d\u1eabn c\u00f3 chi ph\u00ed th\u1ea5p h\u00e0ng \u0111\u1ea7u trong n\u0103m 2015.","breadcrumb":{"@id":"https:\/\/www.ivivu.com\/blog\/2015\/07\/slovenia-diem-hen-gia-re-hang-dau-nam-2015\/#breadcrumb"},"inLanguage":"vi","potentialAction":[{"@type":"ReadAction","target":["https:\/\/www.ivivu.com\/blog\/2015\/07\/slovenia-diem-hen-gia-re-hang-dau-nam-2015\/"]}]},{"@type":"ImageObject","inLanguage":"vi","@id":"https:\/\/www.ivivu.com\/blog\/2015\/07\/slovenia-diem-hen-gia-re-hang-dau-nam-2015\/#primaryimage","url":"https:\/\/cdn3.ivivu.com\/2015\/07\/slovenia-diem-hen-gia-re-hang-dau-nam-2015-ivivu-1.jpg","contentUrl":"https:\/\/cdn3.ivivu.com\/2015\/07\/slovenia-diem-hen-gia-re-hang-dau-nam-2015-ivivu-1.jpg","width":665,"height":440},{"@type":"BreadcrumbList","@id":"https:\/\/www.ivivu.com\/blog\/2015\/07\/slovenia-diem-hen-gia-re-hang-dau-nam-2015\/#breadcrumb","itemListElement":[{"@type":"ListItem","position":1,"name":"Home","item":"https:\/\/www.ivivu.com\/blog\/"},{"@type":"ListItem","position":2,"name":"Slovenia, \u0111i\u1ec3m h\u1eb9n gi\u00e1 r\u1ebb h\u00e0ng \u0111\u1ea7u n\u0103m 2015"}]},{"@type":"WebSite","@id":"https:\/\/www.ivivu.com\/blog\/#website","url":"https:\/\/www.ivivu.com\/blog\/","name":"C\u1ea9m nang du l\u1ecbch","description":"","publisher":{"@id":"https:\/\/www.ivivu.com\/blog\/#organization"},"potentialAction":[{"@type":"SearchAction","target":{"@type":"EntryPoint","urlTemplate":"https:\/\/www.ivivu.com\/blog\/?s={search_term_string}"},"query-input":"required name=search_term_string"}],"inLanguage":"vi"},{"@type":"Organization","@id":"https:\/\/www.ivivu.com\/blog\/#organization","name":"iVIVU.com","url":"https:\/\/www.ivivu.com\/blog\/","logo":{"@type":"ImageObject","inLanguage":"vi","@id":"https:\/\/www.ivivu.com\/blog\/#\/schema\/logo\/image\/","url":"https:\/\/cdn3.ivivu.com\/2024\/01\/ivivu_no_slogan.png","contentUrl":"https:\/\/cdn3.ivivu.com\/2024\/01\/ivivu_no_slogan.png","width":788,"height":565,"caption":"iVIVU.com"},"image":{"@id":"https:\/\/www.ivivu.com\/blog\/#\/schema\/logo\/image\/"},"sameAs":["https:\/\/www.facebook.com\/iVIVU"]},{"@type":"Person","@id":"https:\/\/www.ivivu.com\/blog\/#\/schema\/person\/f6e706f46fad4e85f2e1c3ec41136369","name":"Ng\u00e2n Thi\u1ec1u Kim","sameAs":["https:\/\/www.ivivu.com\/blog\/"],"url":"https:\/\/www.ivivu.com\/blog\/author\/ngan-thieu\/"}]}},"_links":{"self":[{"href":"https:\/\/www.ivivu.com\/blog\/wp-json\/wp\/v2\/posts\/90634"}],"collection":[{"href":"https:\/\/www.ivivu.com\/blog\/wp-json\/wp\/v2\/posts"}],"about":[{"href":"https:\/\/www.ivivu.com\/blog\/wp-json\/wp\/v2\/types\/post"}],"author":[{"embeddable":true,"href":"https:\/\/www.ivivu.com\/blog\/wp-json\/wp\/v2\/users\/38"}],"replies":[{"embeddable":true,"href":"https:\/\/www.ivivu.com\/blog\/wp-json\/wp\/v2\/comments?post=90634"}],"version-history":[{"count":6,"href":"https:\/\/www.ivivu.com\/blog\/wp-json\/wp\/v2\/posts\/90634\/revisions"}],"predecessor-version":[{"id":90951,"href":"https:\/\/www.ivivu.com\/blog\/wp-json\/wp\/v2\/posts\/90634\/revisions\/90951"}],"wp:featuredmedia":[{"embeddable":true,"href":"https:\/\/www.ivivu.com\/blog\/wp-json\/wp\/v2\/media\/90635"}],"wp:attachment":[{"href":"https:\/\/www.ivivu.com\/blog\/wp-json\/wp\/v2\/media?parent=90634"}],"wp:term":[{"taxonomy":"category","embeddable":true,"href":"https:\/\/www.ivivu.com\/blog\/wp-json\/wp\/v2\/categories?post=90634"},{"taxonomy":"post_tag","embeddable":true,"href":"https:\/\/www.ivivu.com\/blog\/wp-json\/wp\/v2\/tags?post=90634"}],"curies":[{"name":"wp","href":"https:\/\/api.w.org\/{rel}","templated":true}]}}