{"id":9349,"date":"2013-03-15T10:24:02","date_gmt":"2013-03-15T03:24:02","guid":{"rendered":"http:\/\/www.ivivu.com\/blog\/?p=9349"},"modified":"2014-01-02T15:10:43","modified_gmt":"2014-01-02T08:10:43","slug":"hoi-an-sap-don-chao-nha-hat-ngoai-troi-tri-gia-15-ti-dong","status":"publish","type":"post","link":"https:\/\/www.ivivu.com\/blog\/2013\/03\/hoi-an-sap-don-chao-nha-hat-ngoai-troi-tri-gia-15-ti-dong\/","title":{"rendered":"H\u1ed9i An s\u1eafp \u0111\u00f3n ch\u00e0o nh\u00e0 h\u00e1t ngo\u00e0i tr\u1eddi tr\u1ecb gi\u00e1 15 t\u1ec9 \u0111\u1ed3ng"},"content":{"rendered":"<p>\u00d4ng V\u00f5 Ph\u00f9ng, gi\u00e1m \u0111\u1ed1c Trung t\u00e2m V\u0103n h\u00f3a th\u1ec3 thao TP H\u1ed9i An (Qu\u1ea3ng Nam), v\u1eeba cho bi\u1ebft \u0111\u1ec3 ph\u1ee5c v\u1ee5 cu\u1ed9c thi h\u1ee3p x\u01b0\u1edbng qu\u1ed1c t\u1ebf l\u1ea7n 3 s\u1ebd di\u1ec5n ra trong ch\u01b0\u01a1ng tr\u00ecnh Festival di s\u1ea3n Qu\u1ea3ng Nam 2013 (di\u1ec5n ra t\u1eeb ng\u00e0y 19 \u0111\u1ebfn 23-6), hi\u1ec7n c\u00e1c c\u01a1 quan ch\u1ee9c n\u0103ng \u0111ang \u0111\u1ea9y nhanh ti\u1ebfn \u0111\u1ed9 x\u00e2y d\u1ef1ng nh\u00e0 h\u00e1t ngo\u00e0i tr\u1eddi c\u00f3 m\u00e1i che t\u1ea1i qu\u1ea3ng tr\u01b0\u1eddng S\u00f4ng Ho\u00e0i v\u1edbi t\u1ed5ng kinh ph\u00ed tr\u00ean 15 t\u1ec9 \u0111\u1ed3ng.<\/p>\n<div id=\"attachment_9351\" style=\"width: 550px\" class=\"wp-caption aligncenter\"><a href=\"https:\/\/cdn3.ivivu.com\/2013\/03\/Hoi-An.jpg\"><img loading=\"lazy\" decoding=\"async\" aria-describedby=\"caption-attachment-9351\" class=\"size-full wp-image-9351\" alt=\"H\u1ed9i An\" src=\"https:\/\/cdn3.ivivu.com\/2013\/03\/Hoi-An.jpg\" width=\"540\" height=\"305\" srcset=\"https:\/\/cdn3.ivivu.com\/2013\/03\/Hoi-An.jpg 540w, https:\/\/cdn3.ivivu.com\/2013\/03\/Hoi-An-220x125.jpg 220w, https:\/\/cdn3.ivivu.com\/2013\/03\/Hoi-An-225x127.jpg 225w, https:\/\/cdn3.ivivu.com\/2013\/03\/Hoi-An-370x208.jpg 370w, https:\/\/cdn3.ivivu.com\/2013\/03\/Hoi-An-50x28.jpg 50w, https:\/\/cdn3.ivivu.com\/2013\/03\/Hoi-An-107x60.jpg 107w, https:\/\/cdn3.ivivu.com\/2013\/03\/Hoi-An-195x110.jpg 195w, https:\/\/cdn3.ivivu.com\/2013\/03\/Hoi-An-400x225.jpg 400w, https:\/\/cdn3.ivivu.com\/2013\/03\/Hoi-An-140x80.jpg 140w\" sizes=\"(max-width: 540px) 100vw, 540px\" \/><\/a><p id=\"caption-attachment-9351\" class=\"wp-caption-text\">H\u1ed9i An<\/p><\/div>\n<p>Vi\u1ec7c x\u00e2y d\u1ef1ng nh\u00e0 h\u00e1t d\u1ef1 ki\u1ebfn ho\u00e0n th\u00e0nh v\u00e0o \u0111\u1ea7u th\u00e1ng 6 \u0111\u1ec3 k\u1ecbp ph\u1ee5c v\u1ee5 h\u1ed9i thi h\u1ee3p x\u01b0\u1edbng qu\u1ed1c t\u1ebf c\u00f9ng m\u1ed9t s\u1ed1 ho\u1ea1t \u0111\u1ed9ng v\u0103n h\u00f3a v\u0103n ngh\u1ec7 di\u1ec5n ra d\u1ecbp n\u00e0y.<\/p>\n<p>UBND t\u1ec9nh Qu\u1ea3ng Nam c\u0169ng \u0111\u00e3 quy\u1ebft \u0111\u1ecbnh c\u1ea5p cho UBND TP H\u1ed9i An 2 t\u1ec9 \u0111\u1ed3ng \u0111\u1ec3 h\u1ed7 tr\u1ee3 kinh ph\u00ed t\u1ed5 ch\u1ee9c h\u1ed9i thi. \u0110\u1ebfn th\u1eddi \u0111i\u1ec3m n\u00e0y \u0111\u00e3 c\u00f3 40 \u0111o\u00e0n h\u1ee3p x\u01b0\u1edbng c\u1ee7a c\u00e1c qu\u1ed1c gia, v\u00f9ng l\u00e3nh th\u1ed5 \u0111\u0103ng k\u00fd tham d\u1ef1.<\/p>\n<div class=\"ltt-contentbox yellow\"><\/span><strong>\u0110i\u1ec1u th\u00fa v\u1ecb \u1edf H\u1ed9i An:<\/strong><\/p>\n<p>Th\u1ecb x\u00e3 nh\u1ecf b\u00e9 n\u1eb1m tr\u00ean \u0111\u1ea5t Qu\u1ea3ng Nam n\u00e0y t\u1eebng l\u00e0 n\u01a1i ch\u1ee9ng ki\u1ebfn hai cu\u1ed9c giao thoa v\u0103n ho\u00e1 l\u1edbn trong l\u1ecbch s\u1eed d\u00e2n t\u1ed9c Vi\u1ec7t: L\u1ea7n th\u1ee9 nh\u1ea5t c\u00e1ch \u0111\u00e2y h\u01a1n 5 th\u1ebf k\u1ef7, khi n\u01b0\u1edbc \u0111\u1ea1i Vi\u1ec7t ti\u1ebfn v\u1ec1 ph\u01b0\u01a1ng Nam m\u1edf mang b\u1edd c\u00f5i, v\u00e0 l\u1ea7n th\u1ee9 hai c\u00e1ch \u0111\u00e2y hai th\u1ebf k\u1ef7, khi ng\u01b0\u1eddi ph\u01b0\u01a1ng t\u00e2y theo c\u00e1c chi\u1ebfn thuy\u1ec1n v\u00e0 th\u01b0\u01a1ng thuy\u1ec1n \u0111\u1eb7t ch\u00e2n l\u00ean m\u1ea3nh \u0111\u1ea5t n\u00e0y v\u1edbi \u00fd \u0111\u1ed3 truy\u1ec1n b\u00e1 v\u00e0 th\u00f4n t\u00ednh. C\u1ea3 hai s\u1ef1 ki\u1ec7n l\u1edbn \u0111\u00f3 \u0111\u1ec1u k\u00e9o theo t\u01b0\u01a1ng t\u00e1c v\u0103n ho\u00e1 l\u1edbn lao v\u00e0 n\u1ec1n v\u0103n h\u00f3a Vi\u1ec7t \u0111\u00e3 v\u01b0\u1ee3t qua th\u1eed th\u00e1ch \u0111\u1ed3ng ho\u00e1 \u0111\u1ec3 t\u1ef1 c\u1ea3i bi\u1ebfn v\u00e0 t\u1ed3n t\u1ea1i c\u00f9ng th\u1eddi cu\u1ed9c. Gi\u1edd \u0111\u00e2y, du kh\u00e1ch t\u1edbi H\u1ed9i An, ngo\u00e0i vi\u1ec7c kh\u00e1m ph\u00e1 s\u1ef1 b\u00ecnh d\u1ecb ch\u00e2n th\u1eadt trong t\u00e2m h\u1ed3n ng\u01b0\u1eddi d\u00e2n ph\u1ed1 H\u1ed9i, s\u1ebd m\u1ea5t nhi\u1ec1u th\u1eddi gian chi\u00eam ng\u01b0\u1ee1ng v\u1ebb \u0111\u1eb9p c\u1ed5 k\u00ednh v\u00e0 t\u0129nh l\u1eb7ng c\u1ee7a c\u00e1c m\u00e1i ng\u00f3i ph\u1ee7 r\u00eau xanh m\u01b0\u1edbt v\u00e0 n\u00e9t ch\u1ea1m tr\u1ed5 tinh vi trong nh\u1eefng c\u0103n nh\u00e0 g\u1ed7 \u0111\u00e3 t\u1ed3n t\u1ea1i t\u1eeb h\u01a1n ba tr\u0103m v\u00f2ng quay xu\u00e2n h\u1ea1 thu \u0111\u00f4ng.<\/p>\n<p>B\u1ea1n c\u00f3 th\u1ec3 tham kh\u1ea3o danh s\u00e1ch\u00a0<a title=\"Danh s\u00e1ch kh\u00e1ch s\u1ea1n H\u1ed9i An iVIVU\" href=\"http:\/\/ivivu.com\/vi\/hotels\/chau-a\/viet-nam\/hoi-an\/all\/3262\/\" target=\"_blank\">kh\u00e1ch s\u1ea1n H\u1ed9i An<\/a>\u00a0tr\u01b0\u1edbc khi l\u00ean k\u1ebf ho\u1ea1ch vi vu \u0111\u1ebfn v\u00f9ng \u0111\u1ea5t n\u00e0y. Ch\u00fac b\u1ea1n c\u00f3 m\u1ed9t chuy\u1ebfn \u0111i vui v\u1ebb.<\/div>\n<p><strong>Ngu\u1ed3n: C\u1ea9m Nang Du L\u1ecbch iVIVU &#8211; Theo Tu\u1ed5i Tr\u1ebb<\/strong><\/p>\n","protected":false},"excerpt":{"rendered":"<p>\u00d4ng V\u00f5 Ph\u00f9ng, gi\u00e1m \u0111\u1ed1c Trung t\u00e2m V\u0103n h\u00f3a th\u1ec3 thao TP H\u1ed9i An (Qu\u1ea3ng Nam), v\u1eeba cho bi\u1ebft \u0111\u1ec3 ph\u1ee5c v\u1ee5 cu\u1ed9c thi h\u1ee3p x\u01b0\u1edbng qu\u1ed1c t\u1ebf l\u1ea7n 3 s\u1ebd di\u1ec5n ra trong ch\u01b0\u01a1ng tr\u00ecnh Festival di s\u1ea3n Qu\u1ea3ng&#8230;<\/p>\n","protected":false},"author":3,"featured_media":9351,"comment_status":"closed","ping_status":"open","sticky":false,"template":"","format":"standard","meta":{"_acf_changed":false,"footnotes":""},"categories":[796],"tags":[45538,6543,2561,2699,6541,6542,6544],"acf":[],"yoast_head":"<!-- This site is optimized with the Yoast SEO Premium plugin v22.6 (Yoast SEO v22.6) - https:\/\/yoast.com\/wordpress\/plugins\/seo\/ -->\n<title>H\u1ed9i An s\u1eafp \u0111\u00f3n ch\u00e0o nh\u00e0 h\u00e1t ngo\u00e0i tr\u1eddi 15 t\u1ec9 \u0111\u1ed3ng<\/title>\n<meta name=\"description\" content=\"D\u1ef1 ki\u1ebfn th\u00e1ng 6 n\u00e0y c\u00f4ng tr\u00ecnh nh\u00e0 h\u00e1t ngo\u00e0i tr\u1eddi \u1edf H\u1ed9i An s\u1ebd ho\u00e0n th\u00e0nh, \u0111\u00fang d\u1ecbp Festival di s\u1ea3n Qu\u1ea3ng Nam 2013.\" \/>\n<meta name=\"robots\" content=\"index, follow, max-snippet:-1, max-image-preview:large, max-video-preview:-1\" \/>\n<link rel=\"canonical\" href=\"https:\/\/www.ivivu.com\/blog\/2013\/03\/hoi-an-sap-don-chao-nha-hat-ngoai-troi-tri-gia-15-ti-dong\/\" \/>\n<meta name=\"twitter:label1\" content=\"\u0110\u01b0\u1ee3c vi\u1ebft b\u1edfi\" \/>\n\t<meta name=\"twitter:data1\" content=\"iVIVU.com\" \/>\n\t<meta name=\"twitter:label2\" content=\"\u01af\u1edbc t\u00ednh th\u1eddi gian \u0111\u1ecdc\" \/>\n\t<meta name=\"twitter:data2\" content=\"3 ph\u00fat\" \/>\n<script type=\"application\/ld+json\" class=\"yoast-schema-graph\">{\"@context\":\"https:\/\/schema.org\",\"@graph\":[{\"@type\":\"Article\",\"@id\":\"https:\/\/www.ivivu.com\/blog\/2013\/03\/hoi-an-sap-don-chao-nha-hat-ngoai-troi-tri-gia-15-ti-dong\/#article\",\"isPartOf\":{\"@id\":\"https:\/\/www.ivivu.com\/blog\/2013\/03\/hoi-an-sap-don-chao-nha-hat-ngoai-troi-tri-gia-15-ti-dong\/\"},\"author\":{\"name\":\"iVIVU.com\",\"@id\":\"https:\/\/www.ivivu.com\/blog\/#\/schema\/person\/607d4d3c83f947c4656feb13ec341661\"},\"headline\":\"H\u1ed9i An s\u1eafp \u0111\u00f3n ch\u00e0o nh\u00e0 h\u00e1t ngo\u00e0i tr\u1eddi tr\u1ecb gi\u00e1 15 t\u1ec9 \u0111\u1ed3ng\",\"datePublished\":\"2013-03-15T03:24:02+00:00\",\"dateModified\":\"2014-01-02T08:10:43+00:00\",\"mainEntityOfPage\":{\"@id\":\"https:\/\/www.ivivu.com\/blog\/2013\/03\/hoi-an-sap-don-chao-nha-hat-ngoai-troi-tri-gia-15-ti-dong\/\"},\"wordCount\":619,\"publisher\":{\"@id\":\"https:\/\/www.ivivu.com\/blog\/#organization\"},\"image\":{\"@id\":\"https:\/\/www.ivivu.com\/blog\/2013\/03\/hoi-an-sap-don-chao-nha-hat-ngoai-troi-tri-gia-15-ti-dong\/#primaryimage\"},\"thumbnailUrl\":\"https:\/\/cdn3.ivivu.com\/2013\/03\/Hoi-An.jpg\",\"keywords\":[\"Du l\u1ecbch H\u1ed9i An\",\"\u0111\u1eb7c s\u1eafc H\u1ed9i An\",\"Festival Di s\u1ea3n Qu\u1ea3ng Nam 2013\",\"kh\u00e1ch s\u1ea1n h\u1ed9i an\",\"nh\u00e0 h\u00e1t ngo\u00e0i tr\u1eddi H\u1ed9i An\",\"qu\u1ea3ng tr\u01b0\u1eddng S\u00f4ng Ho\u00e0i\",\"v\u0103n h\u00f3a H\u1ed9i An\"],\"articleSection\":[\"Mu\u00f4n M\u00e0u\"],\"inLanguage\":\"vi\"},{\"@type\":\"WebPage\",\"@id\":\"https:\/\/www.ivivu.com\/blog\/2013\/03\/hoi-an-sap-don-chao-nha-hat-ngoai-troi-tri-gia-15-ti-dong\/\",\"url\":\"https:\/\/www.ivivu.com\/blog\/2013\/03\/hoi-an-sap-don-chao-nha-hat-ngoai-troi-tri-gia-15-ti-dong\/\",\"name\":\"H\u1ed9i An s\u1eafp \u0111\u00f3n ch\u00e0o nh\u00e0 h\u00e1t ngo\u00e0i tr\u1eddi 15 t\u1ec9 \u0111\u1ed3ng\",\"isPartOf\":{\"@id\":\"https:\/\/www.ivivu.com\/blog\/#website\"},\"primaryImageOfPage\":{\"@id\":\"https:\/\/www.ivivu.com\/blog\/2013\/03\/hoi-an-sap-don-chao-nha-hat-ngoai-troi-tri-gia-15-ti-dong\/#primaryimage\"},\"image\":{\"@id\":\"https:\/\/www.ivivu.com\/blog\/2013\/03\/hoi-an-sap-don-chao-nha-hat-ngoai-troi-tri-gia-15-ti-dong\/#primaryimage\"},\"thumbnailUrl\":\"https:\/\/cdn3.ivivu.com\/2013\/03\/Hoi-An.jpg\",\"datePublished\":\"2013-03-15T03:24:02+00:00\",\"dateModified\":\"2014-01-02T08:10:43+00:00\",\"description\":\"D\u1ef1 ki\u1ebfn th\u00e1ng 6 n\u00e0y c\u00f4ng tr\u00ecnh nh\u00e0 h\u00e1t ngo\u00e0i tr\u1eddi \u1edf H\u1ed9i An s\u1ebd ho\u00e0n th\u00e0nh, \u0111\u00fang d\u1ecbp Festival di s\u1ea3n Qu\u1ea3ng Nam 2013.\",\"breadcrumb\":{\"@id\":\"https:\/\/www.ivivu.com\/blog\/2013\/03\/hoi-an-sap-don-chao-nha-hat-ngoai-troi-tri-gia-15-ti-dong\/#breadcrumb\"},\"inLanguage\":\"vi\",\"potentialAction\":[{\"@type\":\"ReadAction\",\"target\":[\"https:\/\/www.ivivu.com\/blog\/2013\/03\/hoi-an-sap-don-chao-nha-hat-ngoai-troi-tri-gia-15-ti-dong\/\"]}]},{\"@type\":\"ImageObject\",\"inLanguage\":\"vi\",\"@id\":\"https:\/\/www.ivivu.com\/blog\/2013\/03\/hoi-an-sap-don-chao-nha-hat-ngoai-troi-tri-gia-15-ti-dong\/#primaryimage\",\"url\":\"https:\/\/cdn3.ivivu.com\/2013\/03\/Hoi-An.jpg\",\"contentUrl\":\"https:\/\/cdn3.ivivu.com\/2013\/03\/Hoi-An.jpg\",\"width\":540,\"height\":305,\"caption\":\"H\u1ed9i An\"},{\"@type\":\"BreadcrumbList\",\"@id\":\"https:\/\/www.ivivu.com\/blog\/2013\/03\/hoi-an-sap-don-chao-nha-hat-ngoai-troi-tri-gia-15-ti-dong\/#breadcrumb\",\"itemListElement\":[{\"@type\":\"ListItem\",\"position\":1,\"name\":\"Home\",\"item\":\"https:\/\/www.ivivu.com\/blog\/\"},{\"@type\":\"ListItem\",\"position\":2,\"name\":\"H\u1ed9i An s\u1eafp \u0111\u00f3n ch\u00e0o nh\u00e0 h\u00e1t ngo\u00e0i tr\u1eddi tr\u1ecb gi\u00e1 15 t\u1ec9 \u0111\u1ed3ng\"}]},{\"@type\":\"WebSite\",\"@id\":\"https:\/\/www.ivivu.com\/blog\/#website\",\"url\":\"https:\/\/www.ivivu.com\/blog\/\",\"name\":\"C\u1ea9m nang du l\u1ecbch\",\"description\":\"\",\"publisher\":{\"@id\":\"https:\/\/www.ivivu.com\/blog\/#organization\"},\"potentialAction\":[{\"@type\":\"SearchAction\",\"target\":{\"@type\":\"EntryPoint\",\"urlTemplate\":\"https:\/\/www.ivivu.com\/blog\/?s={search_term_string}\"},\"query-input\":\"required name=search_term_string\"}],\"inLanguage\":\"vi\"},{\"@type\":\"Organization\",\"@id\":\"https:\/\/www.ivivu.com\/blog\/#organization\",\"name\":\"iVIVU.com\",\"url\":\"https:\/\/www.ivivu.com\/blog\/\",\"logo\":{\"@type\":\"ImageObject\",\"inLanguage\":\"vi\",\"@id\":\"https:\/\/www.ivivu.com\/blog\/#\/schema\/logo\/image\/\",\"url\":\"https:\/\/cdn3.ivivu.com\/2024\/01\/ivivu_no_slogan.png\",\"contentUrl\":\"https:\/\/cdn3.ivivu.com\/2024\/01\/ivivu_no_slogan.png\",\"width\":788,\"height\":565,\"caption\":\"iVIVU.com\"},\"image\":{\"@id\":\"https:\/\/www.ivivu.com\/blog\/#\/schema\/logo\/image\/\"},\"sameAs\":[\"https:\/\/www.facebook.com\/iVIVU\"]},{\"@type\":\"Person\",\"@id\":\"https:\/\/www.ivivu.com\/blog\/#\/schema\/person\/607d4d3c83f947c4656feb13ec341661\",\"name\":\"iVIVU.com\",\"description\":\"C\u1ea9m nang du l\u1ecbch \u2013 C\u00f9ng iVIVU - Trang th\u00f4ng tin du l\u1ecbch c\u1ee7a H\u1ec7 th\u1ed1ng \u0111\u1eb7t ph\u00f2ng kh\u00e1ch s\u1ea1n tr\u1ef1c tuy\u1ebfn iVIVU.com. Chia s\u1ebb th\u00f4ng tin h\u1eefu \u00edch v\u1ec1 du l\u1ecbch, v\u0103n h\u00f3a, \u1ea9m th\u1ef1c, c\u00e1c s\u1ef1 ki\u1ec7n vui ch\u01a1i gi\u1ea3i tr\u00ed kh\u1eafp n\u01a1i tr\u00ean th\u1ebf gi\u1edbi.\",\"sameAs\":[\"https:\/\/www.ivivu.com\"],\"url\":\"https:\/\/www.ivivu.com\/blog\/author\/meovivu\/\"}]}<\/script>\n<!-- \/ Yoast SEO Premium plugin. -->","yoast_head_json":{"title":"H\u1ed9i An s\u1eafp \u0111\u00f3n ch\u00e0o nh\u00e0 h\u00e1t ngo\u00e0i tr\u1eddi 15 t\u1ec9 \u0111\u1ed3ng","description":"D\u1ef1 ki\u1ebfn th\u00e1ng 6 n\u00e0y c\u00f4ng tr\u00ecnh nh\u00e0 h\u00e1t ngo\u00e0i tr\u1eddi \u1edf H\u1ed9i An s\u1ebd ho\u00e0n th\u00e0nh, \u0111\u00fang d\u1ecbp Festival di s\u1ea3n Qu\u1ea3ng Nam 2013.","robots":{"index":"index","follow":"follow","max-snippet":"max-snippet:-1","max-image-preview":"max-image-preview:large","max-video-preview":"max-video-preview:-1"},"canonical":"https:\/\/www.ivivu.com\/blog\/2013\/03\/hoi-an-sap-don-chao-nha-hat-ngoai-troi-tri-gia-15-ti-dong\/","twitter_misc":{"\u0110\u01b0\u1ee3c vi\u1ebft b\u1edfi":"iVIVU.com","\u01af\u1edbc t\u00ednh th\u1eddi gian \u0111\u1ecdc":"3 ph\u00fat"},"schema":{"@context":"https:\/\/schema.org","@graph":[{"@type":"Article","@id":"https:\/\/www.ivivu.com\/blog\/2013\/03\/hoi-an-sap-don-chao-nha-hat-ngoai-troi-tri-gia-15-ti-dong\/#article","isPartOf":{"@id":"https:\/\/www.ivivu.com\/blog\/2013\/03\/hoi-an-sap-don-chao-nha-hat-ngoai-troi-tri-gia-15-ti-dong\/"},"author":{"name":"iVIVU.com","@id":"https:\/\/www.ivivu.com\/blog\/#\/schema\/person\/607d4d3c83f947c4656feb13ec341661"},"headline":"H\u1ed9i An s\u1eafp \u0111\u00f3n ch\u00e0o nh\u00e0 h\u00e1t ngo\u00e0i tr\u1eddi tr\u1ecb gi\u00e1 15 t\u1ec9 \u0111\u1ed3ng","datePublished":"2013-03-15T03:24:02+00:00","dateModified":"2014-01-02T08:10:43+00:00","mainEntityOfPage":{"@id":"https:\/\/www.ivivu.com\/blog\/2013\/03\/hoi-an-sap-don-chao-nha-hat-ngoai-troi-tri-gia-15-ti-dong\/"},"wordCount":619,"publisher":{"@id":"https:\/\/www.ivivu.com\/blog\/#organization"},"image":{"@id":"https:\/\/www.ivivu.com\/blog\/2013\/03\/hoi-an-sap-don-chao-nha-hat-ngoai-troi-tri-gia-15-ti-dong\/#primaryimage"},"thumbnailUrl":"https:\/\/cdn3.ivivu.com\/2013\/03\/Hoi-An.jpg","keywords":["Du l\u1ecbch H\u1ed9i An","\u0111\u1eb7c s\u1eafc H\u1ed9i An","Festival Di s\u1ea3n Qu\u1ea3ng Nam 2013","kh\u00e1ch s\u1ea1n h\u1ed9i an","nh\u00e0 h\u00e1t ngo\u00e0i tr\u1eddi H\u1ed9i An","qu\u1ea3ng tr\u01b0\u1eddng S\u00f4ng Ho\u00e0i","v\u0103n h\u00f3a H\u1ed9i An"],"articleSection":["Mu\u00f4n M\u00e0u"],"inLanguage":"vi"},{"@type":"WebPage","@id":"https:\/\/www.ivivu.com\/blog\/2013\/03\/hoi-an-sap-don-chao-nha-hat-ngoai-troi-tri-gia-15-ti-dong\/","url":"https:\/\/www.ivivu.com\/blog\/2013\/03\/hoi-an-sap-don-chao-nha-hat-ngoai-troi-tri-gia-15-ti-dong\/","name":"H\u1ed9i An s\u1eafp \u0111\u00f3n ch\u00e0o nh\u00e0 h\u00e1t ngo\u00e0i tr\u1eddi 15 t\u1ec9 \u0111\u1ed3ng","isPartOf":{"@id":"https:\/\/www.ivivu.com\/blog\/#website"},"primaryImageOfPage":{"@id":"https:\/\/www.ivivu.com\/blog\/2013\/03\/hoi-an-sap-don-chao-nha-hat-ngoai-troi-tri-gia-15-ti-dong\/#primaryimage"},"image":{"@id":"https:\/\/www.ivivu.com\/blog\/2013\/03\/hoi-an-sap-don-chao-nha-hat-ngoai-troi-tri-gia-15-ti-dong\/#primaryimage"},"thumbnailUrl":"https:\/\/cdn3.ivivu.com\/2013\/03\/Hoi-An.jpg","datePublished":"2013-03-15T03:24:02+00:00","dateModified":"2014-01-02T08:10:43+00:00","description":"D\u1ef1 ki\u1ebfn th\u00e1ng 6 n\u00e0y c\u00f4ng tr\u00ecnh nh\u00e0 h\u00e1t ngo\u00e0i tr\u1eddi \u1edf H\u1ed9i An s\u1ebd ho\u00e0n th\u00e0nh, \u0111\u00fang d\u1ecbp Festival di s\u1ea3n Qu\u1ea3ng Nam 2013.","breadcrumb":{"@id":"https:\/\/www.ivivu.com\/blog\/2013\/03\/hoi-an-sap-don-chao-nha-hat-ngoai-troi-tri-gia-15-ti-dong\/#breadcrumb"},"inLanguage":"vi","potentialAction":[{"@type":"ReadAction","target":["https:\/\/www.ivivu.com\/blog\/2013\/03\/hoi-an-sap-don-chao-nha-hat-ngoai-troi-tri-gia-15-ti-dong\/"]}]},{"@type":"ImageObject","inLanguage":"vi","@id":"https:\/\/www.ivivu.com\/blog\/2013\/03\/hoi-an-sap-don-chao-nha-hat-ngoai-troi-tri-gia-15-ti-dong\/#primaryimage","url":"https:\/\/cdn3.ivivu.com\/2013\/03\/Hoi-An.jpg","contentUrl":"https:\/\/cdn3.ivivu.com\/2013\/03\/Hoi-An.jpg","width":540,"height":305,"caption":"H\u1ed9i An"},{"@type":"BreadcrumbList","@id":"https:\/\/www.ivivu.com\/blog\/2013\/03\/hoi-an-sap-don-chao-nha-hat-ngoai-troi-tri-gia-15-ti-dong\/#breadcrumb","itemListElement":[{"@type":"ListItem","position":1,"name":"Home","item":"https:\/\/www.ivivu.com\/blog\/"},{"@type":"ListItem","position":2,"name":"H\u1ed9i An s\u1eafp \u0111\u00f3n ch\u00e0o nh\u00e0 h\u00e1t ngo\u00e0i tr\u1eddi tr\u1ecb gi\u00e1 15 t\u1ec9 \u0111\u1ed3ng"}]},{"@type":"WebSite","@id":"https:\/\/www.ivivu.com\/blog\/#website","url":"https:\/\/www.ivivu.com\/blog\/","name":"C\u1ea9m nang du l\u1ecbch","description":"","publisher":{"@id":"https:\/\/www.ivivu.com\/blog\/#organization"},"potentialAction":[{"@type":"SearchAction","target":{"@type":"EntryPoint","urlTemplate":"https:\/\/www.ivivu.com\/blog\/?s={search_term_string}"},"query-input":"required name=search_term_string"}],"inLanguage":"vi"},{"@type":"Organization","@id":"https:\/\/www.ivivu.com\/blog\/#organization","name":"iVIVU.com","url":"https:\/\/www.ivivu.com\/blog\/","logo":{"@type":"ImageObject","inLanguage":"vi","@id":"https:\/\/www.ivivu.com\/blog\/#\/schema\/logo\/image\/","url":"https:\/\/cdn3.ivivu.com\/2024\/01\/ivivu_no_slogan.png","contentUrl":"https:\/\/cdn3.ivivu.com\/2024\/01\/ivivu_no_slogan.png","width":788,"height":565,"caption":"iVIVU.com"},"image":{"@id":"https:\/\/www.ivivu.com\/blog\/#\/schema\/logo\/image\/"},"sameAs":["https:\/\/www.facebook.com\/iVIVU"]},{"@type":"Person","@id":"https:\/\/www.ivivu.com\/blog\/#\/schema\/person\/607d4d3c83f947c4656feb13ec341661","name":"iVIVU.com","description":"C\u1ea9m nang du l\u1ecbch \u2013 C\u00f9ng iVIVU - Trang th\u00f4ng tin du l\u1ecbch c\u1ee7a H\u1ec7 th\u1ed1ng \u0111\u1eb7t ph\u00f2ng kh\u00e1ch s\u1ea1n tr\u1ef1c tuy\u1ebfn iVIVU.com. Chia s\u1ebb th\u00f4ng tin h\u1eefu \u00edch v\u1ec1 du l\u1ecbch, v\u0103n h\u00f3a, \u1ea9m th\u1ef1c, c\u00e1c s\u1ef1 ki\u1ec7n vui ch\u01a1i gi\u1ea3i tr\u00ed kh\u1eafp n\u01a1i tr\u00ean th\u1ebf gi\u1edbi.","sameAs":["https:\/\/www.ivivu.com"],"url":"https:\/\/www.ivivu.com\/blog\/author\/meovivu\/"}]}},"_links":{"self":[{"href":"https:\/\/www.ivivu.com\/blog\/wp-json\/wp\/v2\/posts\/9349"}],"collection":[{"href":"https:\/\/www.ivivu.com\/blog\/wp-json\/wp\/v2\/posts"}],"about":[{"href":"https:\/\/www.ivivu.com\/blog\/wp-json\/wp\/v2\/types\/post"}],"author":[{"embeddable":true,"href":"https:\/\/www.ivivu.com\/blog\/wp-json\/wp\/v2\/users\/3"}],"replies":[{"embeddable":true,"href":"https:\/\/www.ivivu.com\/blog\/wp-json\/wp\/v2\/comments?post=9349"}],"version-history":[{"count":8,"href":"https:\/\/www.ivivu.com\/blog\/wp-json\/wp\/v2\/posts\/9349\/revisions"}],"predecessor-version":[{"id":29666,"href":"https:\/\/www.ivivu.com\/blog\/wp-json\/wp\/v2\/posts\/9349\/revisions\/29666"}],"wp:featuredmedia":[{"embeddable":true,"href":"https:\/\/www.ivivu.com\/blog\/wp-json\/wp\/v2\/media\/9351"}],"wp:attachment":[{"href":"https:\/\/www.ivivu.com\/blog\/wp-json\/wp\/v2\/media?parent=9349"}],"wp:term":[{"taxonomy":"category","embeddable":true,"href":"https:\/\/www.ivivu.com\/blog\/wp-json\/wp\/v2\/categories?post=9349"},{"taxonomy":"post_tag","embeddable":true,"href":"https:\/\/www.ivivu.com\/blog\/wp-json\/wp\/v2\/tags?post=9349"}],"curies":[{"name":"wp","href":"https:\/\/api.w.org\/{rel}","templated":true}]}}